{"id":38038,"date":"2021-09-30T12:06:19","date_gmt":"2021-09-30T10:06:19","guid":{"rendered":"https:\/\/www.estudidelmoble.com\/nombramiento-de-monica-piera-como-academica-de-la-reial-academia-catalana-de-belles-arts-de-sant-jordi\/"},"modified":"2022-01-05T11:01:50","modified_gmt":"2022-01-05T09:01:50","slug":"nombramiento-de-monica-piera-como-academica-de-la-reial-academia-catalana-de-belles-arts-de-sant-jordi","status":"publish","type":"post","link":"https:\/\/www.estudidelmoble.com\/es\/nombramiento-de-monica-piera-como-academica-de-la-reial-academia-catalana-de-belles-arts-de-sant-jordi\/","title":{"rendered":"Nombramiento de M\u00f3nica Piera como acad\u00e9mica de la Reial Acad\u00e8mia Catalana de Belles Arts de Sant Jordi"},"content":{"rendered":"\t\t<div data-elementor-type=\"wp-post\" data-elementor-id=\"38038\" class=\"elementor elementor-38038 elementor-32426\" data-elementor-post-type=\"post\">\n\t\t\t\t\t\t<section class=\"elementor-section elementor-top-section elementor-element elementor-element-385e47e elementor-section-boxed elementor-section-height-default elementor-section-height-default\" data-id=\"385e47e\" data-element_type=\"section\" data-e-type=\"section\">\n\t\t\t\t\t\t<div class=\"elementor-container elementor-column-gap-default\">\n\t\t\t\t\t<div class=\"elementor-column elementor-col-100 elementor-top-column elementor-element elementor-element-47ecd28\" data-id=\"47ecd28\" data-element_type=\"column\" data-e-type=\"column\">\n\t\t\t<div class=\"elementor-widget-wrap elementor-element-populated\">\n\t\t\t\t\t\t<div class=\"elementor-element elementor-element-1e5f806 elementor-widget elementor-widget-heading\" data-id=\"1e5f806\" data-element_type=\"widget\" data-e-type=\"widget\" data-widget_type=\"heading.default\">\n\t\t\t\t\t<h1 class=\"elementor-heading-title elementor-size-default\">Nombramiento de M\u00f3nica Piera &lt;br<\/h1>\t\t\t\t<\/div>\n\t\t\t\t<div class=\"elementor-element elementor-element-8f5050c elementor-widget elementor-widget-heading\" data-id=\"8f5050c\" data-element_type=\"widget\" data-e-type=\"widget\" data-widget_type=\"heading.default\">\n\t\t\t\t\t<h2 class=\"elementor-heading-title elementor-size-default\">Acad\u00e9mica de la Reial Acad\u00e8mia Catalana de Belles Arts de Sant Jordi<\/h2>\t\t\t\t<\/div>\n\t\t\t\t\t<\/div>\n\t\t<\/div>\n\t\t\t\t\t<\/div>\n\t\t<\/section>\n\t\t\t\t<section class=\"elementor-section elementor-top-section elementor-element elementor-element-0c4b636 elementor-section-boxed elementor-section-height-default elementor-section-height-default\" data-id=\"0c4b636\" data-element_type=\"section\" data-e-type=\"section\">\n\t\t\t\t\t\t<div class=\"elementor-container elementor-column-gap-default\">\n\t\t\t\t\t<div class=\"elementor-column elementor-col-100 elementor-top-column elementor-element elementor-element-5368803\" data-id=\"5368803\" data-element_type=\"column\" data-e-type=\"column\">\n\t\t\t<div class=\"elementor-widget-wrap elementor-element-populated\">\n\t\t\t\t\t\t<div class=\"elementor-element elementor-element-61f8a45 elementor-widget elementor-widget-spacer\" data-id=\"61f8a45\" data-element_type=\"widget\" data-e-type=\"widget\" data-widget_type=\"spacer.default\">\n\t\t\t\t\t\t\t<div class=\"elementor-spacer\">\n\t\t\t<div class=\"elementor-spacer-inner\"><\/div>\n\t\t<\/div>\n\t\t\t\t\t\t<\/div>\n\t\t\t\t<div class=\"elementor-element elementor-element-0552cbd elementor-widget elementor-widget-image\" data-id=\"0552cbd\" data-element_type=\"widget\" data-e-type=\"widget\" data-widget_type=\"image.default\">\n\t\t\t\t\t\t\t\t\t\t\t\t\t\t\t<img fetchpriority=\"high\" decoding=\"async\" width=\"768\" height=\"1024\" src=\"https:\/\/www.estudidelmoble.com\/wp-content\/uploads\/2021\/09\/WhatsApp-Image-2021-09-16-at-01.37.41-2.jpeg\" class=\"attachment-medium_large size-medium_large wp-image-32434\" alt=\"\" srcset=\"https:\/\/www.estudidelmoble.com\/wp-content\/uploads\/2021\/09\/WhatsApp-Image-2021-09-16-at-01.37.41-2.jpeg 768w, https:\/\/www.estudidelmoble.com\/wp-content\/uploads\/2021\/09\/WhatsApp-Image-2021-09-16-at-01.37.41-2-600x800.jpeg 600w, https:\/\/www.estudidelmoble.com\/wp-content\/uploads\/2021\/09\/WhatsApp-Image-2021-09-16-at-01.37.41-2-225x300.jpeg 225w\" sizes=\"(max-width: 768px) 100vw, 768px\" \/>\t\t\t\t\t\t\t\t\t\t\t\t\t\t\t<\/div>\n\t\t\t\t<div class=\"elementor-element elementor-element-7027004 elementor-widget elementor-widget-read-more\" data-id=\"7027004\" data-element_type=\"widget\" data-e-type=\"widget\" data-widget_type=\"read-more.default\">\n\t\t\t\t\t<\/div><\/div><\/div><\/div><\/section><\/div> <a href=\"https:\/\/www.estudidelmoble.com\/es\/nombramiento-de-monica-piera-como-academica-de-la-reial-academia-catalana-de-belles-arts-de-sant-jordi\/#more-38038\" class=\"more-link elementor-more-link\"><span aria-label=\"Sigue leyendo Nombramiento de M\u00f3nica Piera como acad\u00e9mica de la Reial Acad\u00e8mia Catalana de Belles Arts de Sant Jordi\">Continua llegint<\/span><\/a>","protected":false},"excerpt":{"rendered":"<p>La Dra. M\u00f3nica Piera Miquel tom\u00f3 posesi\u00f3n de su nuevo cargo como acad\u00e9mica de la Reial Acad\u00e8mia Catalana de Belles Arts de Sant Jordi el d\u00eda 15 de septiembre de 2021.<\/p>\n","protected":false},"author":86,"featured_media":32438,"comment_status":"closed","ping_status":"closed","sticky":false,"template":"","format":"standard","meta":{"_acf_changed":false,"footnotes":""},"categories":[28],"tags":[340,1085,388],"class_list":["post-38038","post","type-post","status-publish","format-standard","has-post-thumbnail","hentry","category-blog-es","tag-expertos-es","tag-historiadelmueble-es","tag-prensa-es"],"acf":[],"_links":{"self":[{"href":"https:\/\/www.estudidelmoble.com\/es\/wp-json\/wp\/v2\/posts\/38038","targetHints":{"allow":["GET"]}}],"collection":[{"href":"https:\/\/www.estudidelmoble.com\/es\/wp-json\/wp\/v2\/posts"}],"about":[{"href":"https:\/\/www.estudidelmoble.com\/es\/wp-json\/wp\/v2\/types\/post"}],"author":[{"embeddable":true,"href":"https:\/\/www.estudidelmoble.com\/es\/wp-json\/wp\/v2\/users\/86"}],"replies":[{"embeddable":true,"href":"https:\/\/www.estudidelmoble.com\/es\/wp-json\/wp\/v2\/comments?post=38038"}],"version-history":[{"count":0,"href":"https:\/\/www.estudidelmoble.com\/es\/wp-json\/wp\/v2\/posts\/38038\/revisions"}],"wp:featuredmedia":[{"embeddable":true,"href":"https:\/\/www.estudidelmoble.com\/es\/wp-json\/wp\/v2\/media\/32438"}],"wp:attachment":[{"href":"https:\/\/www.estudidelmoble.com\/es\/wp-json\/wp\/v2\/media?parent=38038"}],"wp:term":[{"taxonomy":"category","embeddable":true,"href":"https:\/\/www.estudidelmoble.com\/es\/wp-json\/wp\/v2\/categories?post=38038"},{"taxonomy":"post_tag","embeddable":true,"href":"https:\/\/www.estudidelmoble.com\/es\/wp-json\/wp\/v2\/tags?post=38038"}],"curies":[{"name":"wp","href":"https:\/\/api.w.org\/{rel}","templated":true}]}}