{"id":38053,"date":"2021-07-29T12:27:04","date_gmt":"2021-07-29T10:27:04","guid":{"rendered":"https:\/\/www.estudidelmoble.com\/catalogacion-de-los-muebles-de-can-mercader\/"},"modified":"2022-01-11T16:23:51","modified_gmt":"2022-01-11T14:23:51","slug":"catalogacion-de-los-muebles-de-can-mercader","status":"publish","type":"post","link":"https:\/\/www.estudidelmoble.com\/es\/catalogacion-de-los-muebles-de-can-mercader\/","title":{"rendered":"Catalogaci\u00f3n de los muebles de Can Mercader"},"content":{"rendered":"\t\t<div data-elementor-type=\"wp-post\" data-elementor-id=\"38053\" class=\"elementor elementor-38053 elementor-31303\" data-elementor-post-type=\"post\">\n\t\t\t\t\t\t<section class=\"elementor-section elementor-top-section elementor-element elementor-element-444e955 elementor-section-boxed elementor-section-height-default elementor-section-height-default\" data-id=\"444e955\" data-element_type=\"section\" data-e-type=\"section\">\n\t\t\t\t\t\t<div class=\"elementor-container elementor-column-gap-default\">\n\t\t\t\t\t<div class=\"elementor-column elementor-col-100 elementor-top-column elementor-element elementor-element-fb62a84\" data-id=\"fb62a84\" data-element_type=\"column\" data-e-type=\"column\">\n\t\t\t<div class=\"elementor-widget-wrap elementor-element-populated\">\n\t\t\t\t\t\t<div class=\"elementor-element elementor-element-ceba1b7 elementor-widget elementor-widget-heading\" data-id=\"ceba1b7\" data-element_type=\"widget\" data-e-type=\"widget\" data-widget_type=\"heading.default\">\n\t\t\t\t\t<h1 class=\"elementor-heading-title elementor-size-default\">Catalogaci\u00f3n de los muebles de Can Mercader<\/h1>\t\t\t\t<\/div>\n\t\t\t\t<div class=\"elementor-element elementor-element-82882f1 elementor-widget elementor-widget-heading\" data-id=\"82882f1\" data-element_type=\"widget\" data-e-type=\"widget\" data-widget_type=\"heading.default\">\n\t\t\t\t\t<h2 class=\"elementor-heading-title elementor-size-default\">Alumnos de las pr\u00e1cticas<\/h2>\t\t\t\t<\/div>\n\t\t\t\t\t<\/div>\n\t\t<\/div>\n\t\t\t\t\t<\/div>\n\t\t<\/section>\n\t\t\t\t<section class=\"elementor-section elementor-top-section elementor-element elementor-element-d3e8dfa elementor-section-boxed elementor-section-height-default elementor-section-height-default\" data-id=\"d3e8dfa\" data-element_type=\"section\" data-e-type=\"section\">\n\t\t\t\t\t\t<div class=\"elementor-container elementor-column-gap-default\">\n\t\t\t\t\t<div class=\"elementor-column elementor-col-100 elementor-top-column elementor-element elementor-element-127f8ca\" data-id=\"127f8ca\" data-element_type=\"column\" data-e-type=\"column\">\n\t\t\t<div class=\"elementor-widget-wrap elementor-element-populated\">\n\t\t\t\t\t\t<div class=\"elementor-element elementor-element-7ef1f79 elementor-widget elementor-widget-spacer\" data-id=\"7ef1f79\" data-element_type=\"widget\" data-e-type=\"widget\" data-widget_type=\"spacer.default\">\n\t\t\t\t\t\t\t<div class=\"elementor-spacer\">\n\t\t\t<div class=\"elementor-spacer-inner\"><\/div>\n\t\t<\/div>\n\t\t\t\t\t\t<\/div>\n\t\t\t\t<div class=\"elementor-element elementor-element-e70e315 elementor-widget elementor-widget-image\" data-id=\"e70e315\" data-element_type=\"widget\" data-e-type=\"widget\" data-widget_type=\"image.default\">\n\t\t\t\t\t\t\t\t\t\t\t\t\t\t\t<img fetchpriority=\"high\" decoding=\"async\" width=\"768\" height=\"768\" src=\"https:\/\/www.estudidelmoble.com\/wp-content\/uploads\/2021\/07\/Can-Mercader-1-768x768.jpg\" class=\"attachment-medium_large size-medium_large wp-image-31311\" alt=\"\" srcset=\"https:\/\/www.estudidelmoble.com\/wp-content\/uploads\/2021\/07\/Can-Mercader-1-768x768.jpg 768w, https:\/\/www.estudidelmoble.com\/wp-content\/uploads\/2021\/07\/Can-Mercader-1-scaled-300x300.jpg 300w, https:\/\/www.estudidelmoble.com\/wp-content\/uploads\/2021\/07\/Can-Mercader-1-scaled-100x100.jpg 100w, https:\/\/www.estudidelmoble.com\/wp-content\/uploads\/2021\/07\/Can-Mercader-1-scaled-600x600.jpg 600w, https:\/\/www.estudidelmoble.com\/wp-content\/uploads\/2021\/07\/Can-Mercader-1-1024x1024.jpg 1024w, https:\/\/www.estudidelmoble.com\/wp-content\/uploads\/2021\/07\/Can-Mercader-1-150x150.jpg 150w, https:\/\/www.estudidelmoble.com\/wp-content\/uploads\/2021\/07\/Can-Mercader-1-1536x1536.jpg 1536w, https:\/\/www.estudidelmoble.com\/wp-content\/uploads\/2021\/07\/Can-Mercader-1-2048x2048.jpg 2048w\" sizes=\"(max-width: 768px) 100vw, 768px\" \/>\t\t\t\t\t\t\t\t\t\t\t\t\t\t\t<\/div>\n\t\t\t\t\t<\/div>\n\t\t<\/div>\n\t\t\t\t\t<\/div>\n\t\t<\/section>\n\t\t\t\t<section class=\"elementor-section elementor-top-section elementor-element elementor-element-7c061a7 elementor-section-boxed elementor-section-height-default elementor-section-height-default\" data-id=\"7c061a7\" data-element_type=\"section\" data-e-type=\"section\">\n\t\t\t\t\t\t<div class=\"elementor-container elementor-column-gap-default\">\n\t\t\t\t\t<div class=\"elementor-column elementor-col-100 elementor-top-column elementor-element elementor-element-970af25\" data-id=\"970af25\" data-element_type=\"column\" data-e-type=\"column\">\n\t\t\t<div class=\"elementor-widget-wrap elementor-element-populated\">\n\t\t\t\t\t\t<div class=\"elementor-element elementor-element-09c6417 elementor-widget elementor-widget-text-editor\" data-id=\"09c6417\" data-element_type=\"widget\" data-e-type=\"widget\" data-widget_type=\"text-editor.default\">\n\t\t\t\t\t\t\t\t\t<p>El mes de julio de 2021, la Asociaci\u00f3n ha llevado a cabo un proyecto de catalogaci\u00f3n de los muebles del <a href=\"https:\/\/www.cornella.cat\/es\/vivir-en-cornella\/cornella-humana\/patrimonio-cultural\/museos\/museo-palau-mercader\" target=\"_blank\" rel=\"noopener\">Museu Palau Can Mercader<\/a>, con un grupo de alumnos en pr\u00e1cticas liderados por <a href=\"https:\/\/ub.academia.edu\/M%C3%B3nicaPiera\" target=\"_blank\" rel=\"noopener\">M\u00f3nica Piera<\/a><\/p>\n\t\t\t\t\t\t\t\t<\/div>\n\t\t\t\t\t<\/div>\n\t\t<\/div>\n\t\t\t\t\t<\/div>\n\t\t<\/section>\n\t\t\t\t<section class=\"elementor-section elementor-top-section elementor-element elementor-element-df56f51 elementor-section-boxed elementor-section-height-default elementor-section-height-default\" data-id=\"df56f51\" data-element_type=\"section\" data-e-type=\"section\">\n\t\t\t\t\t\t<div class=\"elementor-container elementor-column-gap-default\">\n\t\t\t\t\t<div class=\"elementor-column elementor-col-100 elementor-top-column elementor-element elementor-element-3291249\" data-id=\"3291249\" data-element_type=\"column\" data-e-type=\"column\">\n\t\t\t<div class=\"elementor-widget-wrap elementor-element-populated\">\n\t\t\t\t\t\t<div class=\"elementor-element elementor-element-d109641 elementor-widget elementor-widget-text-editor\" data-id=\"d109641\" data-element_type=\"widget\" data-e-type=\"widget\" data-widget_type=\"text-editor.default\">\n\t\t\t\t\t\t\t\t\t<p><span style=\"color: #8e2900;\">Alumnos de las pr\u00e1cticas de catalogaci\u00f3n de julio de la Asocicaci\u00f3n est\u00e1n estudiando en directo.<\/span><\/p>\n<p>El sal\u00f3n de baile del Museu Palau Mercader de Cornell\u00e0 procede de la casa que la familia ten\u00eda en el paseo de Gr\u00e0cia de Barcelona.<\/p>\n<p>De estilo \u00e1rabe fue realizado en la d\u00e9cada de 1870. La siller\u00eda de dise\u00f1o muy original y gran calidad fue realizada por Jos\u00e9 Reig.<\/p>\n\t\t\t\t\t\t\t\t<\/div>\n\t\t\t\t\t<\/div>\n\t\t<\/div>\n\t\t\t\t\t<\/div>\n\t\t<\/section>\n\t\t\t\t<section class=\"elementor-section elementor-top-section elementor-element elementor-element-8121ca8 elementor-section-boxed elementor-section-height-default elementor-section-height-default\" data-id=\"8121ca8\" data-element_type=\"section\" data-e-type=\"section\">\n\t\t\t\t\t\t<div class=\"elementor-container elementor-column-gap-default\">\n\t\t\t\t\t<div class=\"elementor-column elementor-col-50 elementor-top-column elementor-element elementor-element-c6ade87\" data-id=\"c6ade87\" data-element_type=\"column\" data-e-type=\"column\">\n\t\t\t<div class=\"elementor-widget-wrap elementor-element-populated\">\n\t\t\t\t\t\t<div class=\"elementor-element elementor-element-936fd01 elementor-widget elementor-widget-image\" data-id=\"936fd01\" data-element_type=\"widget\" data-e-type=\"widget\" data-widget_type=\"image.default\">\n\t\t\t\t\t\t\t\t\t\t\t\t\t\t\t<img decoding=\"async\" width=\"768\" height=\"768\" src=\"https:\/\/www.estudidelmoble.com\/wp-content\/uploads\/2021\/07\/Can-Mercader-2-768x768.jpg\" class=\"attachment-medium_large size-medium_large wp-image-31321\" alt=\"\" srcset=\"https:\/\/www.estudidelmoble.com\/wp-content\/uploads\/2021\/07\/Can-Mercader-2-768x768.jpg 768w, https:\/\/www.estudidelmoble.com\/wp-content\/uploads\/2021\/07\/Can-Mercader-2-scaled-300x300.jpg 300w, https:\/\/www.estudidelmoble.com\/wp-content\/uploads\/2021\/07\/Can-Mercader-2-scaled-100x100.jpg 100w, https:\/\/www.estudidelmoble.com\/wp-content\/uploads\/2021\/07\/Can-Mercader-2-scaled-600x600.jpg 600w, https:\/\/www.estudidelmoble.com\/wp-content\/uploads\/2021\/07\/Can-Mercader-2-1024x1024.jpg 1024w, https:\/\/www.estudidelmoble.com\/wp-content\/uploads\/2021\/07\/Can-Mercader-2-150x150.jpg 150w, https:\/\/www.estudidelmoble.com\/wp-content\/uploads\/2021\/07\/Can-Mercader-2-1536x1536.jpg 1536w, https:\/\/www.estudidelmoble.com\/wp-content\/uploads\/2021\/07\/Can-Mercader-2-2048x2048.jpg 2048w\" sizes=\"(max-width: 768px) 100vw, 768px\" \/>\t\t\t\t\t\t\t\t\t\t\t\t\t\t\t<\/div>\n\t\t\t\t\t<\/div>\n\t\t<\/div>\n\t\t\t\t<div class=\"elementor-column elementor-col-50 elementor-top-column elementor-element elementor-element-8d7f565\" data-id=\"8d7f565\" data-element_type=\"column\" data-e-type=\"column\">\n\t\t\t<div class=\"elementor-widget-wrap elementor-element-populated\">\n\t\t\t\t\t\t<div class=\"elementor-element elementor-element-00c51da elementor-widget elementor-widget-image\" data-id=\"00c51da\" data-element_type=\"widget\" data-e-type=\"widget\" data-widget_type=\"image.default\">\n\t\t\t\t\t\t\t\t\t\t\t\t\t\t\t<img decoding=\"async\" width=\"768\" height=\"768\" src=\"https:\/\/www.estudidelmoble.com\/wp-content\/uploads\/2021\/07\/Can-Mercader-4-768x768.jpg\" class=\"attachment-medium_large size-medium_large wp-image-31342\" alt=\"\" srcset=\"https:\/\/www.estudidelmoble.com\/wp-content\/uploads\/2021\/07\/Can-Mercader-4-768x768.jpg 768w, https:\/\/www.estudidelmoble.com\/wp-content\/uploads\/2021\/07\/Can-Mercader-4-scaled-300x300.jpg 300w, https:\/\/www.estudidelmoble.com\/wp-content\/uploads\/2021\/07\/Can-Mercader-4-scaled-100x100.jpg 100w, https:\/\/www.estudidelmoble.com\/wp-content\/uploads\/2021\/07\/Can-Mercader-4-scaled-600x600.jpg 600w, https:\/\/www.estudidelmoble.com\/wp-content\/uploads\/2021\/07\/Can-Mercader-4-1024x1024.jpg 1024w, https:\/\/www.estudidelmoble.com\/wp-content\/uploads\/2021\/07\/Can-Mercader-4-150x150.jpg 150w, https:\/\/www.estudidelmoble.com\/wp-content\/uploads\/2021\/07\/Can-Mercader-4-1536x1536.jpg 1536w, https:\/\/www.estudidelmoble.com\/wp-content\/uploads\/2021\/07\/Can-Mercader-4-2048x2048.jpg 2048w\" sizes=\"(max-width: 768px) 100vw, 768px\" \/>\t\t\t\t\t\t\t\t\t\t\t\t\t\t\t<\/div>\n\t\t\t\t\t<\/div>\n\t\t<\/div>\n\t\t\t\t\t<\/div>\n\t\t<\/section>\n\t\t\t\t<section class=\"elementor-section elementor-top-section elementor-element elementor-element-88cfe1e elementor-section-boxed elementor-section-height-default elementor-section-height-default\" data-id=\"88cfe1e\" data-element_type=\"section\" data-e-type=\"section\">\n\t\t\t\t\t\t<div class=\"elementor-container elementor-column-gap-default\">\n\t\t\t\t\t<div class=\"elementor-column elementor-col-100 elementor-top-column elementor-element elementor-element-5bfd206\" data-id=\"5bfd206\" data-element_type=\"column\" data-e-type=\"column\">\n\t\t\t<div class=\"elementor-widget-wrap elementor-element-populated\">\n\t\t\t\t\t\t<div class=\"elementor-element elementor-element-bc733b0 elementor-widget elementor-widget-text-editor\" data-id=\"bc733b0\" data-element_type=\"widget\" data-e-type=\"widget\" data-widget_type=\"text-editor.default\">\n\t\t\t\t\t\t\t\t\t<p><span style=\"color: #8e2900;\">Alumnos en pr\u00e1cticas<\/span><\/p><p>Semana de catalogaci\u00f3n de muebles con alumnos de <a href=\"https:\/\/www.estudidelmoble.com\/es\/historia-del-mueble-europeo-hasta-1900-aprende-practica-y-actua\/\" target=\"_blank\" rel=\"noopener\">Historia del mueble hasta 1900. Aprende, practica y act\u00faa en el Museo Can Mercader.<\/a><br \/><span style=\"color: #8e2900;\"><br \/>Vidrios policromados<\/span><br \/>Analizamos los tres escritorios barrocos napolitanos con vidrios pintados.<\/p>\t\t\t\t\t\t\t\t<\/div>\n\t\t\t\t\t<\/div>\n\t\t<\/div>\n\t\t\t\t\t<\/div>\n\t\t<\/section>\n\t\t\t\t<section class=\"elementor-section elementor-top-section elementor-element elementor-element-9c6c0df elementor-section-boxed elementor-section-height-default elementor-section-height-default\" data-id=\"9c6c0df\" data-element_type=\"section\" data-e-type=\"section\">\n\t\t\t\t\t\t<div class=\"elementor-container elementor-column-gap-default\">\n\t\t\t\t\t<div class=\"elementor-column elementor-col-100 elementor-top-column elementor-element elementor-element-bc8d5ea\" data-id=\"bc8d5ea\" data-element_type=\"column\" data-e-type=\"column\">\n\t\t\t<div class=\"elementor-widget-wrap elementor-element-populated\">\n\t\t\t\t\t\t<div class=\"elementor-element elementor-element-6e83002 elementor-widget elementor-widget-image\" data-id=\"6e83002\" data-element_type=\"widget\" data-e-type=\"widget\" data-widget_type=\"image.default\">\n\t\t\t\t\t\t\t\t\t\t\t\t\t\t\t<img loading=\"lazy\" decoding=\"async\" width=\"768\" height=\"1109\" src=\"https:\/\/www.estudidelmoble.com\/wp-content\/uploads\/2021\/07\/Can-Mercader-3-1-768x1109.jpg\" class=\"attachment-medium_large size-medium_large wp-image-31332\" alt=\"\" srcset=\"https:\/\/www.estudidelmoble.com\/wp-content\/uploads\/2021\/07\/Can-Mercader-3-1-768x1109.jpg 768w, https:\/\/www.estudidelmoble.com\/wp-content\/uploads\/2021\/07\/Can-Mercader-3-1-600x867.jpg 600w, https:\/\/www.estudidelmoble.com\/wp-content\/uploads\/2021\/07\/Can-Mercader-3-1-208x300.jpg 208w, https:\/\/www.estudidelmoble.com\/wp-content\/uploads\/2021\/07\/Can-Mercader-3-1-709x1024.jpg 709w, https:\/\/www.estudidelmoble.com\/wp-content\/uploads\/2021\/07\/Can-Mercader-3-1.jpg 900w\" sizes=\"(max-width: 768px) 100vw, 768px\" \/>\t\t\t\t\t\t\t\t\t\t\t\t\t\t\t<\/div>\n\t\t\t\t\t<\/div>\n\t\t<\/div>\n\t\t\t\t\t<\/div>\n\t\t<\/section>\n\t\t\t\t<section class=\"elementor-section elementor-top-section elementor-element elementor-element-2b2611d elementor-section-boxed elementor-section-height-default elementor-section-height-default\" data-id=\"2b2611d\" data-element_type=\"section\" data-e-type=\"section\">\n\t\t\t\t\t\t<div class=\"elementor-container elementor-column-gap-default\">\n\t\t\t\t\t<div class=\"elementor-column elementor-col-100 elementor-top-column elementor-element elementor-element-ac0f19f\" data-id=\"ac0f19f\" data-element_type=\"column\" data-e-type=\"column\">\n\t\t\t<div class=\"elementor-widget-wrap elementor-element-populated\">\n\t\t\t\t\t\t<div class=\"elementor-element elementor-element-c2750cb elementor-widget elementor-widget-text-editor\" data-id=\"c2750cb\" data-element_type=\"widget\" data-e-type=\"widget\" data-widget_type=\"text-editor.default\">\n\t\t\t\t\t\t\t\t\t<p><span style=\"color: #8e2900;\">Dormitorio rosa<\/span><\/p><p>Espectacular la calidad de los dorados y plateados del dormitorio rosa de estilo \u00e1rabe. Los muebles y las sedas bordadas con hilos de plata fueron servidos por J.Reig en 1873.<\/p><p>Gran trabajo de los alumnos en pr\u00e1cticas.<\/p>\t\t\t\t\t\t\t\t<\/div>\n\t\t\t\t\t<\/div>\n\t\t<\/div>\n\t\t\t\t\t<\/div>\n\t\t<\/section>\n\t\t\t\t<\/div>\n\t\t","protected":false},"excerpt":{"rendered":"<p>El mes de julio de 2021, la Asociaci\u00f3n ha llevado a cabo un proyecto de catalogaci\u00f3n de los muebles del Museu Palau Can Mercader, con un grupo de alumnos en pr\u00e1cticas liderados por M\u00f3nica Piera<\/p>\n","protected":false},"author":86,"featured_media":31311,"comment_status":"closed","ping_status":"closed","sticky":false,"template":"","format":"standard","meta":{"_acf_changed":false,"footnotes":""},"categories":[28,309],"tags":[1099,1100,1071],"class_list":["post-38053","post","type-post","status-publish","format-standard","has-post-thumbnail","hentry","category-blog-es","category-blog","tag-catalogacion-es","tag-museos-es","tag-s-xix-es"],"acf":[],"_links":{"self":[{"href":"https:\/\/www.estudidelmoble.com\/es\/wp-json\/wp\/v2\/posts\/38053","targetHints":{"allow":["GET"]}}],"collection":[{"href":"https:\/\/www.estudidelmoble.com\/es\/wp-json\/wp\/v2\/posts"}],"about":[{"href":"https:\/\/www.estudidelmoble.com\/es\/wp-json\/wp\/v2\/types\/post"}],"author":[{"embeddable":true,"href":"https:\/\/www.estudidelmoble.com\/es\/wp-json\/wp\/v2\/users\/86"}],"replies":[{"embeddable":true,"href":"https:\/\/www.estudidelmoble.com\/es\/wp-json\/wp\/v2\/comments?post=38053"}],"version-history":[{"count":0,"href":"https:\/\/www.estudidelmoble.com\/es\/wp-json\/wp\/v2\/posts\/38053\/revisions"}],"wp:featuredmedia":[{"embeddable":true,"href":"https:\/\/www.estudidelmoble.com\/es\/wp-json\/wp\/v2\/media\/31311"}],"wp:attachment":[{"href":"https:\/\/www.estudidelmoble.com\/es\/wp-json\/wp\/v2\/media?parent=38053"}],"wp:term":[{"taxonomy":"category","embeddable":true,"href":"https:\/\/www.estudidelmoble.com\/es\/wp-json\/wp\/v2\/categories?post=38053"},{"taxonomy":"post_tag","embeddable":true,"href":"https:\/\/www.estudidelmoble.com\/es\/wp-json\/wp\/v2\/tags?post=38053"}],"curies":[{"name":"wp","href":"https:\/\/api.w.org\/{rel}","templated":true}]}}