{"id":38088,"date":"2021-07-15T11:20:11","date_gmt":"2021-07-15T09:20:11","guid":{"rendered":"https:\/\/www.estudidelmoble.com\/viaja-a-un-norte-lleno-de-cultura\/"},"modified":"2022-01-05T13:19:39","modified_gmt":"2022-01-05T11:19:39","slug":"viaja-a-un-norte-lleno-de-cultura","status":"publish","type":"post","link":"https:\/\/www.estudidelmoble.com\/es\/viaja-a-un-norte-lleno-de-cultura\/","title":{"rendered":"Viaja a un norte lleno de cultura"},"content":{"rendered":"\t\t<div data-elementor-type=\"wp-post\" data-elementor-id=\"38088\" class=\"elementor elementor-38088 elementor-30501\" data-elementor-post-type=\"post\">\n\t\t\t\t\t\t<section class=\"elementor-section elementor-top-section elementor-element elementor-element-82e5fe8 elementor-section-boxed elementor-section-height-default elementor-section-height-default\" data-id=\"82e5fe8\" data-element_type=\"section\" data-e-type=\"section\">\n\t\t\t\t\t\t<div class=\"elementor-container elementor-column-gap-default\">\n\t\t\t\t\t<div class=\"elementor-column elementor-col-100 elementor-top-column elementor-element elementor-element-94aca3d\" data-id=\"94aca3d\" data-element_type=\"column\" data-e-type=\"column\">\n\t\t\t<div class=\"elementor-widget-wrap elementor-element-populated\">\n\t\t\t\t\t\t<div class=\"elementor-element elementor-element-82a2d67 elementor-widget elementor-widget-heading\" data-id=\"82a2d67\" data-element_type=\"widget\" data-e-type=\"widget\" data-widget_type=\"heading.default\">\n\t\t\t\t\t<h1 class=\"elementor-heading-title elementor-size-default\">Viaja a un norte lleno de cultura<\/h1>\t\t\t\t<\/div>\n\t\t\t\t<div class=\"elementor-element elementor-element-ba9ca3b elementor-widget elementor-widget-heading\" data-id=\"ba9ca3b\" data-element_type=\"widget\" data-e-type=\"widget\" data-widget_type=\"heading.default\">\n\t\t\t\t\t<h2 class=\"elementor-heading-title elementor-size-default\">Oviedo-Comillas-Santander<\/h2>\t\t\t\t<\/div>\n\t\t\t\t<div class=\"elementor-element elementor-element-d07e0d7 elementor-widget elementor-widget-heading\" data-id=\"d07e0d7\" data-element_type=\"widget\" data-e-type=\"widget\" data-widget_type=\"heading.default\">\n\t\t\t\t\t<h3 class=\"elementor-heading-title elementor-size-default\">Del 10 al 12 de septiembre de 2021<\/h3>\t\t\t\t<\/div>\n\t\t\t\t\t<\/div>\n\t\t<\/div>\n\t\t\t\t\t<\/div>\n\t\t<\/section>\n\t\t\t\t<section class=\"elementor-section elementor-top-section elementor-element elementor-element-f86caf6 elementor-section-content-middle elementor-section-boxed elementor-section-height-default elementor-section-height-default\" data-id=\"f86caf6\" data-element_type=\"section\" data-e-type=\"section\">\n\t\t\t\t\t\t<div class=\"elementor-container elementor-column-gap-default\">\n\t\t\t\t\t<div class=\"elementor-column elementor-col-100 elementor-top-column elementor-element elementor-element-74f6b1f\" data-id=\"74f6b1f\" data-element_type=\"column\" data-e-type=\"column\">\n\t\t\t<div class=\"elementor-widget-wrap elementor-element-populated\">\n\t\t\t\t\t\t<div class=\"elementor-element elementor-element-e15d3b4 elementor-widget elementor-widget-spacer\" data-id=\"e15d3b4\" data-element_type=\"widget\" data-e-type=\"widget\" data-widget_type=\"spacer.default\">\n\t\t\t\t\t\t\t<div class=\"elementor-spacer\">\n\t\t\t<div class=\"elementor-spacer-inner\"><\/div>\n\t\t<\/div>\n\t\t\t\t\t\t<\/div>\n\t\t\t\t<div class=\"elementor-element elementor-element-2ceecef elementor-widget elementor-widget-image\" data-id=\"2ceecef\" data-element_type=\"widget\" data-e-type=\"widget\" data-widget_type=\"image.default\">\n\t\t\t\t\t\t\t\t\t\t\t\t\t\t\t<img fetchpriority=\"high\" decoding=\"async\" width=\"768\" height=\"733\" src=\"https:\/\/www.estudidelmoble.com\/wp-content\/uploads\/2021\/07\/rec-768x733.jpg\" class=\"attachment-medium_large size-medium_large wp-image-30562\" alt=\"\" srcset=\"https:\/\/www.estudidelmoble.com\/wp-content\/uploads\/2021\/07\/rec-768x733.jpg 768w, https:\/\/www.estudidelmoble.com\/wp-content\/uploads\/2021\/07\/rec-600x573.jpg 600w, https:\/\/www.estudidelmoble.com\/wp-content\/uploads\/2021\/07\/rec-300x286.jpg 300w, https:\/\/www.estudidelmoble.com\/wp-content\/uploads\/2021\/07\/rec.jpg 799w\" sizes=\"(max-width: 768px) 100vw, 768px\" \/>\t\t\t\t\t\t\t\t\t\t\t\t\t\t\t<\/div>\n\t\t\t\t\t<\/div>\n\t\t<\/div>\n\t\t\t\t\t<\/div>\n\t\t<\/section>\n\t\t\t\t<section class=\"elementor-section elementor-top-section elementor-element elementor-element-6d3269d elementor-section-boxed elementor-section-height-default elementor-section-height-default\" data-id=\"6d3269d\" data-element_type=\"section\" data-e-type=\"section\">\n\t\t\t\t\t\t<div class=\"elementor-container elementor-column-gap-default\">\n\t\t\t\t\t<div class=\"elementor-column elementor-col-100 elementor-top-column elementor-element elementor-element-bc160a3\" data-id=\"bc160a3\" data-element_type=\"column\" data-e-type=\"column\">\n\t\t\t<div class=\"elementor-widget-wrap elementor-element-populated\">\n\t\t\t\t\t\t<div class=\"elementor-element elementor-element-ee3cb1f elementor-widget elementor-widget-text-editor\" data-id=\"ee3cb1f\" data-element_type=\"widget\" data-e-type=\"widget\" data-widget_type=\"text-editor.default\">\n\t\t\t\t\t\t\t\t\t<p>Del prerrom\u00e1nico asturiano de Santa Mar\u00eda del Naranco al modernismo del magn\u00edfico edificio del Capricho de Comillas, para acabar confrontando en la espectacular exposici\u00f3n PICASSO \u00cdBERO, organizada por el Centro Bot\u00edn en el edificio del arquitecto Renzo Piano, un arte aut\u00f3ctono y primitivo como el \u00cdbero, al de uno de los mayores artistas del siglo XX<\/p>\n\t\t\t\t\t\t\t\t<\/div>\n\t\t\t\t\t<\/div>\n\t\t<\/div>\n\t\t\t\t\t<\/div>\n\t\t<\/section>\n\t\t\t\t<section class=\"elementor-section elementor-top-section elementor-element elementor-element-df3d149 elementor-section-content-middle elementor-section-boxed elementor-section-height-default elementor-section-height-default\" data-id=\"df3d149\" data-element_type=\"section\" data-e-type=\"section\">\n\t\t\t\t\t\t<div class=\"elementor-container elementor-column-gap-default\">\n\t\t\t\t\t<div class=\"elementor-column elementor-col-100 elementor-top-column elementor-element elementor-element-14024a1d\" data-id=\"14024a1d\" data-element_type=\"column\" data-e-type=\"column\">\n\t\t\t<div class=\"elementor-widget-wrap elementor-element-populated\">\n\t\t\t\t\t\t<div class=\"elementor-element elementor-element-12197ff elementor-widget elementor-widget-read-more\" data-id=\"12197ff\" data-element_type=\"widget\" data-e-type=\"widget\" data-widget_type=\"read-more.default\">\n\t\t\t\t\t<\/div><\/div><\/div><\/div><\/section><\/div> <a href=\"https:\/\/www.estudidelmoble.com\/es\/viaja-a-un-norte-lleno-de-cultura\/#more-38088\" class=\"more-link elementor-more-link\"><span aria-label=\"Sigue leyendo Viaja a un norte lleno de cultura\">Continua llegint<\/span><\/a>","protected":false},"excerpt":{"rendered":"<p>Del prerrom\u00e1nico asturiano de Santa Mar\u00eda del Naranco al modernismo del magn\u00edfico edificio del Capricho de Comillas, para acabar confrontando en la espectacular exposici\u00f3n PICASSO \u00cdBERO&#8230;<\/p>\n","protected":false},"author":86,"featured_media":30692,"comment_status":"closed","ping_status":"closed","sticky":false,"template":"","format":"standard","meta":{"_acf_changed":false,"footnotes":""},"categories":[28,295],"tags":[1093,1100,410],"class_list":["post-38088","post","type-post","status-publish","format-standard","has-post-thumbnail","hentry","category-blog-es","category-viajes","tag-contemporaneo-es","tag-museos-es","tag-s-xx-es"],"acf":[],"_links":{"self":[{"href":"https:\/\/www.estudidelmoble.com\/es\/wp-json\/wp\/v2\/posts\/38088","targetHints":{"allow":["GET"]}}],"collection":[{"href":"https:\/\/www.estudidelmoble.com\/es\/wp-json\/wp\/v2\/posts"}],"about":[{"href":"https:\/\/www.estudidelmoble.com\/es\/wp-json\/wp\/v2\/types\/post"}],"author":[{"embeddable":true,"href":"https:\/\/www.estudidelmoble.com\/es\/wp-json\/wp\/v2\/users\/86"}],"replies":[{"embeddable":true,"href":"https:\/\/www.estudidelmoble.com\/es\/wp-json\/wp\/v2\/comments?post=38088"}],"version-history":[{"count":0,"href":"https:\/\/www.estudidelmoble.com\/es\/wp-json\/wp\/v2\/posts\/38088\/revisions"}],"wp:featuredmedia":[{"embeddable":true,"href":"https:\/\/www.estudidelmoble.com\/es\/wp-json\/wp\/v2\/media\/30692"}],"wp:attachment":[{"href":"https:\/\/www.estudidelmoble.com\/es\/wp-json\/wp\/v2\/media?parent=38088"}],"wp:term":[{"taxonomy":"category","embeddable":true,"href":"https:\/\/www.estudidelmoble.com\/es\/wp-json\/wp\/v2\/categories?post=38088"},{"taxonomy":"post_tag","embeddable":true,"href":"https:\/\/www.estudidelmoble.com\/es\/wp-json\/wp\/v2\/tags?post=38088"}],"curies":[{"name":"wp","href":"https:\/\/api.w.org\/{rel}","templated":true}]}}