{"id":41239,"date":"2019-09-19T15:32:36","date_gmt":"2019-09-19T13:32:36","guid":{"rendered":"https:\/\/www.estudidelmoble.com\/madrid-5-reales-sitios-4-siglos-3-visitas-en-exclusiva\/"},"modified":"2022-01-26T17:06:39","modified_gmt":"2022-01-26T15:06:39","slug":"madrid-5-reales-sitios-4-siglos-3-visitas-en-exclusiva","status":"publish","type":"post","link":"https:\/\/www.estudidelmoble.com\/es\/madrid-5-reales-sitios-4-siglos-3-visitas-en-exclusiva\/","title":{"rendered":"Madrid: 5 Reales Sitios, 4 siglos, 3 visitas en exclusiva"},"content":{"rendered":"\t\t<div data-elementor-type=\"wp-post\" data-elementor-id=\"41239\" class=\"elementor elementor-41239 elementor-2731\" data-elementor-post-type=\"post\">\n\t\t\t\t\t\t<section class=\"elementor-section elementor-top-section elementor-element elementor-element-c2e73a1 elementor-section-boxed elementor-section-height-default elementor-section-height-default\" data-id=\"c2e73a1\" data-element_type=\"section\" data-e-type=\"section\">\n\t\t\t\t\t\t<div class=\"elementor-container elementor-column-gap-default\">\n\t\t\t\t\t<div class=\"elementor-column elementor-col-100 elementor-top-column elementor-element elementor-element-bd5354b\" data-id=\"bd5354b\" data-element_type=\"column\" data-e-type=\"column\">\n\t\t\t<div class=\"elementor-widget-wrap elementor-element-populated\">\n\t\t\t\t\t\t<div class=\"elementor-element elementor-element-06a3320 elementor-widget elementor-widget-heading\" data-id=\"06a3320\" data-element_type=\"widget\" data-e-type=\"widget\" data-widget_type=\"heading.default\">\n\t\t\t\t\t<h1 class=\"elementor-heading-title elementor-size-default\">Viaje a Madrid<\/h1>\t\t\t\t<\/div>\n\t\t\t\t<div class=\"elementor-element elementor-element-afa0a21 elementor-widget elementor-widget-heading\" data-id=\"afa0a21\" data-element_type=\"widget\" data-e-type=\"widget\" data-widget_type=\"heading.default\">\n\t\t\t\t\t<h2 class=\"elementor-heading-title elementor-size-default\">5 reales sitios, 4 siglos, 3 visitas en exclusiva<\/h2>\t\t\t\t<\/div>\n\t\t\t\t<div class=\"elementor-element elementor-element-5b11d7f elementor-widget elementor-widget-heading\" data-id=\"5b11d7f\" data-element_type=\"widget\" data-e-type=\"widget\" data-widget_type=\"heading.default\">\n\t\t\t\t\t<h3 class=\"elementor-heading-title elementor-size-default\">Del 14 al 16 de noviembre del 2019<\/h3>\t\t\t\t<\/div>\n\t\t\t\t\t<\/div>\n\t\t<\/div>\n\t\t\t\t\t<\/div>\n\t\t<\/section>\n\t\t\t\t<section class=\"elementor-section elementor-top-section elementor-element elementor-element-6b942f2 elementor-section-boxed elementor-section-height-default elementor-section-height-default\" data-id=\"6b942f2\" data-element_type=\"section\" data-e-type=\"section\">\n\t\t\t\t\t\t<div class=\"elementor-container elementor-column-gap-default\">\n\t\t\t\t\t<div class=\"elementor-column elementor-col-100 elementor-top-column elementor-element elementor-element-a29212d\" data-id=\"a29212d\" data-element_type=\"column\" data-e-type=\"column\">\n\t\t\t<div class=\"elementor-widget-wrap elementor-element-populated\">\n\t\t\t\t\t\t<div class=\"elementor-element elementor-element-f29ed07 elementor-widget elementor-widget-spacer\" data-id=\"f29ed07\" data-element_type=\"widget\" data-e-type=\"widget\" data-widget_type=\"spacer.default\">\n\t\t\t\t\t\t\t<div class=\"elementor-spacer\">\n\t\t\t<div class=\"elementor-spacer-inner\"><\/div>\n\t\t<\/div>\n\t\t\t\t\t\t<\/div>\n\t\t\t\t<div class=\"elementor-element elementor-element-d7cd901 elementor-widget elementor-widget-image\" data-id=\"d7cd901\" data-element_type=\"widget\" data-e-type=\"widget\" data-widget_type=\"image.default\">\n\t\t\t\t\t\t\t\t\t\t\t\t\t\t\t<img fetchpriority=\"high\" decoding=\"async\" width=\"677\" height=\"641\" src=\"https:\/\/www.estudidelmoble.com\/wp-content\/uploads\/2019\/09\/img31.jpg\" class=\"attachment-medium_large size-medium_large wp-image-6856\" alt=\"\" srcset=\"https:\/\/www.estudidelmoble.com\/wp-content\/uploads\/2019\/09\/img31.jpg 677w, https:\/\/www.estudidelmoble.com\/wp-content\/uploads\/2019\/09\/img31-600x568.jpg 600w, https:\/\/www.estudidelmoble.com\/wp-content\/uploads\/2019\/09\/img31-300x284.jpg 300w\" sizes=\"(max-width: 677px) 100vw, 677px\" \/>\t\t\t\t\t\t\t\t\t\t\t\t\t\t\t<\/div>\n\t\t\t\t<div class=\"elementor-element elementor-element-1e1fe12 elementor-widget elementor-widget-read-more\" data-id=\"1e1fe12\" data-element_type=\"widget\" data-e-type=\"widget\" data-widget_type=\"read-more.default\">\n\t\t\t\t\t<\/div><\/div><\/div><\/div><\/section><\/div> <a href=\"https:\/\/www.estudidelmoble.com\/es\/madrid-5-reales-sitios-4-siglos-3-visitas-en-exclusiva\/#more-41239\" class=\"more-link elementor-more-link\"><span aria-label=\"Sigue leyendo Madrid: 5 Reales Sitios, 4 siglos, 3 visitas en exclusiva\">Continua llegint<\/span><\/a>","protected":false},"excerpt":{"rendered":"<p>De la mano de los conservadores responsables de los Reales Sitios. Nos acompa\u00f1ar\u00e1n M\u00f3nica Piera, presidenta de la Asociaci\u00f3n&#8230;<\/p>\n","protected":false},"author":1,"featured_media":6856,"comment_status":"closed","ping_status":"closed","sticky":false,"template":"","format":"standard","meta":{"_acf_changed":false,"footnotes":""},"categories":[28,295],"tags":[345,1085,409],"class_list":["post-41239","post","type-post","status-publish","format-standard","has-post-thumbnail","hentry","category-blog-es","category-viajes","tag-ferias-es","tag-historiadelmueble-es","tag-s-xviii-es"],"acf":[],"_links":{"self":[{"href":"https:\/\/www.estudidelmoble.com\/es\/wp-json\/wp\/v2\/posts\/41239","targetHints":{"allow":["GET"]}}],"collection":[{"href":"https:\/\/www.estudidelmoble.com\/es\/wp-json\/wp\/v2\/posts"}],"about":[{"href":"https:\/\/www.estudidelmoble.com\/es\/wp-json\/wp\/v2\/types\/post"}],"author":[{"embeddable":true,"href":"https:\/\/www.estudidelmoble.com\/es\/wp-json\/wp\/v2\/users\/1"}],"replies":[{"embeddable":true,"href":"https:\/\/www.estudidelmoble.com\/es\/wp-json\/wp\/v2\/comments?post=41239"}],"version-history":[{"count":0,"href":"https:\/\/www.estudidelmoble.com\/es\/wp-json\/wp\/v2\/posts\/41239\/revisions"}],"wp:featuredmedia":[{"embeddable":true,"href":"https:\/\/www.estudidelmoble.com\/es\/wp-json\/wp\/v2\/media\/6856"}],"wp:attachment":[{"href":"https:\/\/www.estudidelmoble.com\/es\/wp-json\/wp\/v2\/media?parent=41239"}],"wp:term":[{"taxonomy":"category","embeddable":true,"href":"https:\/\/www.estudidelmoble.com\/es\/wp-json\/wp\/v2\/categories?post=41239"},{"taxonomy":"post_tag","embeddable":true,"href":"https:\/\/www.estudidelmoble.com\/es\/wp-json\/wp\/v2\/tags?post=41239"}],"curies":[{"name":"wp","href":"https:\/\/api.w.org\/{rel}","templated":true}]}}