{"id":41432,"date":"2019-04-22T17:51:38","date_gmt":"2019-04-22T15:51:38","guid":{"rendered":"https:\/\/www.estudidelmoble.com\/viaje-a-paris-le-corbusier-la-biennale\/"},"modified":"2022-01-27T13:32:33","modified_gmt":"2022-01-27T11:32:33","slug":"viaje-a-paris-le-corbusier-la-biennale","status":"publish","type":"post","link":"https:\/\/www.estudidelmoble.com\/es\/viaje-a-paris-le-corbusier-la-biennale\/","title":{"rendered":"Viaje a Par\u00eds, Le Corbusier + La Biennale"},"content":{"rendered":"\t\t<div data-elementor-type=\"wp-post\" data-elementor-id=\"41432\" class=\"elementor elementor-41432 elementor-1701\" data-elementor-post-type=\"post\">\n\t\t\t\t\t\t<section class=\"elementor-section elementor-top-section elementor-element elementor-element-34286f9 elementor-section-boxed elementor-section-height-default elementor-section-height-default\" data-id=\"34286f9\" data-element_type=\"section\" data-e-type=\"section\">\n\t\t\t\t\t\t<div class=\"elementor-container elementor-column-gap-default\">\n\t\t\t\t\t<div class=\"elementor-column elementor-col-100 elementor-top-column elementor-element elementor-element-c1c0bd2\" data-id=\"c1c0bd2\" data-element_type=\"column\" data-e-type=\"column\">\n\t\t\t<div class=\"elementor-widget-wrap elementor-element-populated\">\n\t\t\t\t\t\t<div class=\"elementor-element elementor-element-20faacc elementor-widget elementor-widget-heading\" data-id=\"20faacc\" data-element_type=\"widget\" data-e-type=\"widget\" data-widget_type=\"heading.default\">\n\t\t\t\t\t<h1 class=\"elementor-heading-title elementor-size-default\">Viaje a Par\u00eds. Le Corbusier + La Biennale<\/h1>\t\t\t\t<\/div>\n\t\t\t\t<div class=\"elementor-element elementor-element-aac1413 elementor-widget elementor-widget-heading\" data-id=\"aac1413\" data-element_type=\"widget\" data-e-type=\"widget\" data-widget_type=\"heading.default\">\n\t\t\t\t\t<h2 class=\"elementor-heading-title elementor-size-default\">Descubrimos la obra del maestro del funcionalismo,  acompa\u00f1ados por los expertos<\/h2>\t\t\t\t<\/div>\n\t\t\t\t<div class=\"elementor-element elementor-element-80f5382 elementor-widget elementor-widget-heading\" data-id=\"80f5382\" data-element_type=\"widget\" data-e-type=\"widget\" data-widget_type=\"heading.default\">\n\t\t\t\t\t<h3 class=\"elementor-heading-title elementor-size-default\">Del 13 al 15 de septiembre de 2019<\/h3>\t\t\t\t<\/div>\n\t\t\t\t\t<\/div>\n\t\t<\/div>\n\t\t\t\t\t<\/div>\n\t\t<\/section>\n\t\t\t\t<section class=\"elementor-section elementor-top-section elementor-element elementor-element-3132ce1 elementor-section-content-middle elementor-section-boxed elementor-section-height-default elementor-section-height-default\" data-id=\"3132ce1\" data-element_type=\"section\" data-e-type=\"section\">\n\t\t\t\t\t\t<div class=\"elementor-container elementor-column-gap-default\">\n\t\t\t\t\t<div class=\"elementor-column elementor-col-100 elementor-top-column elementor-element elementor-element-5f204db\" data-id=\"5f204db\" data-element_type=\"column\" data-e-type=\"column\">\n\t\t\t<div class=\"elementor-widget-wrap elementor-element-populated\">\n\t\t\t\t\t\t<div class=\"elementor-element elementor-element-a252c79 elementor-widget elementor-widget-spacer\" data-id=\"a252c79\" data-element_type=\"widget\" data-e-type=\"widget\" data-widget_type=\"spacer.default\">\n\t\t\t\t\t\t\t<div class=\"elementor-spacer\">\n\t\t\t<div class=\"elementor-spacer-inner\"><\/div>\n\t\t<\/div>\n\t\t\t\t\t\t<\/div>\n\t\t\t\t<div class=\"elementor-element elementor-element-0adf83e elementor-widget elementor-widget-image\" data-id=\"0adf83e\" data-element_type=\"widget\" data-e-type=\"widget\" data-widget_type=\"image.default\">\n\t\t\t\t\t\t\t\t\t\t\t\t\t\t\t<img fetchpriority=\"high\" decoding=\"async\" width=\"768\" height=\"768\" src=\"https:\/\/www.estudidelmoble.com\/wp-content\/uploads\/2019\/04\/viaje-paris-cuadrada-768x768.png\" class=\"attachment-medium_large size-medium_large wp-image-41401\" alt=\"\" srcset=\"https:\/\/www.estudidelmoble.com\/wp-content\/uploads\/2019\/04\/viaje-paris-cuadrada-768x768.png 768w, https:\/\/www.estudidelmoble.com\/wp-content\/uploads\/2019\/04\/viaje-paris-cuadrada-300x300.png 300w, https:\/\/www.estudidelmoble.com\/wp-content\/uploads\/2019\/04\/viaje-paris-cuadrada-1024x1024.png 1024w, https:\/\/www.estudidelmoble.com\/wp-content\/uploads\/2019\/04\/viaje-paris-cuadrada-150x150.png 150w, https:\/\/www.estudidelmoble.com\/wp-content\/uploads\/2019\/04\/viaje-paris-cuadrada-600x600.png 600w, https:\/\/www.estudidelmoble.com\/wp-content\/uploads\/2019\/04\/viaje-paris-cuadrada-100x100.png 100w, https:\/\/www.estudidelmoble.com\/wp-content\/uploads\/2019\/04\/viaje-paris-cuadrada.png 1307w\" sizes=\"(max-width: 768px) 100vw, 768px\" \/>\t\t\t\t\t\t\t\t\t\t\t\t\t\t\t<\/div>\n\t\t\t\t<div class=\"elementor-element elementor-element-6389990 elementor-widget elementor-widget-text-editor\" data-id=\"6389990\" data-element_type=\"widget\" data-e-type=\"widget\" data-widget_type=\"text-editor.default\">\n\t\t\t\t\t\t\t\t\t<p>Apartamento-estudio de Le Corbusier. Interior<\/p>\n\t\t\t\t\t\t\t\t<\/div>\n\t\t\t\t<div class=\"elementor-element elementor-element-0514458 elementor-widget elementor-widget-heading\" data-id=\"0514458\" data-element_type=\"widget\" data-e-type=\"widget\" data-widget_type=\"heading.default\">\n\t\t\t\t\t<h3 class=\"elementor-heading-title elementor-size-default\">Con M\u00f3nica Piera y Paolo Sustersic<\/h3>\t\t\t\t<\/div>\n\t\t\t\t<div class=\"elementor-element elementor-element-d278f62 elementor-widget elementor-widget-read-more\" data-id=\"d278f62\" data-element_type=\"widget\" data-e-type=\"widget\" data-widget_type=\"read-more.default\">\n\t\t\t\t\t<\/div><\/div><\/div><\/div><\/section><\/div> <a href=\"https:\/\/www.estudidelmoble.com\/es\/viaje-a-paris-le-corbusier-la-biennale\/#more-41432\" class=\"more-link elementor-more-link\"><span aria-label=\"Sigue leyendo Viaje a Par\u00eds, Le Corbusier + La Biennale\">Continua llegint<\/span><\/a>","protected":false},"excerpt":{"rendered":"<p>Organizamos un viaje a Par\u00eds para visitar este apartamento-estudio de Le Corbusier, reci\u00e9n reformado, adem\u00e1s de la Maison Roche y la Ville Savoye, del gran arquitecto del Funcionalismo.<\/p>\n","protected":false},"author":1,"featured_media":41401,"comment_status":"closed","ping_status":"closed","sticky":false,"template":"","format":"standard","meta":{"_acf_changed":false,"footnotes":""},"categories":[28,295],"tags":[312,1093,331,410],"class_list":["post-41432","post","type-post","status-publish","format-standard","has-post-thumbnail","hentry","category-blog-es","category-viajes","tag-arquitectura-es","tag-contemporaneo-es","tag-diseno-es","tag-s-xx-es"],"acf":[],"_links":{"self":[{"href":"https:\/\/www.estudidelmoble.com\/es\/wp-json\/wp\/v2\/posts\/41432","targetHints":{"allow":["GET"]}}],"collection":[{"href":"https:\/\/www.estudidelmoble.com\/es\/wp-json\/wp\/v2\/posts"}],"about":[{"href":"https:\/\/www.estudidelmoble.com\/es\/wp-json\/wp\/v2\/types\/post"}],"author":[{"embeddable":true,"href":"https:\/\/www.estudidelmoble.com\/es\/wp-json\/wp\/v2\/users\/1"}],"replies":[{"embeddable":true,"href":"https:\/\/www.estudidelmoble.com\/es\/wp-json\/wp\/v2\/comments?post=41432"}],"version-history":[{"count":0,"href":"https:\/\/www.estudidelmoble.com\/es\/wp-json\/wp\/v2\/posts\/41432\/revisions"}],"wp:featuredmedia":[{"embeddable":true,"href":"https:\/\/www.estudidelmoble.com\/es\/wp-json\/wp\/v2\/media\/41401"}],"wp:attachment":[{"href":"https:\/\/www.estudidelmoble.com\/es\/wp-json\/wp\/v2\/media?parent=41432"}],"wp:term":[{"taxonomy":"category","embeddable":true,"href":"https:\/\/www.estudidelmoble.com\/es\/wp-json\/wp\/v2\/categories?post=41432"},{"taxonomy":"post_tag","embeddable":true,"href":"https:\/\/www.estudidelmoble.com\/es\/wp-json\/wp\/v2\/tags?post=41432"}],"curies":[{"name":"wp","href":"https:\/\/api.w.org\/{rel}","templated":true}]}}