{"id":41630,"date":"2018-09-26T10:42:53","date_gmt":"2018-09-26T08:42:53","guid":{"rendered":"https:\/\/www.estudidelmoble.com\/virtuosismo-modernista-tecnicas-del-mueble\/"},"modified":"2022-01-28T15:51:49","modified_gmt":"2022-01-28T13:51:49","slug":"virtuosismo-modernista-tecnicas-del-mueble","status":"publish","type":"post","link":"https:\/\/www.estudidelmoble.com\/es\/virtuosismo-modernista-tecnicas-del-mueble\/","title":{"rendered":"Virtuosismo modernista. T\u00e9cnicas del mueble"},"content":{"rendered":"\t\t<div data-elementor-type=\"wp-post\" data-elementor-id=\"41630\" class=\"elementor elementor-41630 elementor-1969\" data-elementor-post-type=\"post\">\n\t\t\t\t\t\t<section class=\"elementor-section elementor-top-section elementor-element elementor-element-c007e78 elementor-section-boxed elementor-section-height-default elementor-section-height-default\" data-id=\"c007e78\" data-element_type=\"section\" data-e-type=\"section\">\n\t\t\t\t\t\t<div class=\"elementor-container elementor-column-gap-default\">\n\t\t\t\t\t<div class=\"elementor-column elementor-col-100 elementor-top-column elementor-element elementor-element-9d9522f\" data-id=\"9d9522f\" data-element_type=\"column\" data-e-type=\"column\">\n\t\t\t<div class=\"elementor-widget-wrap elementor-element-populated\">\n\t\t\t\t\t\t<div class=\"elementor-element elementor-element-b513bd7 elementor-widget elementor-widget-heading\" data-id=\"b513bd7\" data-element_type=\"widget\" data-e-type=\"widget\" data-widget_type=\"heading.default\">\n\t\t\t\t\t<h1 class=\"elementor-heading-title elementor-size-default\">Virtuosismo modernista. T\u00e9cnicas del mueble<\/h1>\t\t\t\t<\/div>\n\t\t\t\t<div class=\"elementor-element elementor-element-6825a77 elementor-widget elementor-widget-heading\" data-id=\"6825a77\" data-element_type=\"widget\" data-e-type=\"widget\" data-widget_type=\"heading.default\">\n\t\t\t\t\t<h2 class=\"elementor-heading-title elementor-size-default\">Nueva Publicaci\u00f3n<\/h2>\t\t\t\t<\/div>\n\t\t\t\t\t<\/div>\n\t\t<\/div>\n\t\t\t\t\t<\/div>\n\t\t<\/section>\n\t\t\t\t<section class=\"elementor-section elementor-top-section elementor-element elementor-element-080d233 elementor-section-boxed elementor-section-height-default elementor-section-height-default\" data-id=\"080d233\" data-element_type=\"section\" data-e-type=\"section\">\n\t\t\t\t\t\t<div class=\"elementor-container elementor-column-gap-default\">\n\t\t\t\t\t<div class=\"elementor-column elementor-col-100 elementor-top-column elementor-element elementor-element-ef7f388\" data-id=\"ef7f388\" data-element_type=\"column\" data-e-type=\"column\">\n\t\t\t<div class=\"elementor-widget-wrap elementor-element-populated\">\n\t\t\t\t\t\t<div class=\"elementor-element elementor-element-3912cf8 elementor-widget elementor-widget-image\" data-id=\"3912cf8\" data-element_type=\"widget\" data-e-type=\"widget\" data-widget_type=\"image.default\">\n\t\t\t\t\t\t\t\t\t\t\t\t\t\t\t<img fetchpriority=\"high\" decoding=\"async\" width=\"800\" height=\"800\" src=\"https:\/\/www.estudidelmoble.com\/wp-content\/uploads\/2020\/09\/Portada-publi-14-Virtuosisme-Modernista-quadrada-1024x1024.jpg\" class=\"attachment-large size-large wp-image-19941\" alt=\"Publicaci\u00f3 Virtuosisme Modernista T\u00e8cniques del moble\" srcset=\"https:\/\/www.estudidelmoble.com\/wp-content\/uploads\/2020\/09\/Portada-publi-14-Virtuosisme-Modernista-quadrada-1024x1024.jpg 1024w, https:\/\/www.estudidelmoble.com\/wp-content\/uploads\/2020\/09\/Portada-publi-14-Virtuosisme-Modernista-quadrada-300x300.jpg 300w, https:\/\/www.estudidelmoble.com\/wp-content\/uploads\/2020\/09\/Portada-publi-14-Virtuosisme-Modernista-quadrada-100x100.jpg 100w, https:\/\/www.estudidelmoble.com\/wp-content\/uploads\/2020\/09\/Portada-publi-14-Virtuosisme-Modernista-quadrada-600x600.jpg 600w, https:\/\/www.estudidelmoble.com\/wp-content\/uploads\/2020\/09\/Portada-publi-14-Virtuosisme-Modernista-quadrada-150x150.jpg 150w, https:\/\/www.estudidelmoble.com\/wp-content\/uploads\/2020\/09\/Portada-publi-14-Virtuosisme-Modernista-quadrada-768x768.jpg 768w, https:\/\/www.estudidelmoble.com\/wp-content\/uploads\/2020\/09\/Portada-publi-14-Virtuosisme-Modernista-quadrada.jpg 1181w\" sizes=\"(max-width: 800px) 100vw, 800px\" \/>\t\t\t\t\t\t\t\t\t\t\t\t\t\t\t<\/div>\n\t\t\t\t\t<\/div>\n\t\t<\/div>\n\t\t\t\t\t<\/div>\n\t\t<\/section>\n\t\t\t\t<section class=\"elementor-section elementor-top-section elementor-element elementor-element-563ebdd elementor-section-boxed elementor-section-height-default elementor-section-height-default\" data-id=\"563ebdd\" data-element_type=\"section\" data-e-type=\"section\">\n\t\t\t\t\t\t<div class=\"elementor-container elementor-column-gap-default\">\n\t\t\t\t\t<div class=\"elementor-column elementor-col-100 elementor-top-column elementor-element elementor-element-819768b\" data-id=\"819768b\" data-element_type=\"column\" data-e-type=\"column\">\n\t\t\t<div class=\"elementor-widget-wrap elementor-element-populated\">\n\t\t\t\t\t\t<div class=\"elementor-element elementor-element-6b8380c elementor-widget elementor-widget-spacer\" data-id=\"6b8380c\" data-element_type=\"widget\" data-e-type=\"widget\" data-widget_type=\"spacer.default\">\n\t\t\t\t\t\t\t<div class=\"elementor-spacer\">\n\t\t\t<div class=\"elementor-spacer-inner\"><\/div>\n\t\t<\/div>\n\t\t\t\t\t\t<\/div>\n\t\t\t\t\t<\/div>\n\t\t<\/div>\n\t\t\t\t\t<\/div>\n\t\t<\/section>\n\t\t\t\t<section class=\"elementor-section elementor-top-section elementor-element elementor-element-42d5a69 elementor-section-boxed elementor-section-height-default elementor-section-height-default\" data-id=\"42d5a69\" data-element_type=\"section\" data-e-type=\"section\" data-settings=\"{&quot;background_background&quot;:&quot;classic&quot;}\">\n\t\t\t\t\t\t<div class=\"elementor-container elementor-column-gap-default\">\n\t\t\t\t\t<div class=\"elementor-column elementor-col-50 elementor-top-column elementor-element elementor-element-8d9a874\" data-id=\"8d9a874\" data-element_type=\"column\" data-e-type=\"column\" data-settings=\"{&quot;background_background&quot;:&quot;classic&quot;}\">\n\t\t\t<div class=\"elementor-widget-wrap elementor-element-populated\">\n\t\t\t\t\t\t<div class=\"elementor-element elementor-element-1b7caf3 elementor-widget elementor-widget-text-editor\" data-id=\"1b7caf3\" data-element_type=\"widget\" data-e-type=\"widget\" data-widget_type=\"text-editor.default\">\n\t\t\t\t\t\t\t\t\t<p><strong>T\u00edtulo:<\/strong> Virtuosismo modernista. T\u00e9cnicas del mueble<br \/>\n<strong>Autor:<\/strong> VVAA<br \/>\n<strong>ISBN:<\/strong> 978-84-9156212-2<br \/>\n<strong>Direcci\u00f3n:<\/strong> N\u00faria Gil Farr\u00e9<br \/>\n<strong>Coordinaci\u00f3n:<\/strong> Ver\u00f3nica Rej\u00f3n Jimenez<br \/>\n<strong>Correcci\u00f3n de textos:<\/strong> Equipo Albert Mestres<br \/>\n<strong>P\u00e1g:<\/strong> 210<\/p>\n\t\t\t\t\t\t\t\t<\/div>\n\t\t\t\t\t<\/div>\n\t\t<\/div>\n\t\t\t\t<div class=\"elementor-column elementor-col-50 elementor-top-column elementor-element elementor-element-3251acb\" data-id=\"3251acb\" data-element_type=\"column\" data-e-type=\"column\" data-settings=\"{&quot;background_background&quot;:&quot;classic&quot;}\">\n\t\t\t<div class=\"elementor-widget-wrap elementor-element-populated\">\n\t\t\t\t\t\t<div class=\"elementor-element elementor-element-fd2e5de elementor-align-center elementor-widget elementor-widget-button\" data-id=\"fd2e5de\" data-element_type=\"widget\" data-e-type=\"widget\" data-widget_type=\"button.default\">\n\t\t\t\t\t\t\t\t\t\t<a class=\"elementor-button elementor-button-link elementor-size-sm\" href=\"https:\/\/www.estudidelmoble.com\/es\/producte\/publicacion-14-2019\/\">\n\t\t\t\t\t\t<span class=\"elementor-button-content-wrapper\">\n\t\t\t\t\t\t\t\t\t<span class=\"elementor-button-text\">Compra la publicaci\u00f3n<\/span>\n\t\t\t\t\t<\/span>\n\t\t\t\t\t<\/a>\n\t\t\t\t\t\t\t\t<\/div>\n\t\t\t\t\t<\/div>\n\t\t<\/div>\n\t\t\t\t\t<\/div>\n\t\t<\/section>\n\t\t\t\t<section class=\"elementor-section elementor-top-section elementor-element elementor-element-004d85a elementor-section-boxed elementor-section-height-default elementor-section-height-default\" data-id=\"004d85a\" data-element_type=\"section\" data-e-type=\"section\">\n\t\t\t\t\t\t<div class=\"elementor-container elementor-column-gap-default\">\n\t\t\t\t\t<div class=\"elementor-column elementor-col-100 elementor-top-column elementor-element elementor-element-5fe3934\" data-id=\"5fe3934\" data-element_type=\"column\" data-e-type=\"column\">\n\t\t\t<div class=\"elementor-widget-wrap elementor-element-populated\">\n\t\t\t\t\t\t<div class=\"elementor-element elementor-element-9b77998 elementor-widget elementor-widget-spacer\" data-id=\"9b77998\" data-element_type=\"widget\" data-e-type=\"widget\" data-widget_type=\"spacer.default\">\n\t\t\t\t\t\t\t<div class=\"elementor-spacer\">\n\t\t\t<div class=\"elementor-spacer-inner\"><\/div>\n\t\t<\/div>\n\t\t\t\t\t\t<\/div>\n\t\t\t\t\t<\/div>\n\t\t<\/div>\n\t\t\t\t\t<\/div>\n\t\t<\/section>\n\t\t\t\t<section class=\"elementor-section elementor-top-section elementor-element elementor-element-3aebebc elementor-section-boxed elementor-section-height-default elementor-section-height-default\" data-id=\"3aebebc\" data-element_type=\"section\" data-e-type=\"section\">\n\t\t\t\t\t\t<div class=\"elementor-container elementor-column-gap-default\">\n\t\t\t\t\t<div class=\"elementor-column elementor-col-100 elementor-top-column elementor-element elementor-element-4a4577c\" data-id=\"4a4577c\" data-element_type=\"column\" data-e-type=\"column\">\n\t\t\t<div class=\"elementor-widget-wrap elementor-element-populated\">\n\t\t\t\t\t\t<div class=\"elementor-element elementor-element-60fb12c elementor-widget elementor-widget-text-editor\" data-id=\"60fb12c\" data-element_type=\"widget\" data-e-type=\"widget\" data-widget_type=\"text-editor.default\">\n\t\t\t\t\t\t\t\t\t<p>Esta edici\u00f3n del curso anual organizado por la Asociaci\u00f3n para el Estudio del Mueble ha tenido como eje tem\u00e1tico principal el an\u00e1lisis de las t\u00e9cnicas art\u00edsticas aplicadas al mueble modernista, en especial la marqueter\u00eda, pero tambi\u00e9n otras que se aplicaban al mobiliario, como la cer\u00e1mica, el mosaico, el tejido o la vidriera con el objetivo de poner en valor los diversos materiales y procedimientos empleados para embellecer las piezas que en este per\u00edodo se convirtieron en aut\u00e9nticas obras de arte gracias al gran virtuosismo art\u00edstico y t\u00e9cnico que se consigui\u00f3 en este momento.<\/p>\n\t\t\t\t\t\t\t\t<\/div>\n\t\t\t\t\t<\/div>\n\t\t<\/div>\n\t\t\t\t\t<\/div>\n\t\t<\/section>\n\t\t\t\t<section class=\"elementor-section elementor-top-section elementor-element elementor-element-60340de elementor-section-boxed elementor-section-height-default elementor-section-height-default\" data-id=\"60340de\" data-element_type=\"section\" data-e-type=\"section\">\n\t\t\t\t\t\t<div class=\"elementor-container elementor-column-gap-default\">\n\t\t\t\t\t<div class=\"elementor-column elementor-col-100 elementor-top-column elementor-element elementor-element-7a8cd78\" data-id=\"7a8cd78\" data-element_type=\"column\" data-e-type=\"column\">\n\t\t\t<div class=\"elementor-widget-wrap elementor-element-populated\">\n\t\t\t\t\t\t<div class=\"elementor-element elementor-element-7e9290c elementor-widget elementor-widget-spacer\" data-id=\"7e9290c\" data-element_type=\"widget\" data-e-type=\"widget\" data-widget_type=\"spacer.default\">\n\t\t\t\t\t\t\t<div class=\"elementor-spacer\">\n\t\t\t<div class=\"elementor-spacer-inner\"><\/div>\n\t\t<\/div>\n\t\t\t\t\t\t<\/div>\n\t\t\t\t\t<\/div>\n\t\t<\/div>\n\t\t\t\t\t<\/div>\n\t\t<\/section>\n\t\t\t\t<section class=\"elementor-section elementor-top-section elementor-element elementor-element-af2db9c elementor-section-boxed elementor-section-height-default elementor-section-height-default\" data-id=\"af2db9c\" data-element_type=\"section\" data-e-type=\"section\">\n\t\t\t\t\t\t<div class=\"elementor-container elementor-column-gap-default\">\n\t\t\t\t\t<div class=\"elementor-column elementor-col-100 elementor-top-column elementor-element elementor-element-0d908e7\" data-id=\"0d908e7\" data-element_type=\"column\" data-e-type=\"column\">\n\t\t\t<div class=\"elementor-widget-wrap elementor-element-populated\">\n\t\t\t\t\t\t<div class=\"elementor-element elementor-element-7288dc7 elementor-widget elementor-widget-text-editor\" data-id=\"7288dc7\" data-element_type=\"widget\" data-e-type=\"widget\" data-widget_type=\"text-editor.default\">\n\t\t\t\t\t\t\t\t\t<p>\u00cdndice<\/p>\n\t\t\t\t\t\t\t\t<\/div>\n\t\t\t\t\t<\/div>\n\t\t<\/div>\n\t\t\t\t\t<\/div>\n\t\t<\/section>\n\t\t\t\t<section class=\"elementor-section elementor-top-section elementor-element elementor-element-f16f645 elementor-section-boxed elementor-section-height-default elementor-section-height-default\" data-id=\"f16f645\" data-element_type=\"section\" data-e-type=\"section\">\n\t\t\t\t\t\t<div class=\"elementor-container elementor-column-gap-default\">\n\t\t\t\t\t<div class=\"elementor-column elementor-col-100 elementor-top-column elementor-element elementor-element-7298926\" data-id=\"7298926\" data-element_type=\"column\" data-e-type=\"column\">\n\t\t\t<div class=\"elementor-widget-wrap elementor-element-populated\">\n\t\t\t\t\t\t<div class=\"elementor-element elementor-element-a73f6c7 elementor-widget elementor-widget-text-editor\" data-id=\"a73f6c7\" data-element_type=\"widget\" data-e-type=\"widget\" data-widget_type=\"text-editor.default\">\n\t\t\t\t\t\t\t\t\t<ul>\n<li><em>Gustave Serrurier-Bovy, Victor Horta, Paul Hankar et Henry van de Velde: cr\u00e9er un nouveau mobilier \u00e0 la fin du XIXe si\u00e8cle. <\/em>F<strong>ran\u00e7oise Aubry Par\u00eds<\/strong><\/li>\n<li><em> Londres, Viena\u2026 el viatge dels industrials i els artesans en els anys del modernisme. <\/em><strong>Mireia Freixa<\/strong><\/li>\n<li><em>El mueble en Comillas a fines del siglo XIX. <\/em><strong>Celestina Losada Varea<\/strong><\/li>\n<li><em>La colecci\u00f3n de muebles de la Fundaci\u00f3n Selgas-Fagalde en Cudillero (Asturias).<\/em> <strong>Ana Mar\u00eda Fern\u00e1ndez Garc\u00eda<\/strong><\/li>\n<li><em>El mobiliari del japonisme a Catalunya: models d\u2019Orient per a mobles d\u2019Occident. <\/em><strong>Ricard Bru i Turull<\/strong><\/li>\n<li><em>Las huellas de los estilos ruso y vikingo en el mueble de Barcelona de antes y despu\u00e9s de 1900. <\/em><strong>M\u00f3nica Piera Miquel<\/strong><\/li>\n<li><em>Reivindicaci\u00f3 i triomf del modernisme i les arts decoratives: panorama historiogr\u00e0fic i patrimonial (1943-2015). <\/em><strong>Pilar V\u00e9lez<\/strong><\/li>\n<li><em>Els racons flonjos. El teixit modernista als interiors catalans del 1900<\/em>. <strong>Josep Casamartina i Parassols.<\/strong><\/li>\n<li><em>Ejemplos de la integraci\u00f3n del mosaico y la cer\u00e1mica en el mobiliario modernista. <\/em><strong>Vicente de la Fuente Berm\u00fadez<\/strong> y <strong>Marta Salin\u00e9 i Perich<\/strong><\/li>\n<li><em>De la moda tapissera al modernisme, dos casos d\u2019estudi\u00a0 singulars de virtuosisme. <\/em><strong>Teresa-M. Sala i Garcia<\/strong><\/li>\n<li><em>La decoraci\u00f3n con vidriera art\u00edstica en el mueble dom\u00e9stico modernista catal\u00e1n<\/em>. <strong>N\u00faria Gil Farr\u00e9<\/strong><\/li>\n<li><em>Conservaci\u00f3n de vidrieras cloisonn\u00e9, dificultades y retos de una t\u00e9cnica extinguida. <\/em><strong>Jordi Bonet<\/strong><\/li>\n<li><em>Lirios azules. El dormitorio modernista de Joan Busquets de la colecci\u00f3n del Museu del Disseny de Barcelona. <\/em><strong>M\u00f3nica Piera Miquel<\/strong><\/li>\n<li><em>Las musas de Jos\u00e9 Ribas. Marqueter\u00eda barcelonesa para una farmacia modernista en Pamplona. 1906.<\/em><br \/>\n<strong>Nat\u00e0lia Guillamet Casas<\/strong><\/li>\n<li><em>J. Sagarra, una saga de marqueters barcelonins i el modernisme<\/em>. <strong>Pilar Soler Garc\u00eda<\/strong>.<\/li>\n<li><em>Recuperaci\u00f3 de l\u2019Oratori Busquets per al Palau Gener de l\u2019Arbo\u00e7. <\/em><strong>Teresa Vela Giral<\/strong><\/li>\n<\/ul>\n\t\t\t\t\t\t\t\t<\/div>\n\t\t\t\t\t<\/div>\n\t\t<\/div>\n\t\t\t\t\t<\/div>\n\t\t<\/section>\n\t\t\t\t<section class=\"elementor-section elementor-top-section elementor-element elementor-element-b7df6c1 elementor-section-boxed elementor-section-height-default elementor-section-height-default\" data-id=\"b7df6c1\" data-element_type=\"section\" data-e-type=\"section\">\n\t\t\t\t\t\t<div class=\"elementor-container elementor-column-gap-default\">\n\t\t\t\t\t<div class=\"elementor-column elementor-col-100 elementor-top-column elementor-element elementor-element-ded7563\" data-id=\"ded7563\" data-element_type=\"column\" data-e-type=\"column\">\n\t\t\t<div class=\"elementor-widget-wrap elementor-element-populated\">\n\t\t\t\t\t\t<div class=\"elementor-element elementor-element-8868728 elementor-widget elementor-widget-spacer\" data-id=\"8868728\" data-element_type=\"widget\" data-e-type=\"widget\" data-widget_type=\"spacer.default\">\n\t\t\t\t\t\t\t<div class=\"elementor-spacer\">\n\t\t\t<div class=\"elementor-spacer-inner\"><\/div>\n\t\t<\/div>\n\t\t\t\t\t\t<\/div>\n\t\t\t\t\t<\/div>\n\t\t<\/div>\n\t\t\t\t\t<\/div>\n\t\t<\/section>\n\t\t\t\t<section class=\"elementor-section elementor-top-section elementor-element elementor-element-3cfd94d elementor-section-boxed elementor-section-height-default elementor-section-height-default\" data-id=\"3cfd94d\" data-element_type=\"section\" data-e-type=\"section\">\n\t\t\t\t\t\t<div class=\"elementor-container elementor-column-gap-default\">\n\t\t\t\t\t<div class=\"elementor-column elementor-col-100 elementor-top-column elementor-element elementor-element-8d3b1cd\" data-id=\"8d3b1cd\" data-element_type=\"column\" data-e-type=\"column\">\n\t\t\t<div class=\"elementor-widget-wrap elementor-element-populated\">\n\t\t\t\t\t\t<div class=\"elementor-element elementor-element-5bc335d elementor-widget elementor-widget-text-editor\" data-id=\"5bc335d\" data-element_type=\"widget\" data-e-type=\"widget\" data-widget_type=\"text-editor.default\">\n\t\t\t\t\t\t\t\t\t<p>Con el apoyo de:<\/p>\t\t\t\t\t\t\t\t<\/div>\n\t\t\t\t\t<\/div>\n\t\t<\/div>\n\t\t\t\t\t<\/div>\n\t\t<\/section>\n\t\t\t\t<section class=\"elementor-section elementor-top-section elementor-element elementor-element-b859971 elementor-section-boxed elementor-section-height-default elementor-section-height-default\" data-id=\"b859971\" data-element_type=\"section\" data-e-type=\"section\">\n\t\t\t\t\t\t<div class=\"elementor-container elementor-column-gap-default\">\n\t\t\t\t\t<div class=\"elementor-column elementor-col-50 elementor-top-column elementor-element elementor-element-8f2c7cb\" data-id=\"8f2c7cb\" data-element_type=\"column\" data-e-type=\"column\">\n\t\t\t<div class=\"elementor-widget-wrap elementor-element-populated\">\n\t\t\t\t\t\t<div class=\"elementor-element elementor-element-b1f78b0 elementor-widget elementor-widget-image\" data-id=\"b1f78b0\" data-element_type=\"widget\" data-e-type=\"widget\" data-widget_type=\"image.default\">\n\t\t\t\t\t\t\t\t\t\t\t\t\t\t\t<img decoding=\"async\" width=\"300\" height=\"180\" src=\"https:\/\/www.estudidelmoble.com\/wp-content\/uploads\/2021\/10\/Logo-mini-b-n-fons-blanc_-compartir-espai-amb-altres-logos.png-1.jpg\" class=\"attachment-medium_large size-medium_large wp-image-33352\" alt=\"\" \/>\t\t\t\t\t\t\t\t\t\t\t\t\t\t\t<\/div>\n\t\t\t\t\t<\/div>\n\t\t<\/div>\n\t\t\t\t<div class=\"elementor-column elementor-col-50 elementor-top-column elementor-element elementor-element-4e62a0e\" data-id=\"4e62a0e\" data-element_type=\"column\" data-e-type=\"column\">\n\t\t\t<div class=\"elementor-widget-wrap elementor-element-populated\">\n\t\t\t\t\t\t<div class=\"elementor-element elementor-element-d5bf3e5 elementor-widget elementor-widget-image\" data-id=\"d5bf3e5\" data-element_type=\"widget\" data-e-type=\"widget\" data-widget_type=\"image.default\">\n\t\t\t\t\t\t\t\t\t\t\t\t\t\t\t<img decoding=\"async\" width=\"768\" height=\"207\" src=\"https:\/\/www.estudidelmoble.com\/wp-content\/uploads\/2017\/09\/RGB_marca_Color-768x207.jpg\" class=\"attachment-medium_large size-medium_large wp-image-41660\" alt=\"\" srcset=\"https:\/\/www.estudidelmoble.com\/wp-content\/uploads\/2017\/09\/RGB_marca_Color-768x207.jpg 768w, https:\/\/www.estudidelmoble.com\/wp-content\/uploads\/2017\/09\/RGB_marca_Color-300x81.jpg 300w, https:\/\/www.estudidelmoble.com\/wp-content\/uploads\/2017\/09\/RGB_marca_Color-1024x276.jpg 1024w, https:\/\/www.estudidelmoble.com\/wp-content\/uploads\/2017\/09\/RGB_marca_Color-1536x414.jpg 1536w, https:\/\/www.estudidelmoble.com\/wp-content\/uploads\/2017\/09\/RGB_marca_Color-2048x552.jpg 2048w, https:\/\/www.estudidelmoble.com\/wp-content\/uploads\/2017\/09\/RGB_marca_Color-600x162.jpg 600w\" sizes=\"(max-width: 768px) 100vw, 768px\" \/>\t\t\t\t\t\t\t\t\t\t\t\t\t\t\t<\/div>\n\t\t\t\t\t<\/div>\n\t\t<\/div>\n\t\t\t\t\t<\/div>\n\t\t<\/section>\n\t\t\t\t<section class=\"elementor-section elementor-top-section elementor-element elementor-element-21bf3fa elementor-section-boxed elementor-section-height-default elementor-section-height-default\" data-id=\"21bf3fa\" data-element_type=\"section\" data-e-type=\"section\">\n\t\t\t\t\t\t<div class=\"elementor-container elementor-column-gap-default\">\n\t\t\t\t\t<div class=\"elementor-column elementor-col-100 elementor-top-column elementor-element elementor-element-b02fc96\" data-id=\"b02fc96\" data-element_type=\"column\" data-e-type=\"column\">\n\t\t\t<div class=\"elementor-widget-wrap elementor-element-populated\">\n\t\t\t\t\t\t<div class=\"elementor-element elementor-element-608241e elementor-widget elementor-widget-text-editor\" data-id=\"608241e\" data-element_type=\"widget\" data-e-type=\"widget\" data-widget_type=\"text-editor.default\">\n\t\t\t\t\t\t\t\t\t<p>Colabora:<\/p>\t\t\t\t\t\t\t\t<\/div>\n\t\t\t\t\t<\/div>\n\t\t<\/div>\n\t\t\t\t\t<\/div>\n\t\t<\/section>\n\t\t\t\t<section class=\"elementor-section elementor-top-section elementor-element elementor-element-74539b7 elementor-section-boxed elementor-section-height-default elementor-section-height-default\" data-id=\"74539b7\" data-element_type=\"section\" data-e-type=\"section\">\n\t\t\t\t\t\t<div class=\"elementor-container elementor-column-gap-default\">\n\t\t\t\t\t<div class=\"elementor-column elementor-col-50 elementor-top-column elementor-element elementor-element-05e53f7\" data-id=\"05e53f7\" data-element_type=\"column\" data-e-type=\"column\">\n\t\t\t<div class=\"elementor-widget-wrap elementor-element-populated\">\n\t\t\t\t\t\t<div class=\"elementor-element elementor-element-baaf959 elementor-widget elementor-widget-image\" data-id=\"baaf959\" data-element_type=\"widget\" data-e-type=\"widget\" data-widget_type=\"image.default\">\n\t\t\t\t\t\t\t\t\t\t\t\t\t\t\t<img loading=\"lazy\" decoding=\"async\" width=\"297\" height=\"201\" src=\"https:\/\/www.estudidelmoble.com\/wp-content\/uploads\/2019\/07\/logo-Ceys-2-2.jpg\" class=\"attachment-medium_large size-medium_large wp-image-18407\" alt=\"logo Ceys\" \/>\t\t\t\t\t\t\t\t\t\t\t\t\t\t\t<\/div>\n\t\t\t\t\t<\/div>\n\t\t<\/div>\n\t\t\t\t<div class=\"elementor-column elementor-col-50 elementor-top-column elementor-element elementor-element-94a74e5\" data-id=\"94a74e5\" data-element_type=\"column\" data-e-type=\"column\">\n\t\t\t<div class=\"elementor-widget-wrap elementor-element-populated\">\n\t\t\t\t\t\t<div class=\"elementor-element elementor-element-915aef7 elementor-widget elementor-widget-image\" data-id=\"915aef7\" data-element_type=\"widget\" data-e-type=\"widget\" data-widget_type=\"image.default\">\n\t\t\t\t\t\t\t\t\t\t\t\t\t\t\t<img loading=\"lazy\" decoding=\"async\" width=\"451\" height=\"213\" src=\"https:\/\/www.estudidelmoble.com\/wp-content\/uploads\/2019\/12\/logo-congreso-CRBMC.jpg\" class=\"attachment-medium_large size-medium_large wp-image-7185\" alt=\"CRBMC logo\" srcset=\"https:\/\/www.estudidelmoble.com\/wp-content\/uploads\/2019\/12\/logo-congreso-CRBMC.jpg 451w, https:\/\/www.estudidelmoble.com\/wp-content\/uploads\/2019\/12\/logo-congreso-CRBMC-350x165.jpg 350w, https:\/\/www.estudidelmoble.com\/wp-content\/uploads\/2019\/12\/logo-congreso-CRBMC-300x142.jpg 300w\" sizes=\"(max-width: 451px) 100vw, 451px\" \/>\t\t\t\t\t\t\t\t\t\t\t\t\t\t\t<\/div>\n\t\t\t\t\t<\/div>\n\t\t<\/div>\n\t\t\t\t\t<\/div>\n\t\t<\/section>\n\t\t\t\t<\/div>\n\t\t","protected":false},"excerpt":{"rendered":"<p>Edici\u00f3n del curso anual organizado por la Asociaci\u00f3n para el Estudio del Mueble, que ha tratado sobre las t\u00e9cnicas art\u00edsticas aplicadas al mueble modernista.<\/p>\n","protected":false},"author":1,"featured_media":0,"comment_status":"closed","ping_status":"closed","sticky":false,"template":"","format":"standard","meta":{"_acf_changed":false,"footnotes":""},"categories":[28,309,300,45],"tags":[340,1086,1071,410],"class_list":["post-41630","post","type-post","status-publish","format-standard","hentry","category-blog-es","category-blog","category-publicaciones","category-publicacions","tag-expertos-es","tag-investigacion-es","tag-s-xix-es","tag-s-xx-es"],"acf":[],"_links":{"self":[{"href":"https:\/\/www.estudidelmoble.com\/es\/wp-json\/wp\/v2\/posts\/41630","targetHints":{"allow":["GET"]}}],"collection":[{"href":"https:\/\/www.estudidelmoble.com\/es\/wp-json\/wp\/v2\/posts"}],"about":[{"href":"https:\/\/www.estudidelmoble.com\/es\/wp-json\/wp\/v2\/types\/post"}],"author":[{"embeddable":true,"href":"https:\/\/www.estudidelmoble.com\/es\/wp-json\/wp\/v2\/users\/1"}],"replies":[{"embeddable":true,"href":"https:\/\/www.estudidelmoble.com\/es\/wp-json\/wp\/v2\/comments?post=41630"}],"version-history":[{"count":0,"href":"https:\/\/www.estudidelmoble.com\/es\/wp-json\/wp\/v2\/posts\/41630\/revisions"}],"wp:attachment":[{"href":"https:\/\/www.estudidelmoble.com\/es\/wp-json\/wp\/v2\/media?parent=41630"}],"wp:term":[{"taxonomy":"category","embeddable":true,"href":"https:\/\/www.estudidelmoble.com\/es\/wp-json\/wp\/v2\/categories?post=41630"},{"taxonomy":"post_tag","embeddable":true,"href":"https:\/\/www.estudidelmoble.com\/es\/wp-json\/wp\/v2\/tags?post=41630"}],"curies":[{"name":"wp","href":"https:\/\/api.w.org\/{rel}","templated":true}]}}