{"id":41689,"date":"2016-09-23T17:31:58","date_gmt":"2016-09-23T15:31:58","guid":{"rendered":"https:\/\/www.estudidelmoble.com\/marqueterias-en-la-conca-del-mediterraneo\/"},"modified":"2022-01-28T16:57:30","modified_gmt":"2022-01-28T14:57:30","slug":"marqueterias-en-la-conca-del-mediterraneo","status":"publish","type":"post","link":"https:\/\/www.estudidelmoble.com\/es\/marqueterias-en-la-conca-del-mediterraneo\/","title":{"rendered":"Marqueter\u00edas en la conca del Mediterr\u00e1neo"},"content":{"rendered":"\t\t<div data-elementor-type=\"wp-post\" data-elementor-id=\"41689\" class=\"elementor elementor-41689 elementor-12780\" data-elementor-post-type=\"post\">\n\t\t\t\t\t\t<section class=\"elementor-section elementor-top-section elementor-element elementor-element-995417d elementor-section-boxed elementor-section-height-default elementor-section-height-default\" data-id=\"995417d\" data-element_type=\"section\" data-e-type=\"section\">\n\t\t\t\t\t\t<div class=\"elementor-container elementor-column-gap-default\">\n\t\t\t\t\t<div class=\"elementor-column elementor-col-100 elementor-top-column elementor-element elementor-element-362cb6b\" data-id=\"362cb6b\" data-element_type=\"column\" data-e-type=\"column\">\n\t\t\t<div class=\"elementor-widget-wrap elementor-element-populated\">\n\t\t\t\t\t\t<div class=\"elementor-element elementor-element-84a013e elementor-widget elementor-widget-heading\" data-id=\"84a013e\" data-element_type=\"widget\" data-e-type=\"widget\" data-widget_type=\"heading.default\">\n\t\t\t\t\t<h1 class=\"elementor-heading-title elementor-size-default\">Marqueter\u00edas en la cuenca del Mediterr\u00e1neo<\/h1>\t\t\t\t<\/div>\n\t\t\t\t<div class=\"elementor-element elementor-element-55d3a55 elementor-widget elementor-widget-heading\" data-id=\"55d3a55\" data-element_type=\"widget\" data-e-type=\"widget\" data-widget_type=\"heading.default\">\n\t\t\t\t\t<h2 class=\"elementor-heading-title elementor-size-default\">Publicaci\u00f3n<\/h2>\t\t\t\t<\/div>\n\t\t\t\t\t<\/div>\n\t\t<\/div>\n\t\t\t\t\t<\/div>\n\t\t<\/section>\n\t\t\t\t<section class=\"elementor-section elementor-top-section elementor-element elementor-element-93521d8 elementor-section-boxed elementor-section-height-default elementor-section-height-default\" data-id=\"93521d8\" data-element_type=\"section\" data-e-type=\"section\">\n\t\t\t\t\t\t<div class=\"elementor-container elementor-column-gap-default\">\n\t\t\t\t\t<div class=\"elementor-column elementor-col-100 elementor-top-column elementor-element elementor-element-16d845d\" data-id=\"16d845d\" data-element_type=\"column\" data-e-type=\"column\">\n\t\t\t<div class=\"elementor-widget-wrap elementor-element-populated\">\n\t\t\t\t\t\t<div class=\"elementor-element elementor-element-3e32df7 elementor-widget elementor-widget-image\" data-id=\"3e32df7\" data-element_type=\"widget\" data-e-type=\"widget\" data-widget_type=\"image.default\">\n\t\t\t\t\t\t\t\t\t\t\t\t\t\t\t<img fetchpriority=\"high\" decoding=\"async\" width=\"768\" height=\"768\" src=\"https:\/\/www.estudidelmoble.com\/wp-content\/uploads\/2020\/09\/Portada-publi-12-Marqueteries-quadrada-768x768.jpg\" class=\"attachment-medium_large size-medium_large wp-image-19931\" alt=\"Publicacaci\u00f3: Marqueteries a la conca del Mediterrani:\" srcset=\"https:\/\/www.estudidelmoble.com\/wp-content\/uploads\/2020\/09\/Portada-publi-12-Marqueteries-quadrada-768x768.jpg 768w, https:\/\/www.estudidelmoble.com\/wp-content\/uploads\/2020\/09\/Portada-publi-12-Marqueteries-quadrada-300x300.jpg 300w, https:\/\/www.estudidelmoble.com\/wp-content\/uploads\/2020\/09\/Portada-publi-12-Marqueteries-quadrada-100x100.jpg 100w, https:\/\/www.estudidelmoble.com\/wp-content\/uploads\/2020\/09\/Portada-publi-12-Marqueteries-quadrada-600x600.jpg 600w, https:\/\/www.estudidelmoble.com\/wp-content\/uploads\/2020\/09\/Portada-publi-12-Marqueteries-quadrada-1024x1024.jpg 1024w, https:\/\/www.estudidelmoble.com\/wp-content\/uploads\/2020\/09\/Portada-publi-12-Marqueteries-quadrada-150x150.jpg 150w, https:\/\/www.estudidelmoble.com\/wp-content\/uploads\/2020\/09\/Portada-publi-12-Marqueteries-quadrada.jpg 1181w\" sizes=\"(max-width: 768px) 100vw, 768px\" \/>\t\t\t\t\t\t\t\t\t\t\t\t\t\t\t<\/div>\n\t\t\t\t\t<\/div>\n\t\t<\/div>\n\t\t\t\t\t<\/div>\n\t\t<\/section>\n\t\t\t\t<section class=\"elementor-section elementor-top-section elementor-element elementor-element-6313054 elementor-section-boxed elementor-section-height-default elementor-section-height-default\" data-id=\"6313054\" data-element_type=\"section\" data-e-type=\"section\">\n\t\t\t\t\t\t<div class=\"elementor-container elementor-column-gap-default\">\n\t\t\t\t\t<div class=\"elementor-column elementor-col-100 elementor-top-column elementor-element elementor-element-60b048c\" data-id=\"60b048c\" data-element_type=\"column\" data-e-type=\"column\">\n\t\t\t<div class=\"elementor-widget-wrap elementor-element-populated\">\n\t\t\t\t\t\t<div class=\"elementor-element elementor-element-d082c96 elementor-widget elementor-widget-spacer\" data-id=\"d082c96\" data-element_type=\"widget\" data-e-type=\"widget\" data-widget_type=\"spacer.default\">\n\t\t\t\t\t\t\t<div class=\"elementor-spacer\">\n\t\t\t<div class=\"elementor-spacer-inner\"><\/div>\n\t\t<\/div>\n\t\t\t\t\t\t<\/div>\n\t\t\t\t\t<\/div>\n\t\t<\/div>\n\t\t\t\t\t<\/div>\n\t\t<\/section>\n\t\t\t\t<section class=\"elementor-section elementor-top-section elementor-element elementor-element-ebad4c5 elementor-section-boxed elementor-section-height-default elementor-section-height-default\" data-id=\"ebad4c5\" data-element_type=\"section\" data-e-type=\"section\" data-settings=\"{&quot;background_background&quot;:&quot;classic&quot;}\">\n\t\t\t\t\t\t<div class=\"elementor-container elementor-column-gap-default\">\n\t\t\t\t\t<div class=\"elementor-column elementor-col-50 elementor-top-column elementor-element elementor-element-1e64ed0\" data-id=\"1e64ed0\" data-element_type=\"column\" data-e-type=\"column\" data-settings=\"{&quot;background_background&quot;:&quot;classic&quot;}\">\n\t\t\t<div class=\"elementor-widget-wrap elementor-element-populated\">\n\t\t\t\t\t\t<div class=\"elementor-element elementor-element-6f209f3 elementor-widget elementor-widget-text-editor\" data-id=\"6f209f3\" data-element_type=\"widget\" data-e-type=\"widget\" data-widget_type=\"text-editor.default\">\n\t\t\t\t\t\t\t\t\t<p><strong>T\u00edtol:<\/strong> Marqueter\u00edas en la cuenca del Mediterr\u00e1neo<br \/>\n<strong>Autor:<\/strong> VVAA<br \/>\n<strong>ISBN:<\/strong> 978-84-9850-990-8<br \/>\n<strong>Direcci\u00f3n: <\/strong>M\u00f3nica Piera<strong><br \/>\nCoordinaci\u00f3n: <\/strong>Guillem Masalles<br \/>\n<strong>Correcci\u00f3n de textos: <\/strong>Equipo Albert Mestres. Art\u00edculo de Jaume Llabr\u00e9s corregido por Magdalena Mulet Oliver<strong><br \/>\nP\u00e1g: <\/strong>154<\/p>\n\t\t\t\t\t\t\t\t<\/div>\n\t\t\t\t\t<\/div>\n\t\t<\/div>\n\t\t\t\t<div class=\"elementor-column elementor-col-50 elementor-top-column elementor-element elementor-element-e128572\" data-id=\"e128572\" data-element_type=\"column\" data-e-type=\"column\" data-settings=\"{&quot;background_background&quot;:&quot;classic&quot;}\">\n\t\t\t<div class=\"elementor-widget-wrap elementor-element-populated\">\n\t\t\t\t\t\t<div class=\"elementor-element elementor-element-d91ed6a elementor-align-center elementor-widget elementor-widget-button\" data-id=\"d91ed6a\" data-element_type=\"widget\" data-e-type=\"widget\" data-widget_type=\"button.default\">\n\t\t\t\t\t\t\t\t\t\t<a class=\"elementor-button elementor-button-link elementor-size-sm\" href=\"https:\/\/www.estudidelmoble.com\/es\/producte\/publicacion-12-2017\/\">\n\t\t\t\t\t\t<span class=\"elementor-button-content-wrapper\">\n\t\t\t\t\t\t\t\t\t<span class=\"elementor-button-text\">Compra la publicaci\u00f3n<\/span>\n\t\t\t\t\t<\/span>\n\t\t\t\t\t<\/a>\n\t\t\t\t\t\t\t\t<\/div>\n\t\t\t\t\t<\/div>\n\t\t<\/div>\n\t\t\t\t\t<\/div>\n\t\t<\/section>\n\t\t\t\t<section class=\"elementor-section elementor-top-section elementor-element elementor-element-7e57a3d elementor-section-boxed elementor-section-height-default elementor-section-height-default\" data-id=\"7e57a3d\" data-element_type=\"section\" data-e-type=\"section\">\n\t\t\t\t\t\t<div class=\"elementor-container elementor-column-gap-default\">\n\t\t\t\t\t<div class=\"elementor-column elementor-col-100 elementor-top-column elementor-element elementor-element-bd08e83\" data-id=\"bd08e83\" data-element_type=\"column\" data-e-type=\"column\">\n\t\t\t<div class=\"elementor-widget-wrap elementor-element-populated\">\n\t\t\t\t\t\t<div class=\"elementor-element elementor-element-b689fae elementor-widget elementor-widget-spacer\" data-id=\"b689fae\" data-element_type=\"widget\" data-e-type=\"widget\" data-widget_type=\"spacer.default\">\n\t\t\t\t\t\t\t<div class=\"elementor-spacer\">\n\t\t\t<div class=\"elementor-spacer-inner\"><\/div>\n\t\t<\/div>\n\t\t\t\t\t\t<\/div>\n\t\t\t\t\t<\/div>\n\t\t<\/div>\n\t\t\t\t\t<\/div>\n\t\t<\/section>\n\t\t\t\t<section class=\"elementor-section elementor-top-section elementor-element elementor-element-c74051b elementor-section-boxed elementor-section-height-default elementor-section-height-default\" data-id=\"c74051b\" data-element_type=\"section\" data-e-type=\"section\">\n\t\t\t\t\t\t<div class=\"elementor-container elementor-column-gap-default\">\n\t\t\t\t\t<div class=\"elementor-column elementor-col-100 elementor-top-column elementor-element elementor-element-e5ac6bf\" data-id=\"e5ac6bf\" data-element_type=\"column\" data-e-type=\"column\">\n\t\t\t<div class=\"elementor-widget-wrap elementor-element-populated\">\n\t\t\t\t\t\t<div class=\"elementor-element elementor-element-02bca58 elementor-widget elementor-widget-text-editor\" data-id=\"02bca58\" data-element_type=\"widget\" data-e-type=\"widget\" data-widget_type=\"text-editor.default\">\n\t\t\t\t\t\t\t\t\t<p>La publicaci\u00f3n centra la atenci\u00f3n en los trabajos realizados en la Mediterr\u00e1nea, concretamente en tres tipos de marqueter\u00eda diferente. La marqueter\u00eda isl\u00e1mica y sus derivados mud\u00e9jares. Las marqueter\u00edas desarrolladas en la pen\u00ednsula italiana en el periodo g\u00f3tico y renacentista, y en las obras localizadas en la pen\u00ednsula Ib\u00e9rica y Mallorca que tienen como referencia aquellas propuestas. El tercer asunto tratado fue el de las producciones en marqueter\u00eda de los siglos XIX y XX. Los especialistas espa\u00f1oles de mueble lideran los estudios sobre la marqueter\u00eda realizada en la pen\u00ednsula Ib\u00e9rica. Por una vez, las aportaciones no llegan de pa\u00edses anglosajones, sino que nuestros profesionales ofrecen aportaciones relevantes sobre el tema. Sin duda se trata de una publicaci\u00f3n de referencia sobre las marqueter\u00edas en la cuenca del Mediterr\u00e1neo y una nueva aportaci\u00f3n a los estudios del mueble. <\/p>\n\t\t\t\t\t\t\t\t<\/div>\n\t\t\t\t\t<\/div>\n\t\t<\/div>\n\t\t\t\t\t<\/div>\n\t\t<\/section>\n\t\t\t\t<section class=\"elementor-section elementor-top-section elementor-element elementor-element-a8b4c86 elementor-section-boxed elementor-section-height-default elementor-section-height-default\" data-id=\"a8b4c86\" data-element_type=\"section\" data-e-type=\"section\">\n\t\t\t\t\t\t<div class=\"elementor-container elementor-column-gap-default\">\n\t\t\t\t\t<div class=\"elementor-column elementor-col-100 elementor-top-column elementor-element elementor-element-032ba67\" data-id=\"032ba67\" data-element_type=\"column\" data-e-type=\"column\">\n\t\t\t<div class=\"elementor-widget-wrap elementor-element-populated\">\n\t\t\t\t\t\t<div class=\"elementor-element elementor-element-4aabcdc elementor-widget elementor-widget-spacer\" data-id=\"4aabcdc\" data-element_type=\"widget\" data-e-type=\"widget\" data-widget_type=\"spacer.default\">\n\t\t\t\t\t\t\t<div class=\"elementor-spacer\">\n\t\t\t<div class=\"elementor-spacer-inner\"><\/div>\n\t\t<\/div>\n\t\t\t\t\t\t<\/div>\n\t\t\t\t\t<\/div>\n\t\t<\/div>\n\t\t\t\t\t<\/div>\n\t\t<\/section>\n\t\t\t\t<section class=\"elementor-section elementor-top-section elementor-element elementor-element-bca0da0 elementor-section-boxed elementor-section-height-default elementor-section-height-default\" data-id=\"bca0da0\" data-element_type=\"section\" data-e-type=\"section\">\n\t\t\t\t\t\t<div class=\"elementor-container elementor-column-gap-default\">\n\t\t\t\t\t<div class=\"elementor-column elementor-col-100 elementor-top-column elementor-element elementor-element-01a00de\" data-id=\"01a00de\" data-element_type=\"column\" data-e-type=\"column\">\n\t\t\t<div class=\"elementor-widget-wrap elementor-element-populated\">\n\t\t\t\t\t\t<div class=\"elementor-element elementor-element-10c2015 elementor-widget elementor-widget-text-editor\" data-id=\"10c2015\" data-element_type=\"widget\" data-e-type=\"widget\" data-widget_type=\"text-editor.default\">\n\t\t\t\t\t\t\t\t\t<p>\u00cdndice<\/p>\n\t\t\t\t\t\t\t\t<\/div>\n\t\t\t\t\t<\/div>\n\t\t<\/div>\n\t\t\t\t\t<\/div>\n\t\t<\/section>\n\t\t\t\t<section class=\"elementor-section elementor-top-section elementor-element elementor-element-cb988c9 elementor-section-boxed elementor-section-height-default elementor-section-height-default\" data-id=\"cb988c9\" data-element_type=\"section\" data-e-type=\"section\">\n\t\t\t\t\t\t<div class=\"elementor-container elementor-column-gap-default\">\n\t\t\t\t\t<div class=\"elementor-column elementor-col-100 elementor-top-column elementor-element elementor-element-44a2dc1\" data-id=\"44a2dc1\" data-element_type=\"column\" data-e-type=\"column\">\n\t\t\t<div class=\"elementor-widget-wrap elementor-element-populated\">\n\t\t\t\t\t\t<div class=\"elementor-element elementor-element-daf0d1b elementor-widget elementor-widget-text-editor\" data-id=\"daf0d1b\" data-element_type=\"widget\" data-e-type=\"widget\" data-widget_type=\"text-editor.default\">\n\t\t\t\t\t\t\t\t\t<ul>\n<li><em>Consensuemos terminolog\u00eda<\/em>.\u00a0<strong>Mar\u00eda Paz Aguil\u00f3 Alonso<\/strong> y <strong>M\u00f3nica Piera Miquel<\/strong><\/li>\n<li><em>El arte mud\u00e9jar y su expresi\u00f3n en las labores de la madera<\/em>. <strong>Mar\u00eda Mercedes Fern\u00e1ndez Mart\u00edn<\/strong><\/li>\n<li><em>La taracea en bloque en Espa\u00f1a entre 1400 y 1550.<\/em> <strong>Casto Castellanos Ruiz<\/strong><\/li>\n<li><em>Una aproximaci\u00f3n a los muebles de marqueter\u00eda del siglo xvi en Catalu\u00f1a.<\/em>\u00a0<strong>Miquel Angel Alarcia<\/strong><\/li>\n<li><em>Anotacions sobre tarsia i mobiliari a Mallorca: del g\u00f2tic a l\u2019historicisme del segle XIX.<\/em>\u00a0<strong>Jaume Llabr\u00e9s<\/strong><\/li>\n<li><em>Taracea en Arag\u00f3n. Or\u00edgenes y evoluci\u00f3n<\/em>.\u00a0<strong>Mar\u00eda Paz Aguil\u00f3 Alonso<\/strong><\/li>\n<li><em>La tarsia en la documentaci\u00f3 notarial. Inventaris postmortem de Barcelona. 1597-1690.\u00a0<\/em><strong>Xavier Lencina i P\u00e9rez<\/strong><\/li>\n<li><em>Muebles con taracea del Museo Nacional de Artes Decorativas. Una historia de las colecciones.\u00a0<\/em><strong>Sof\u00eda Rodr\u00edguez Bernis<\/strong> y <strong>F\u00e9lix de la Fuente Andr\u00e9s<\/strong><\/li>\n<li><em>T\u00e9cnica, materiales y dise\u00f1o. La taracea o marqueter\u00eda en los muebles estudiados por la Associaci\u00f3 per a l\u2019Estudi del Moble<\/em>. <strong>\u00c0ngels Creus Tu\u00e8bols<\/strong><\/li>\n<li><em>La taracea de hueso en la Barcelona de finales del siglo xix: algunas colecciones y talleres.<\/em> <strong>M\u00f3nica Piera Miquel<\/strong><\/li>\n<li><em>L\u2019arte dell\u2019intarsio a Sorrento dall\u2019Ottocento ad oggi.<\/em><strong> Alessandro Fiorentino<\/strong><\/li>\n<li><strong>Annex:<\/strong> Fitxes de mobles amb tarsia de la Fundaci\u00f3n Ram\u00f3n Pla i del Museu del Disseny de Barcelona\u00a0<\/li>\n<\/ul>\n\t\t\t\t\t\t\t\t<\/div>\n\t\t\t\t\t<\/div>\n\t\t<\/div>\n\t\t\t\t\t<\/div>\n\t\t<\/section>\n\t\t\t\t<section class=\"elementor-section elementor-top-section elementor-element elementor-element-5fa7855 elementor-section-boxed elementor-section-height-default elementor-section-height-default\" data-id=\"5fa7855\" data-element_type=\"section\" data-e-type=\"section\">\n\t\t\t\t\t\t<div class=\"elementor-container elementor-column-gap-default\">\n\t\t\t\t\t<div class=\"elementor-column elementor-col-100 elementor-top-column elementor-element elementor-element-634578e\" data-id=\"634578e\" data-element_type=\"column\" data-e-type=\"column\">\n\t\t\t<div class=\"elementor-widget-wrap elementor-element-populated\">\n\t\t\t\t\t\t<div class=\"elementor-element elementor-element-35a11e1 elementor-widget elementor-widget-spacer\" data-id=\"35a11e1\" data-element_type=\"widget\" data-e-type=\"widget\" data-widget_type=\"spacer.default\">\n\t\t\t\t\t\t\t<div class=\"elementor-spacer\">\n\t\t\t<div class=\"elementor-spacer-inner\"><\/div>\n\t\t<\/div>\n\t\t\t\t\t\t<\/div>\n\t\t\t\t\t<\/div>\n\t\t<\/div>\n\t\t\t\t\t<\/div>\n\t\t<\/section>\n\t\t\t\t<section class=\"elementor-section elementor-top-section elementor-element elementor-element-914c934 elementor-section-boxed elementor-section-height-default elementor-section-height-default\" data-id=\"914c934\" data-element_type=\"section\" data-e-type=\"section\">\n\t\t\t\t\t\t<div class=\"elementor-container elementor-column-gap-default\">\n\t\t\t\t\t<div class=\"elementor-column elementor-col-100 elementor-top-column elementor-element elementor-element-bf82272\" data-id=\"bf82272\" data-element_type=\"column\" data-e-type=\"column\">\n\t\t\t<div class=\"elementor-widget-wrap elementor-element-populated\">\n\t\t\t\t\t\t<div class=\"elementor-element elementor-element-1bc5b86 elementor-widget elementor-widget-text-editor\" data-id=\"1bc5b86\" data-element_type=\"widget\" data-e-type=\"widget\" data-widget_type=\"text-editor.default\">\n\t\t\t\t\t\t\t\t\t<p>Con el apoyo de:<\/p>\n\t\t\t\t\t\t\t\t<\/div>\n\t\t\t\t\t<\/div>\n\t\t<\/div>\n\t\t\t\t\t<\/div>\n\t\t<\/section>\n\t\t\t\t<section class=\"elementor-section elementor-top-section elementor-element elementor-element-5abc72c elementor-section-boxed elementor-section-height-default elementor-section-height-default\" data-id=\"5abc72c\" data-element_type=\"section\" data-e-type=\"section\">\n\t\t\t\t\t\t<div class=\"elementor-container elementor-column-gap-default\">\n\t\t\t\t\t<div class=\"elementor-column elementor-col-50 elementor-top-column elementor-element elementor-element-56d9ad5\" data-id=\"56d9ad5\" data-element_type=\"column\" data-e-type=\"column\">\n\t\t\t<div class=\"elementor-widget-wrap elementor-element-populated\">\n\t\t\t\t\t\t<div class=\"elementor-element elementor-element-abf3d14 elementor-widget elementor-widget-image\" data-id=\"abf3d14\" data-element_type=\"widget\" data-e-type=\"widget\" data-widget_type=\"image.default\">\n\t\t\t\t\t\t\t\t\t\t\t\t\t\t\t<img decoding=\"async\" width=\"300\" height=\"180\" src=\"https:\/\/www.estudidelmoble.com\/wp-content\/uploads\/2021\/10\/Logo-mini-b-n-fons-blanc_-compartir-espai-amb-altres-logos.png-1.jpg\" class=\"attachment-medium_large size-medium_large wp-image-33352\" alt=\"\" \/>\t\t\t\t\t\t\t\t\t\t\t\t\t\t\t<\/div>\n\t\t\t\t\t<\/div>\n\t\t<\/div>\n\t\t\t\t<div class=\"elementor-column elementor-col-50 elementor-top-column elementor-element elementor-element-c4d1b27\" data-id=\"c4d1b27\" data-element_type=\"column\" data-e-type=\"column\">\n\t\t\t<div class=\"elementor-widget-wrap elementor-element-populated\">\n\t\t\t\t\t\t<div class=\"elementor-element elementor-element-8d2d3dc elementor-widget elementor-widget-image\" data-id=\"8d2d3dc\" data-element_type=\"widget\" data-e-type=\"widget\" data-widget_type=\"image.default\">\n\t\t\t\t\t\t\t\t\t\t\t\t\t\t\t<img decoding=\"async\" width=\"768\" height=\"207\" src=\"https:\/\/www.estudidelmoble.com\/wp-content\/uploads\/2017\/09\/RGB_marca_Color-768x207.jpg\" class=\"attachment-medium_large size-medium_large wp-image-41660\" alt=\"\" srcset=\"https:\/\/www.estudidelmoble.com\/wp-content\/uploads\/2017\/09\/RGB_marca_Color-768x207.jpg 768w, https:\/\/www.estudidelmoble.com\/wp-content\/uploads\/2017\/09\/RGB_marca_Color-300x81.jpg 300w, https:\/\/www.estudidelmoble.com\/wp-content\/uploads\/2017\/09\/RGB_marca_Color-1024x276.jpg 1024w, https:\/\/www.estudidelmoble.com\/wp-content\/uploads\/2017\/09\/RGB_marca_Color-1536x414.jpg 1536w, https:\/\/www.estudidelmoble.com\/wp-content\/uploads\/2017\/09\/RGB_marca_Color-2048x552.jpg 2048w, https:\/\/www.estudidelmoble.com\/wp-content\/uploads\/2017\/09\/RGB_marca_Color-600x162.jpg 600w\" sizes=\"(max-width: 768px) 100vw, 768px\" \/>\t\t\t\t\t\t\t\t\t\t\t\t\t\t\t<\/div>\n\t\t\t\t\t<\/div>\n\t\t<\/div>\n\t\t\t\t\t<\/div>\n\t\t<\/section>\n\t\t\t\t<section class=\"elementor-section elementor-top-section elementor-element elementor-element-39f4ba1 elementor-section-boxed elementor-section-height-default elementor-section-height-default\" data-id=\"39f4ba1\" data-element_type=\"section\" data-e-type=\"section\">\n\t\t\t\t\t\t<div class=\"elementor-container elementor-column-gap-default\">\n\t\t\t\t\t<div class=\"elementor-column elementor-col-100 elementor-top-column elementor-element elementor-element-f29412e\" data-id=\"f29412e\" data-element_type=\"column\" data-e-type=\"column\">\n\t\t\t<div class=\"elementor-widget-wrap elementor-element-populated\">\n\t\t\t\t\t\t<div class=\"elementor-element elementor-element-7578d70 elementor-widget elementor-widget-text-editor\" data-id=\"7578d70\" data-element_type=\"widget\" data-e-type=\"widget\" data-widget_type=\"text-editor.default\">\n\t\t\t\t\t\t\t\t\t<p>Colabora:<\/p>\n\t\t\t\t\t\t\t\t<\/div>\n\t\t\t\t\t<\/div>\n\t\t<\/div>\n\t\t\t\t\t<\/div>\n\t\t<\/section>\n\t\t\t\t<section class=\"elementor-section elementor-top-section elementor-element elementor-element-ff862c0 elementor-section-boxed elementor-section-height-default elementor-section-height-default\" data-id=\"ff862c0\" data-element_type=\"section\" data-e-type=\"section\">\n\t\t\t\t\t\t<div class=\"elementor-container elementor-column-gap-default\">\n\t\t\t\t\t<div class=\"elementor-column elementor-col-33 elementor-top-column elementor-element elementor-element-3725385\" data-id=\"3725385\" data-element_type=\"column\" data-e-type=\"column\">\n\t\t\t<div class=\"elementor-widget-wrap elementor-element-populated\">\n\t\t\t\t\t\t<div class=\"elementor-element elementor-element-a5b297a elementor-widget elementor-widget-image\" data-id=\"a5b297a\" data-element_type=\"widget\" data-e-type=\"widget\" data-widget_type=\"image.default\">\n\t\t\t\t\t\t\t\t\t\t\t\t\t\t\t<img loading=\"lazy\" decoding=\"async\" width=\"297\" height=\"201\" src=\"https:\/\/www.estudidelmoble.com\/wp-content\/uploads\/2019\/07\/logo-Ceys-2-2.jpg\" class=\"attachment-medium_large size-medium_large wp-image-18407\" alt=\"logo Ceys\" \/>\t\t\t\t\t\t\t\t\t\t\t\t\t\t\t<\/div>\n\t\t\t\t\t<\/div>\n\t\t<\/div>\n\t\t\t\t<div class=\"elementor-column elementor-col-33 elementor-top-column elementor-element elementor-element-f641247\" data-id=\"f641247\" data-element_type=\"column\" data-e-type=\"column\">\n\t\t\t<div class=\"elementor-widget-wrap elementor-element-populated\">\n\t\t\t\t\t\t<div class=\"elementor-element elementor-element-aa5142e elementor-widget elementor-widget-image\" data-id=\"aa5142e\" data-element_type=\"widget\" data-e-type=\"widget\" data-widget_type=\"image.default\">\n\t\t\t\t\t\t\t\t\t\t\t\t\t\t\t<img loading=\"lazy\" decoding=\"async\" width=\"451\" height=\"213\" src=\"https:\/\/www.estudidelmoble.com\/wp-content\/uploads\/2019\/12\/logo-congreso-CRBMC.jpg\" class=\"attachment-medium_large size-medium_large wp-image-7185\" alt=\"CRBMC logo\" srcset=\"https:\/\/www.estudidelmoble.com\/wp-content\/uploads\/2019\/12\/logo-congreso-CRBMC.jpg 451w, https:\/\/www.estudidelmoble.com\/wp-content\/uploads\/2019\/12\/logo-congreso-CRBMC-350x165.jpg 350w, https:\/\/www.estudidelmoble.com\/wp-content\/uploads\/2019\/12\/logo-congreso-CRBMC-300x142.jpg 300w\" sizes=\"(max-width: 451px) 100vw, 451px\" \/>\t\t\t\t\t\t\t\t\t\t\t\t\t\t\t<\/div>\n\t\t\t\t\t<\/div>\n\t\t<\/div>\n\t\t\t\t<div class=\"elementor-column elementor-col-33 elementor-top-column elementor-element elementor-element-185ba9b\" data-id=\"185ba9b\" data-element_type=\"column\" data-e-type=\"column\">\n\t\t\t<div class=\"elementor-widget-wrap elementor-element-populated\">\n\t\t\t\t\t\t<div class=\"elementor-element elementor-element-ed6485f elementor-widget elementor-widget-image\" data-id=\"ed6485f\" data-element_type=\"widget\" data-e-type=\"widget\" data-widget_type=\"image.default\">\n\t\t\t\t\t\t\t\t\t\t\t\t\t\t\t<img loading=\"lazy\" decoding=\"async\" width=\"558\" height=\"558\" src=\"https:\/\/www.estudidelmoble.com\/wp-content\/uploads\/2022\/01\/Fundacio-Ramon-Pla-Q-e1662967962750.jpg\" class=\"attachment-medium_large size-medium_large wp-image-39012\" alt=\"\" \/>\t\t\t\t\t\t\t\t\t\t\t\t\t\t\t<\/div>\n\t\t\t\t\t<\/div>\n\t\t<\/div>\n\t\t\t\t\t<\/div>\n\t\t<\/section>\n\t\t\t\t<\/div>\n\t\t","protected":false},"excerpt":{"rendered":"<p>La publicaci\u00f3n centra la atenci\u00f3n en los trabajos realizados en la Mediterr\u00e1nea, concretamente en tres tipos de marqueter\u00eda diferente. <\/p>\n","protected":false},"author":86,"featured_media":19931,"comment_status":"closed","ping_status":"closed","sticky":false,"template":"","format":"standard","meta":{"_acf_changed":false,"footnotes":""},"categories":[28,300],"tags":[340,1086],"class_list":["post-41689","post","type-post","status-publish","format-standard","has-post-thumbnail","hentry","category-blog-es","category-publicaciones","tag-expertos-es","tag-investigacion-es"],"acf":[],"_links":{"self":[{"href":"https:\/\/www.estudidelmoble.com\/es\/wp-json\/wp\/v2\/posts\/41689","targetHints":{"allow":["GET"]}}],"collection":[{"href":"https:\/\/www.estudidelmoble.com\/es\/wp-json\/wp\/v2\/posts"}],"about":[{"href":"https:\/\/www.estudidelmoble.com\/es\/wp-json\/wp\/v2\/types\/post"}],"author":[{"embeddable":true,"href":"https:\/\/www.estudidelmoble.com\/es\/wp-json\/wp\/v2\/users\/86"}],"replies":[{"embeddable":true,"href":"https:\/\/www.estudidelmoble.com\/es\/wp-json\/wp\/v2\/comments?post=41689"}],"version-history":[{"count":0,"href":"https:\/\/www.estudidelmoble.com\/es\/wp-json\/wp\/v2\/posts\/41689\/revisions"}],"wp:featuredmedia":[{"embeddable":true,"href":"https:\/\/www.estudidelmoble.com\/es\/wp-json\/wp\/v2\/media\/19931"}],"wp:attachment":[{"href":"https:\/\/www.estudidelmoble.com\/es\/wp-json\/wp\/v2\/media?parent=41689"}],"wp:term":[{"taxonomy":"category","embeddable":true,"href":"https:\/\/www.estudidelmoble.com\/es\/wp-json\/wp\/v2\/categories?post=41689"},{"taxonomy":"post_tag","embeddable":true,"href":"https:\/\/www.estudidelmoble.com\/es\/wp-json\/wp\/v2\/tags?post=41689"}],"curies":[{"name":"wp","href":"https:\/\/api.w.org\/{rel}","templated":true}]}}