{"id":41807,"date":"2008-12-23T11:52:00","date_gmt":"2008-12-23T09:52:00","guid":{"rendered":"https:\/\/www.estudidelmoble.com\/audacia-i-delicadesa\/"},"modified":"2022-01-31T18:58:42","modified_gmt":"2022-01-31T16:58:42","slug":"audacia-i-delicadesa","status":"publish","type":"post","link":"https:\/\/www.estudidelmoble.com\/es\/audacia-i-delicadesa\/","title":{"rendered":"Aud\u00e0cia i Delicadesa"},"content":{"rendered":"\t\t<div data-elementor-type=\"wp-post\" data-elementor-id=\"41807\" class=\"elementor elementor-41807 elementor-7717\" data-elementor-post-type=\"post\">\n\t\t\t\t\t\t<section class=\"elementor-section elementor-top-section elementor-element elementor-element-1c5728e elementor-section-boxed elementor-section-height-default elementor-section-height-default\" data-id=\"1c5728e\" data-element_type=\"section\" data-e-type=\"section\">\n\t\t\t\t\t\t<div class=\"elementor-container elementor-column-gap-default\">\n\t\t\t\t\t<div class=\"elementor-column elementor-col-100 elementor-top-column elementor-element elementor-element-f3f4c59\" data-id=\"f3f4c59\" data-element_type=\"column\" data-e-type=\"column\">\n\t\t\t<div class=\"elementor-widget-wrap elementor-element-populated\">\n\t\t\t\t\t\t<div class=\"elementor-element elementor-element-8e0b071 elementor-widget elementor-widget-heading\" data-id=\"8e0b071\" data-element_type=\"widget\" data-e-type=\"widget\" data-widget_type=\"heading.default\">\n\t\t\t\t\t<h1 class=\"elementor-heading-title elementor-size-default\">Aud\u00e0cia i Delicadesa<\/h1>\t\t\t\t<\/div>\n\t\t\t\t<div class=\"elementor-element elementor-element-80e15eb elementor-widget elementor-widget-heading\" data-id=\"80e15eb\" data-element_type=\"widget\" data-e-type=\"widget\" data-widget_type=\"heading.default\">\n\t\t\t\t\t<h2 class=\"elementor-heading-title elementor-size-default\">El moble de Torroella de Montgr\u00ed i l'Empord\u00e0 (1700-1800)<\/h2>\t\t\t\t<\/div>\n\t\t\t\t\t<\/div>\n\t\t<\/div>\n\t\t\t\t\t<\/div>\n\t\t<\/section>\n\t\t\t\t<section class=\"elementor-section elementor-top-section elementor-element elementor-element-617b6d8 elementor-section-boxed elementor-section-height-default elementor-section-height-default\" data-id=\"617b6d8\" data-element_type=\"section\" data-e-type=\"section\">\n\t\t\t\t\t\t<div class=\"elementor-container elementor-column-gap-default\">\n\t\t\t\t\t<div class=\"elementor-column elementor-col-100 elementor-top-column elementor-element elementor-element-9532995\" data-id=\"9532995\" data-element_type=\"column\" data-e-type=\"column\">\n\t\t\t<div class=\"elementor-widget-wrap elementor-element-populated\">\n\t\t\t\t\t\t<div class=\"elementor-element elementor-element-5d4a8ec elementor-widget elementor-widget-spacer\" data-id=\"5d4a8ec\" data-element_type=\"widget\" data-e-type=\"widget\" data-widget_type=\"spacer.default\">\n\t\t\t\t\t\t\t<div class=\"elementor-spacer\">\n\t\t\t<div class=\"elementor-spacer-inner\"><\/div>\n\t\t<\/div>\n\t\t\t\t\t\t<\/div>\n\t\t\t\t<div class=\"elementor-element elementor-element-9ffff7b elementor-widget elementor-widget-image\" data-id=\"9ffff7b\" data-element_type=\"widget\" data-e-type=\"widget\" data-widget_type=\"image.default\">\n\t\t\t\t\t\t\t\t\t\t\t\t\t\t\t<img fetchpriority=\"high\" decoding=\"async\" width=\"460\" height=\"460\" src=\"https:\/\/www.estudidelmoble.com\/wp-content\/uploads\/2019\/10\/audacia-i-delicadesa-el-moble-de-torroella-de-montgri-i-lemporda-1700-1800.jpg\" class=\"attachment-large size-large wp-image-4381\" alt=\"Ptada\" srcset=\"https:\/\/www.estudidelmoble.com\/wp-content\/uploads\/2019\/10\/audacia-i-delicadesa-el-moble-de-torroella-de-montgri-i-lemporda-1700-1800.jpg 460w, https:\/\/www.estudidelmoble.com\/wp-content\/uploads\/2019\/10\/audacia-i-delicadesa-el-moble-de-torroella-de-montgri-i-lemporda-1700-1800-300x300.jpg 300w, https:\/\/www.estudidelmoble.com\/wp-content\/uploads\/2019\/10\/audacia-i-delicadesa-el-moble-de-torroella-de-montgri-i-lemporda-1700-1800-100x100.jpg 100w, https:\/\/www.estudidelmoble.com\/wp-content\/uploads\/2019\/10\/audacia-i-delicadesa-el-moble-de-torroella-de-montgri-i-lemporda-1700-1800-350x350.jpg 350w, https:\/\/www.estudidelmoble.com\/wp-content\/uploads\/2019\/10\/audacia-i-delicadesa-el-moble-de-torroella-de-montgri-i-lemporda-1700-1800-150x150.jpg 150w\" sizes=\"(max-width: 460px) 100vw, 460px\" \/>\t\t\t\t\t\t\t\t\t\t\t\t\t\t\t<\/div>\n\t\t\t\t\t<\/div>\n\t\t<\/div>\n\t\t\t\t\t<\/div>\n\t\t<\/section>\n\t\t\t\t<section class=\"elementor-section elementor-top-section elementor-element elementor-element-93e29dd elementor-section-boxed elementor-section-height-default elementor-section-height-default\" data-id=\"93e29dd\" data-element_type=\"section\" data-e-type=\"section\">\n\t\t\t\t\t\t<div class=\"elementor-container elementor-column-gap-default\">\n\t\t\t\t\t<div class=\"elementor-column elementor-col-100 elementor-top-column elementor-element elementor-element-0893f40\" data-id=\"0893f40\" data-element_type=\"column\" data-e-type=\"column\">\n\t\t\t<div class=\"elementor-widget-wrap elementor-element-populated\">\n\t\t\t\t\t\t<div class=\"elementor-element elementor-element-ef81380 elementor-widget elementor-widget-spacer\" data-id=\"ef81380\" data-element_type=\"widget\" data-e-type=\"widget\" data-widget_type=\"spacer.default\">\n\t\t\t\t\t\t\t<div class=\"elementor-spacer\">\n\t\t\t<div class=\"elementor-spacer-inner\"><\/div>\n\t\t<\/div>\n\t\t\t\t\t\t<\/div>\n\t\t\t\t\t<\/div>\n\t\t<\/div>\n\t\t\t\t\t<\/div>\n\t\t<\/section>\n\t\t\t\t<section class=\"elementor-section elementor-top-section elementor-element elementor-element-72c6b62 elementor-section-boxed elementor-section-height-default elementor-section-height-default\" data-id=\"72c6b62\" data-element_type=\"section\" data-e-type=\"section\" data-settings=\"{&quot;background_background&quot;:&quot;classic&quot;}\">\n\t\t\t\t\t\t<div class=\"elementor-container elementor-column-gap-default\">\n\t\t\t\t\t<div class=\"elementor-column elementor-col-50 elementor-top-column elementor-element elementor-element-ceb1830\" data-id=\"ceb1830\" data-element_type=\"column\" data-e-type=\"column\" data-settings=\"{&quot;background_background&quot;:&quot;classic&quot;}\">\n\t\t\t<div class=\"elementor-widget-wrap elementor-element-populated\">\n\t\t\t\t\t\t<div class=\"elementor-element elementor-element-ee378aa elementor-widget elementor-widget-text-editor\" data-id=\"ee378aa\" data-element_type=\"widget\" data-e-type=\"widget\" data-widget_type=\"text-editor.default\">\n\t\t\t\t\t\t\t\t\t<p><strong>T\u00edtulo:<\/strong> Aud\u00e0cia i Delicadesa. El moble de Torroella de Montgr\u00ed i l&#8217;Empord\u00e0 (1700-1800)<br \/>\n<strong>Autora:<\/strong> M\u00f3nica Piera<br \/>\n<strong>ISBN:<\/strong> 978-84-612-2197-4<br \/>\n<strong>P\u00e1g:<\/strong> 450<\/p>\n\t\t\t\t\t\t\t\t<\/div>\n\t\t\t\t\t<\/div>\n\t\t<\/div>\n\t\t\t\t<div class=\"elementor-column elementor-col-50 elementor-top-column elementor-element elementor-element-779f30a\" data-id=\"779f30a\" data-element_type=\"column\" data-e-type=\"column\" data-settings=\"{&quot;background_background&quot;:&quot;classic&quot;}\">\n\t\t\t<div class=\"elementor-widget-wrap elementor-element-populated\">\n\t\t\t\t\t\t<div class=\"elementor-element elementor-element-ec7e28e elementor-align-center elementor-widget elementor-widget-button\" data-id=\"ec7e28e\" data-element_type=\"widget\" data-e-type=\"widget\" data-widget_type=\"button.default\">\n\t\t\t\t\t\t\t\t\t\t<a class=\"elementor-button elementor-button-link elementor-size-sm\" href=\"https:\/\/www.estudidelmoble.com\/es\/producte\/audacia-i-delicadesa\/\">\n\t\t\t\t\t\t<span class=\"elementor-button-content-wrapper\">\n\t\t\t\t\t\t\t\t\t<span class=\"elementor-button-text\">Compra la publicaci\u00f3n<\/span>\n\t\t\t\t\t<\/span>\n\t\t\t\t\t<\/a>\n\t\t\t\t\t\t\t\t<\/div>\n\t\t\t\t\t<\/div>\n\t\t<\/div>\n\t\t\t\t\t<\/div>\n\t\t<\/section>\n\t\t\t\t<section class=\"elementor-section elementor-top-section elementor-element elementor-element-17d2477 elementor-section-boxed elementor-section-height-default elementor-section-height-default\" data-id=\"17d2477\" data-element_type=\"section\" data-e-type=\"section\">\n\t\t\t\t\t\t<div class=\"elementor-container elementor-column-gap-default\">\n\t\t\t\t\t<div class=\"elementor-column elementor-col-100 elementor-top-column elementor-element elementor-element-1bb9019\" data-id=\"1bb9019\" data-element_type=\"column\" data-e-type=\"column\">\n\t\t\t<div class=\"elementor-widget-wrap elementor-element-populated\">\n\t\t\t\t\t\t<div class=\"elementor-element elementor-element-bc10f36 elementor-widget elementor-widget-spacer\" data-id=\"bc10f36\" data-element_type=\"widget\" data-e-type=\"widget\" data-widget_type=\"spacer.default\">\n\t\t\t\t\t\t\t<div class=\"elementor-spacer\">\n\t\t\t<div class=\"elementor-spacer-inner\"><\/div>\n\t\t<\/div>\n\t\t\t\t\t\t<\/div>\n\t\t\t\t\t<\/div>\n\t\t<\/div>\n\t\t\t\t\t<\/div>\n\t\t<\/section>\n\t\t\t\t<section class=\"elementor-section elementor-top-section elementor-element elementor-element-efd78c2 elementor-section-boxed elementor-section-height-default elementor-section-height-default\" data-id=\"efd78c2\" data-element_type=\"section\" data-e-type=\"section\">\n\t\t\t\t\t\t<div class=\"elementor-container elementor-column-gap-default\">\n\t\t\t\t\t<div class=\"elementor-column elementor-col-100 elementor-top-column elementor-element elementor-element-964ecb3\" data-id=\"964ecb3\" data-element_type=\"column\" data-e-type=\"column\">\n\t\t\t<div class=\"elementor-widget-wrap elementor-element-populated\">\n\t\t\t\t\t\t<div class=\"elementor-element elementor-element-518df6d elementor-widget elementor-widget-text-editor\" data-id=\"518df6d\" data-element_type=\"widget\" data-e-type=\"widget\" data-widget_type=\"text-editor.default\">\n\t\t\t\t\t\t\t\t\t<p>La Asociaci\u00f3n para el Estudio del Mueble realiz\u00f3 una investigaci\u00f3n exhaustiva sobre el mobiliario de las comarcas del Alto y Bajo Ampurd\u00e1n en el siglo XVIII dirigida por la doctora en historia del arte M\u00f3nica Piera, y  en la que participaron Kel Dom\u00e8nech, ebanista y restaurador y Dolors Ferrer, restauradora de muebles.<\/p>\n\t\t\t\t\t\t\t\t<\/div>\n\t\t\t\t\t<\/div>\n\t\t<\/div>\n\t\t\t\t\t<\/div>\n\t\t<\/section>\n\t\t\t\t<section class=\"elementor-section elementor-top-section elementor-element elementor-element-0facba3 elementor-section-boxed elementor-section-height-default elementor-section-height-default\" data-id=\"0facba3\" data-element_type=\"section\" data-e-type=\"section\">\n\t\t\t\t\t\t<div class=\"elementor-container elementor-column-gap-default\">\n\t\t\t\t\t<div class=\"elementor-column elementor-col-100 elementor-top-column elementor-element elementor-element-3820fee\" data-id=\"3820fee\" data-element_type=\"column\" data-e-type=\"column\">\n\t\t\t<div class=\"elementor-widget-wrap elementor-element-populated\">\n\t\t\t\t\t\t<div class=\"elementor-element elementor-element-645e923 elementor-widget elementor-widget-text-editor\" data-id=\"645e923\" data-element_type=\"widget\" data-e-type=\"widget\" data-widget_type=\"text-editor.default\">\n\t\t\t\t\t\t\t\t\t<p>El trabajo cont\u00f3 tambi\u00e9n con la colaboraci\u00f3n de muchas otras personas que aportaron informaci\u00f3n de todo tipo, desde historiadores locales a carpinteros y propietarios. Se analizaron m\u00e1s de 200 muebles, la gran mayor\u00eda en manos privadas y la informaci\u00f3n se contrast\u00f3 con la procedente de documentos y fotograf\u00edas antiguas. La investigaci\u00f3n se concret\u00f3 en la exposici\u00f3n El moble de l\u2019Empord\u00e0 al segle XVIII, que tuvo lugar en la Fundaci\u00f3n Caixa Girona (septiembre-noviembre 2006) con un cat\u00e1logo (agotado) y, adem\u00e1s, por un extenso y lujoso libro editado por la Fundaci\u00f3n Mascort bajo el t\u00edtulo Aud\u00e0cia i Delicadesa. El moble de Torroella de Montgr\u00ed i l\u2019Empord\u00e0 (1700-1800) que identifica por primera vez el reconocido mueble de Torroella.<\/p>\n<p>El libro, escrito por M\u00f3nica Piera y con fotograf\u00edas de Susana Bala\u00f1a, nos sit\u00faa en el Ampurd\u00e1n del siglo XVIII, repasa su estructura social y econ\u00f3mica y dedica atenci\u00f3n a los talleres de carpinter\u00eda donde se constru\u00edan los muebles y a las casas acomodadas en que se luc\u00edan. Cuando se llega al an\u00e1lisis de las piezas, la disecci\u00f3n es total. Se detalla cada una de las caracter\u00edsticas de las piezas, los materiales, la construcci\u00f3n e, incluso, los secretos. Finalmente, la gran aportaci\u00f3n del libro, que demuestra la capacidad de concreci\u00f3n y an\u00e1lisis, es el cap\u00edtulo \u00abclasificaci\u00f3n\u00bb, en que se organiza el mobiliario por \u00e1reas geogr\u00e1ficas, separando el Alto Ampurd\u00e1n y el Bajo Ampurd\u00e1n y definiendo lo que realmente se puede considerar mueble de Torroella de Montgr\u00ed. Escrito en catal\u00e1n, incluye la traducci\u00f3n al castellano  e ingl\u00e9s y recoge al final del texto los listados de referencias documentales. <\/p>\n<p>Seg\u00fan la autora, Audacia es la cualidad que define una gran parte del mueble de Torroella de Montgr\u00ed y que le ha dado merecida fama: Cuerpos bomb\u00e9, intensos juegos de molduras, atrevidas formas movidas con la marcada ballesta rota y los caracter\u00edsticos pies de voluta convierten estos muebles en los m\u00e1s escult\u00f3ricos de toda la producci\u00f3n catalana del siglo XVIII. <\/p>\n\t\t\t\t\t\t\t\t<\/div>\n\t\t\t\t\t<\/div>\n\t\t<\/div>\n\t\t\t\t\t<\/div>\n\t\t<\/section>\n\t\t\t\t<\/div>\n\t\t","protected":false},"excerpt":{"rendered":"<p>La Asociaci\u00f3n para el Estudio del Mueble realiz\u00f3 una investigaci\u00f3n exhaustiva sobre el mobiliario de las comarcas del Alto y Bajo Ampurd\u00e1n en el siglo XVIII dirigida por la doctora en historia del arte M\u00f3nica Piera<\/p>\n","protected":false},"author":86,"featured_media":19839,"comment_status":"closed","ping_status":"closed","sticky":false,"template":"","format":"standard","meta":{"_acf_changed":false,"footnotes":""},"categories":[28,632],"tags":[340,1085,1086],"class_list":["post-41807","post","type-post","status-publish","format-standard","has-post-thumbnail","hentry","category-blog-es","category-otras-publicaciones","tag-expertos-es","tag-historiadelmueble-es","tag-investigacion-es"],"acf":[],"_links":{"self":[{"href":"https:\/\/www.estudidelmoble.com\/es\/wp-json\/wp\/v2\/posts\/41807","targetHints":{"allow":["GET"]}}],"collection":[{"href":"https:\/\/www.estudidelmoble.com\/es\/wp-json\/wp\/v2\/posts"}],"about":[{"href":"https:\/\/www.estudidelmoble.com\/es\/wp-json\/wp\/v2\/types\/post"}],"author":[{"embeddable":true,"href":"https:\/\/www.estudidelmoble.com\/es\/wp-json\/wp\/v2\/users\/86"}],"replies":[{"embeddable":true,"href":"https:\/\/www.estudidelmoble.com\/es\/wp-json\/wp\/v2\/comments?post=41807"}],"version-history":[{"count":0,"href":"https:\/\/www.estudidelmoble.com\/es\/wp-json\/wp\/v2\/posts\/41807\/revisions"}],"wp:featuredmedia":[{"embeddable":true,"href":"https:\/\/www.estudidelmoble.com\/es\/wp-json\/wp\/v2\/media\/19839"}],"wp:attachment":[{"href":"https:\/\/www.estudidelmoble.com\/es\/wp-json\/wp\/v2\/media?parent=41807"}],"wp:term":[{"taxonomy":"category","embeddable":true,"href":"https:\/\/www.estudidelmoble.com\/es\/wp-json\/wp\/v2\/categories?post=41807"},{"taxonomy":"post_tag","embeddable":true,"href":"https:\/\/www.estudidelmoble.com\/es\/wp-json\/wp\/v2\/tags?post=41807"}],"curies":[{"name":"wp","href":"https:\/\/api.w.org\/{rel}","templated":true}]}}