{"id":45560,"date":"2022-03-09T14:12:04","date_gmt":"2022-03-09T12:12:04","guid":{"rendered":"https:\/\/www.estudidelmoble.com\/recordamos-a-joan-teruel\/"},"modified":"2022-03-10T15:48:47","modified_gmt":"2022-03-10T13:48:47","slug":"recordamos-a-joan-teruel","status":"publish","type":"post","link":"https:\/\/www.estudidelmoble.com\/es\/recordamos-a-joan-teruel\/","title":{"rendered":"Recordamos a Joan Teruel"},"content":{"rendered":"\t\t<div data-elementor-type=\"wp-post\" data-elementor-id=\"45560\" class=\"elementor elementor-45560 elementor-45501\" data-elementor-post-type=\"post\">\n\t\t\t\t\t\t<section class=\"elementor-section elementor-top-section elementor-element elementor-element-4f917de elementor-section-boxed elementor-section-height-default elementor-section-height-default\" data-id=\"4f917de\" data-element_type=\"section\" data-e-type=\"section\">\n\t\t\t\t\t\t<div class=\"elementor-container elementor-column-gap-default\">\n\t\t\t\t\t<div class=\"elementor-column elementor-col-100 elementor-top-column elementor-element elementor-element-7467439\" data-id=\"7467439\" data-element_type=\"column\" data-e-type=\"column\">\n\t\t\t<div class=\"elementor-widget-wrap elementor-element-populated\">\n\t\t\t\t\t\t<div class=\"elementor-element elementor-element-e6f5255 elementor-widget elementor-widget-heading\" data-id=\"e6f5255\" data-element_type=\"widget\" data-e-type=\"widget\" data-widget_type=\"heading.default\">\n\t\t\t\t\t<h1 class=\"elementor-heading-title elementor-size-default\">Recordamos a Joan Teruel<\/h1>\t\t\t\t<\/div>\n\t\t\t\t<div class=\"elementor-element elementor-element-faf0fd9 elementor-widget elementor-widget-heading\" data-id=\"faf0fd9\" data-element_type=\"widget\" data-e-type=\"widget\" data-widget_type=\"heading.default\">\n\t\t\t\t\t<h2 class=\"elementor-heading-title elementor-size-default\">El pasado mes de febrero muri\u00f3 este colaborador habitual de la AEM<\/h2>\t\t\t\t<\/div>\n\t\t\t\t\t<\/div>\n\t\t<\/div>\n\t\t\t\t\t<\/div>\n\t\t<\/section>\n\t\t\t\t<section class=\"elementor-section elementor-top-section elementor-element elementor-element-fa6e3cf elementor-section-boxed elementor-section-height-default elementor-section-height-default\" data-id=\"fa6e3cf\" data-element_type=\"section\" data-e-type=\"section\">\n\t\t\t\t\t\t<div class=\"elementor-container elementor-column-gap-default\">\n\t\t\t\t\t<div class=\"elementor-column elementor-col-100 elementor-top-column elementor-element elementor-element-7bf06cf\" data-id=\"7bf06cf\" data-element_type=\"column\" data-e-type=\"column\">\n\t\t\t<div class=\"elementor-widget-wrap elementor-element-populated\">\n\t\t\t\t\t\t<div class=\"elementor-element elementor-element-16f9f5b elementor-widget elementor-widget-spacer\" data-id=\"16f9f5b\" data-element_type=\"widget\" data-e-type=\"widget\" data-widget_type=\"spacer.default\">\n\t\t\t\t\t\t\t<div class=\"elementor-spacer\">\n\t\t\t<div class=\"elementor-spacer-inner\"><\/div>\n\t\t<\/div>\n\t\t\t\t\t\t<\/div>\n\t\t\t\t\t<\/div>\n\t\t<\/div>\n\t\t\t\t\t<\/div>\n\t\t<\/section>\n\t\t\t\t<section class=\"elementor-section elementor-top-section elementor-element elementor-element-57b7545 elementor-section-boxed elementor-section-height-default elementor-section-height-default\" data-id=\"57b7545\" data-element_type=\"section\" data-e-type=\"section\">\n\t\t\t\t\t\t<div class=\"elementor-container elementor-column-gap-default\">\n\t\t\t\t\t<div class=\"elementor-column elementor-col-100 elementor-top-column elementor-element elementor-element-aa29d00\" data-id=\"aa29d00\" data-element_type=\"column\" data-e-type=\"column\">\n\t\t\t<div class=\"elementor-widget-wrap elementor-element-populated\">\n\t\t\t\t\t\t<div class=\"elementor-element elementor-element-59fd850 elementor-widget elementor-widget-text-editor\" data-id=\"59fd850\" data-element_type=\"widget\" data-e-type=\"widget\" data-widget_type=\"text-editor.default\">\n\t\t\t\t\t\t\t\t\tJoan Teruel se convirti\u00f3 en un colaborador habitual y entusiasta de la Asociaci\u00f3n desde sus inicios, siempre que obten\u00eda nuevas especies de madera dif\u00edciles de conseguir, recordaba compartir una muestra con la Asociaci\u00f3n.\t\t\t\t\t\t\t\t<\/div>\n\t\t\t\t\t<\/div>\n\t\t<\/div>\n\t\t\t\t\t<\/div>\n\t\t<\/section>\n\t\t\t\t<section class=\"elementor-section elementor-top-section elementor-element elementor-element-e3bf9c2 elementor-section-boxed elementor-section-height-default elementor-section-height-default\" data-id=\"e3bf9c2\" data-element_type=\"section\" data-e-type=\"section\">\n\t\t\t\t\t\t<div class=\"elementor-container elementor-column-gap-default\">\n\t\t\t\t\t<div class=\"elementor-column elementor-col-100 elementor-top-column elementor-element elementor-element-feca958\" data-id=\"feca958\" data-element_type=\"column\" data-e-type=\"column\">\n\t\t\t<div class=\"elementor-widget-wrap elementor-element-populated\">\n\t\t\t\t\t\t<div class=\"elementor-element elementor-element-1e06e80 elementor-widget elementor-widget-spacer\" data-id=\"1e06e80\" data-element_type=\"widget\" data-e-type=\"widget\" data-widget_type=\"spacer.default\">\n\t\t\t\t\t\t\t<div class=\"elementor-spacer\">\n\t\t\t<div class=\"elementor-spacer-inner\"><\/div>\n\t\t<\/div>\n\t\t\t\t\t\t<\/div>\n\t\t\t\t\t<\/div>\n\t\t<\/div>\n\t\t\t\t\t<\/div>\n\t\t<\/section>\n\t\t\t\t<section class=\"elementor-section elementor-top-section elementor-element elementor-element-54d82a0 elementor-section-boxed elementor-section-height-default elementor-section-height-default\" data-id=\"54d82a0\" data-element_type=\"section\" data-e-type=\"section\">\n\t\t\t\t\t\t<div class=\"elementor-container elementor-column-gap-default\">\n\t\t\t\t\t<div class=\"elementor-column elementor-col-50 elementor-top-column elementor-element elementor-element-fe1ca7e\" data-id=\"fe1ca7e\" data-element_type=\"column\" data-e-type=\"column\">\n\t\t\t<div class=\"elementor-widget-wrap elementor-element-populated\">\n\t\t\t\t\t\t<div class=\"elementor-element elementor-element-5673a87 elementor-widget elementor-widget-image\" data-id=\"5673a87\" data-element_type=\"widget\" data-e-type=\"widget\" data-widget_type=\"image.default\">\n\t\t\t\t\t\t\t\t\t\t\t\t\t\t\t<img fetchpriority=\"high\" decoding=\"async\" width=\"711\" height=\"711\" src=\"https:\/\/www.estudidelmoble.com\/wp-content\/uploads\/2022\/03\/foto-xiloteca-BE.jpg\" class=\"attachment-medium_large size-medium_large wp-image-45549\" alt=\"\" srcset=\"https:\/\/www.estudidelmoble.com\/wp-content\/uploads\/2022\/03\/foto-xiloteca-BE.jpg 711w, https:\/\/www.estudidelmoble.com\/wp-content\/uploads\/2022\/03\/foto-xiloteca-BE-300x300.jpg 300w, https:\/\/www.estudidelmoble.com\/wp-content\/uploads\/2022\/03\/foto-xiloteca-BE-150x150.jpg 150w, https:\/\/www.estudidelmoble.com\/wp-content\/uploads\/2022\/03\/foto-xiloteca-BE-600x600.jpg 600w, https:\/\/www.estudidelmoble.com\/wp-content\/uploads\/2022\/03\/foto-xiloteca-BE-100x100.jpg 100w\" sizes=\"(max-width: 711px) 100vw, 711px\" \/>\t\t\t\t\t\t\t\t\t\t\t\t\t\t\t<\/div>\n\t\t\t\t\t<\/div>\n\t\t<\/div>\n\t\t\t\t<div class=\"elementor-column elementor-col-50 elementor-top-column elementor-element elementor-element-035c395\" data-id=\"035c395\" data-element_type=\"column\" data-e-type=\"column\">\n\t\t\t<div class=\"elementor-widget-wrap elementor-element-populated\">\n\t\t\t\t\t\t<div class=\"elementor-element elementor-element-bd4fe8c elementor-widget elementor-widget-text-editor\" data-id=\"bd4fe8c\" data-element_type=\"widget\" data-e-type=\"widget\" data-widget_type=\"text-editor.default\">\n\t\t\t\t\t\t\t\t\tDe hecho, fue una pieza esencial en el desarrollo de la <a href=\"https:\/\/www.estudidelmoble.com\/es\/biblio-xiloteca\/xiloteca\/\">Xiloteca<\/a>, uno de los grandes proyectos de la Asociaci\u00f3n.\r\n\r\nFue Joan el interlocutor necesario entre la Asociaci\u00f3n, el Museo del Dise\u00f1o de Barcelona y el Centro de Investigaciones y Servicios Ambientales (ECOVIDA) Parque Nacional Guanahacabibes en Cuba, para que la cesi\u00f3n de muestras de maderas tropicales pudieran llegar a formar parte de la xiloteca, un proyecto desarrollado por la Asociaci\u00f3n y que hoy d\u00eda est\u00e1 a la disposici\u00f3n del p\u00fablico en general en el Centro de Documentaci\u00f3n del Museo del Dise\u00f1o de Barcelona. Esta intervenci\u00f3n culmin\u00f3 en la firma de la cesi\u00f3n de las muestras en el a\u00f1o 2013.\t\t\t\t\t\t\t\t<\/div>\n\t\t\t\t\t<\/div>\n\t\t<\/div>\n\t\t\t\t\t<\/div>\n\t\t<\/section>\n\t\t\t\t<section class=\"elementor-section elementor-top-section elementor-element elementor-element-4b2f4a2 elementor-section-boxed elementor-section-height-default elementor-section-height-default\" data-id=\"4b2f4a2\" data-element_type=\"section\" data-e-type=\"section\">\n\t\t\t\t\t\t<div class=\"elementor-container elementor-column-gap-default\">\n\t\t\t\t\t<div class=\"elementor-column elementor-col-100 elementor-top-column elementor-element elementor-element-e3d8ac2\" data-id=\"e3d8ac2\" data-element_type=\"column\" data-e-type=\"column\">\n\t\t\t<div class=\"elementor-widget-wrap elementor-element-populated\">\n\t\t\t\t\t\t<div class=\"elementor-element elementor-element-943ffc3 elementor-widget elementor-widget-text-editor\" data-id=\"943ffc3\" data-element_type=\"widget\" data-e-type=\"widget\" data-widget_type=\"text-editor.default\">\n\t\t\t\t\t\t\t\t\tEn la exposici\u00f3n <em>Dec\u00f2rum. Vestir la casa para la ocasi\u00f3n<\/em>, organizada por el <a href=\"https:\/\/cdmt.cat\/es\/\" target=\"_blank\" rel=\"noopener\">Museo T\u00e8xtil de Terrassa<\/a>, y en que la Asociaci\u00f3n colabor\u00f3, se pudo contemplar una selecci\u00f3n de muestras de la xiloteca de Joan.\t\t\t\t\t\t\t\t<\/div>\n\t\t\t\t\t<\/div>\n\t\t<\/div>\n\t\t\t\t\t<\/div>\n\t\t<\/section>\n\t\t\t\t<section class=\"elementor-section elementor-top-section elementor-element elementor-element-350251c elementor-section-boxed elementor-section-height-default elementor-section-height-default\" data-id=\"350251c\" data-element_type=\"section\" data-e-type=\"section\">\n\t\t\t\t\t\t<div class=\"elementor-container elementor-column-gap-default\">\n\t\t\t\t\t<div class=\"elementor-column elementor-col-100 elementor-top-column elementor-element elementor-element-2995c1e\" data-id=\"2995c1e\" data-element_type=\"column\" data-e-type=\"column\">\n\t\t\t<div class=\"elementor-widget-wrap elementor-element-populated\">\n\t\t\t\t\t\t<div class=\"elementor-element elementor-element-f04c2bd elementor-widget elementor-widget-spacer\" data-id=\"f04c2bd\" data-element_type=\"widget\" data-e-type=\"widget\" data-widget_type=\"spacer.default\">\n\t\t\t\t\t\t\t<div class=\"elementor-spacer\">\n\t\t\t<div class=\"elementor-spacer-inner\"><\/div>\n\t\t<\/div>\n\t\t\t\t\t\t<\/div>\n\t\t\t\t\t<\/div>\n\t\t<\/div>\n\t\t\t\t\t<\/div>\n\t\t<\/section>\n\t\t\t\t<section class=\"elementor-section elementor-top-section elementor-element elementor-element-6f41e72 elementor-section-boxed elementor-section-height-default elementor-section-height-default\" data-id=\"6f41e72\" data-element_type=\"section\" data-e-type=\"section\">\n\t\t\t\t\t\t<div class=\"elementor-container elementor-column-gap-default\">\n\t\t\t\t\t<div class=\"elementor-column elementor-col-50 elementor-top-column elementor-element elementor-element-0a9745e\" data-id=\"0a9745e\" data-element_type=\"column\" data-e-type=\"column\">\n\t\t\t<div class=\"elementor-widget-wrap elementor-element-populated\">\n\t\t\t\t\t\t<div class=\"elementor-element elementor-element-2e8dd8e elementor-widget elementor-widget-text-editor\" data-id=\"2e8dd8e\" data-element_type=\"widget\" data-e-type=\"widget\" data-widget_type=\"text-editor.default\">\n\t\t\t\t\t\t\t\t\tEncontraba siempre el tiempo para compartir con nosotros sus conocimientos, y siempre estuvo dispuesto a intervenir en las jornadas profesionales que organizamos, la \u00faltima vez que contamos f\u00edsicamente con su presencia como ponente fue en <em>Las maderas antiguas; puesta en valor y restauraci\u00f3n<\/em>, que tuvo lugar en 2018.\t\t\t\t\t\t\t\t<\/div>\n\t\t\t\t\t<\/div>\n\t\t<\/div>\n\t\t\t\t<div class=\"elementor-column elementor-col-50 elementor-top-column elementor-element elementor-element-4bebd05\" data-id=\"4bebd05\" data-element_type=\"column\" data-e-type=\"column\">\n\t\t\t<div class=\"elementor-widget-wrap elementor-element-populated\">\n\t\t\t\t\t\t<div class=\"elementor-element elementor-element-f0c9ead elementor-widget elementor-widget-image\" data-id=\"f0c9ead\" data-element_type=\"widget\" data-e-type=\"widget\" data-widget_type=\"image.default\">\n\t\t\t\t\t\t\t\t\t\t\t\t\t\t\t<img decoding=\"async\" width=\"768\" height=\"768\" src=\"https:\/\/www.estudidelmoble.com\/wp-content\/uploads\/2022\/03\/TEUREL-CUADRADA-768x768.jpg\" class=\"attachment-medium_large size-medium_large wp-image-45523\" alt=\"\" srcset=\"https:\/\/www.estudidelmoble.com\/wp-content\/uploads\/2022\/03\/TEUREL-CUADRADA-768x768.jpg 768w, https:\/\/www.estudidelmoble.com\/wp-content\/uploads\/2022\/03\/TEUREL-CUADRADA-300x300.jpg 300w, https:\/\/www.estudidelmoble.com\/wp-content\/uploads\/2022\/03\/TEUREL-CUADRADA-1024x1024.jpg 1024w, https:\/\/www.estudidelmoble.com\/wp-content\/uploads\/2022\/03\/TEUREL-CUADRADA-150x150.jpg 150w, https:\/\/www.estudidelmoble.com\/wp-content\/uploads\/2022\/03\/TEUREL-CUADRADA-1536x1536.jpg 1536w, https:\/\/www.estudidelmoble.com\/wp-content\/uploads\/2022\/03\/TEUREL-CUADRADA-2048x2048.jpg 2048w, https:\/\/www.estudidelmoble.com\/wp-content\/uploads\/2022\/03\/TEUREL-CUADRADA-600x600.jpg 600w, https:\/\/www.estudidelmoble.com\/wp-content\/uploads\/2022\/03\/TEUREL-CUADRADA-100x100.jpg 100w\" sizes=\"(max-width: 768px) 100vw, 768px\" \/>\t\t\t\t\t\t\t\t\t\t\t\t\t\t\t<\/div>\n\t\t\t\t\t<\/div>\n\t\t<\/div>\n\t\t\t\t\t<\/div>\n\t\t<\/section>\n\t\t\t\t<\/div>\n\t\t","protected":false},"excerpt":{"rendered":"<p>Recordamos a Joan Teruel, el colaborador de la AEM que muri\u00f3 el pasado mes de febrero<\/p>\n","protected":false},"author":86,"featured_media":45523,"comment_status":"closed","ping_status":"closed","sticky":false,"template":"","format":"standard","meta":{"_acf_changed":false,"footnotes":""},"categories":[28],"tags":[340,1087],"class_list":["post-45560","post","type-post","status-publish","format-standard","has-post-thumbnail","hentry","category-blog-es","tag-expertos-es","tag-maderas-es"],"acf":[],"_links":{"self":[{"href":"https:\/\/www.estudidelmoble.com\/es\/wp-json\/wp\/v2\/posts\/45560","targetHints":{"allow":["GET"]}}],"collection":[{"href":"https:\/\/www.estudidelmoble.com\/es\/wp-json\/wp\/v2\/posts"}],"about":[{"href":"https:\/\/www.estudidelmoble.com\/es\/wp-json\/wp\/v2\/types\/post"}],"author":[{"embeddable":true,"href":"https:\/\/www.estudidelmoble.com\/es\/wp-json\/wp\/v2\/users\/86"}],"replies":[{"embeddable":true,"href":"https:\/\/www.estudidelmoble.com\/es\/wp-json\/wp\/v2\/comments?post=45560"}],"version-history":[{"count":0,"href":"https:\/\/www.estudidelmoble.com\/es\/wp-json\/wp\/v2\/posts\/45560\/revisions"}],"wp:featuredmedia":[{"embeddable":true,"href":"https:\/\/www.estudidelmoble.com\/es\/wp-json\/wp\/v2\/media\/45523"}],"wp:attachment":[{"href":"https:\/\/www.estudidelmoble.com\/es\/wp-json\/wp\/v2\/media?parent=45560"}],"wp:term":[{"taxonomy":"category","embeddable":true,"href":"https:\/\/www.estudidelmoble.com\/es\/wp-json\/wp\/v2\/categories?post=45560"},{"taxonomy":"post_tag","embeddable":true,"href":"https:\/\/www.estudidelmoble.com\/es\/wp-json\/wp\/v2\/tags?post=45560"}],"curies":[{"name":"wp","href":"https:\/\/api.w.org\/{rel}","templated":true}]}}