{"id":46701,"date":"2022-04-19T12:44:27","date_gmt":"2022-04-19T10:44:27","guid":{"rendered":"https:\/\/www.estudidelmoble.com\/entrevista-a-monica-piera-en-en-xarxa\/"},"modified":"2022-04-19T14:18:54","modified_gmt":"2022-04-19T12:18:54","slug":"entrevista-a-monica-piera-en-en-xarxa","status":"publish","type":"post","link":"https:\/\/www.estudidelmoble.com\/es\/entrevista-a-monica-piera-en-en-xarxa\/","title":{"rendered":"Entrevista a M\u00f3nica Piera en En Xarxa"},"content":{"rendered":"\t\t<div data-elementor-type=\"wp-post\" data-elementor-id=\"46701\" class=\"elementor elementor-46701 elementor-46668\" data-elementor-post-type=\"post\">\n\t\t\t\t\t\t<section class=\"elementor-section elementor-top-section elementor-element elementor-element-dd88baa elementor-section-boxed elementor-section-height-default elementor-section-height-default\" data-id=\"dd88baa\" data-element_type=\"section\" data-e-type=\"section\">\n\t\t\t\t\t\t<div class=\"elementor-container elementor-column-gap-default\">\n\t\t\t\t\t<div class=\"elementor-column elementor-col-100 elementor-top-column elementor-element elementor-element-5f66d10\" data-id=\"5f66d10\" data-element_type=\"column\" data-e-type=\"column\">\n\t\t\t<div class=\"elementor-widget-wrap elementor-element-populated\">\n\t\t\t\t\t\t<div class=\"elementor-element elementor-element-6972147 elementor-widget elementor-widget-heading\" data-id=\"6972147\" data-element_type=\"widget\" data-e-type=\"widget\" data-widget_type=\"heading.default\">\n\t\t\t\t\t<h1 class=\"elementor-heading-title elementor-size-default\">Entrevista a M\u00f2nica Piera en En Xarxa<\/h1>\t\t\t\t<\/div>\n\t\t\t\t<div class=\"elementor-element elementor-element-b9a4e80 elementor-widget elementor-widget-heading\" data-id=\"b9a4e80\" data-element_type=\"widget\" data-e-type=\"widget\" data-widget_type=\"heading.default\">\n\t\t\t\t\t<h2 class=\"elementor-heading-title elementor-size-default\">La presidenta de la AEM presenta el proyecto Fusta-Moble-Sostenibilitat<\/h2>\t\t\t\t<\/div>\n\t\t\t\t<div class=\"elementor-element elementor-element-515538d elementor-widget elementor-widget-heading\" data-id=\"515538d\" data-element_type=\"widget\" data-e-type=\"widget\" data-widget_type=\"heading.default\">\n\t\t\t\t\t<h3 class=\"elementor-heading-title elementor-size-default\">26 de marzo de 2022<\/h3>\t\t\t\t<\/div>\n\t\t\t\t\t<\/div>\n\t\t<\/div>\n\t\t\t\t\t<\/div>\n\t\t<\/section>\n\t\t\t\t<section class=\"elementor-section elementor-top-section elementor-element elementor-element-8f07d4b elementor-section-boxed elementor-section-height-default elementor-section-height-default\" data-id=\"8f07d4b\" data-element_type=\"section\" data-e-type=\"section\">\n\t\t\t\t\t\t<div class=\"elementor-container elementor-column-gap-default\">\n\t\t\t\t\t<div class=\"elementor-column elementor-col-100 elementor-top-column elementor-element elementor-element-a46628f\" data-id=\"a46628f\" data-element_type=\"column\" data-e-type=\"column\">\n\t\t\t<div class=\"elementor-widget-wrap elementor-element-populated\">\n\t\t\t\t\t\t<div class=\"elementor-element elementor-element-7c7d277 elementor-widget elementor-widget-image\" data-id=\"7c7d277\" data-element_type=\"widget\" data-e-type=\"widget\" data-widget_type=\"image.default\">\n\t\t\t\t\t\t\t\t\t\t\t\t\t\t\t<img fetchpriority=\"high\" decoding=\"async\" width=\"768\" height=\"733\" src=\"https:\/\/www.estudidelmoble.com\/wp-content\/uploads\/2022\/04\/CP-EN-XARXA_quadrada-1-768x733.png\" class=\"attachment-medium_large size-medium_large wp-image-46678\" alt=\"\" srcset=\"https:\/\/www.estudidelmoble.com\/wp-content\/uploads\/2022\/04\/CP-EN-XARXA_quadrada-1-768x733.png 768w, https:\/\/www.estudidelmoble.com\/wp-content\/uploads\/2022\/04\/CP-EN-XARXA_quadrada-1-300x286.png 300w, https:\/\/www.estudidelmoble.com\/wp-content\/uploads\/2022\/04\/CP-EN-XARXA_quadrada-1-1024x978.png 1024w, https:\/\/www.estudidelmoble.com\/wp-content\/uploads\/2022\/04\/CP-EN-XARXA_quadrada-1-600x573.png 600w, https:\/\/www.estudidelmoble.com\/wp-content\/uploads\/2022\/04\/CP-EN-XARXA_quadrada-1.png 1417w\" sizes=\"(max-width: 768px) 100vw, 768px\" \/>\t\t\t\t\t\t\t\t\t\t\t\t\t\t\t<\/div>\n\t\t\t\t\t<\/div>\n\t\t<\/div>\n\t\t\t\t\t<\/div>\n\t\t<\/section>\n\t\t\t\t<section class=\"elementor-section elementor-top-section elementor-element elementor-element-dd55682 elementor-section-boxed elementor-section-height-default elementor-section-height-default\" data-id=\"dd55682\" data-element_type=\"section\" data-e-type=\"section\">\n\t\t\t\t\t\t<div class=\"elementor-container elementor-column-gap-default\">\n\t\t\t\t\t<div class=\"elementor-column elementor-col-100 elementor-top-column elementor-element elementor-element-9be2ed3\" data-id=\"9be2ed3\" data-element_type=\"column\" data-e-type=\"column\">\n\t\t\t<div class=\"elementor-widget-wrap elementor-element-populated\">\n\t\t\t\t\t\t<div class=\"elementor-element elementor-element-6e3610d elementor-widget elementor-widget-text-editor\" data-id=\"6e3610d\" data-element_type=\"widget\" data-e-type=\"widget\" data-widget_type=\"text-editor.default\">\n\t\t\t\t\t\t\t\t\t<p>M\u00f3nica Piera, presidenta de la AEM, habla con En Xarxa en el D\u00eda Mundial del Clima sobre la necesidad de aprovechar los muebles que ya est\u00e1n fabricados, de c\u00f3mo la puesta en valor del mueble puede ayudar a reducir los residuos y como la madera y su uso puede contribuir a la fabricaci\u00f3n y construcci\u00f3n sostenible.<br \/><br \/>M\u00f3nica presenta el gran proyecto de la Asociaci\u00f3n para los a\u00f1os 2021, 2022 y 2023, <a href=\"https:\/\/www.estudidelmoble.com\/es\/proyecto-madera-mueble-sostenibilidad\/\">Fusta \u2013 Moble \u2013 Sostenibilitat<\/a>, y como, a trav\u00e9s de talleres, cursos, visitas y muchas otras actividades, plantea proteger el patrimonio cultural relacion\u00e1ndolo con el patrimonio natural.<br \/><br \/>El proyecto pretende establecer lazos entre madera y mueble a trav\u00e9s de los objetos naturales que preserva el patrimonio cultural. Esta nueva mirada a piezas de madera de la memoria hist\u00f3rica contribuir\u00e1 al reaprovechamiento de los muebles ya construidos por otras generaciones y al dise\u00f1o, necesariamente sostenible, de los muebles actuales.<\/p>\t\t\t\t\t\t\t\t<\/div>\n\t\t\t\t\t<\/div>\n\t\t<\/div>\n\t\t\t\t\t<\/div>\n\t\t<\/section>\n\t\t\t\t<section class=\"elementor-section elementor-top-section elementor-element elementor-element-4699f82 elementor-section-boxed elementor-section-height-default elementor-section-height-default\" data-id=\"4699f82\" data-element_type=\"section\" data-e-type=\"section\">\n\t\t\t\t\t\t<div class=\"elementor-container elementor-column-gap-default\">\n\t\t\t\t\t<div class=\"elementor-column elementor-col-100 elementor-top-column elementor-element elementor-element-d20f2ee\" data-id=\"d20f2ee\" data-element_type=\"column\" data-e-type=\"column\">\n\t\t\t<div class=\"elementor-widget-wrap elementor-element-populated\">\n\t\t\t\t\t\t<div class=\"elementor-element elementor-element-1ee61f4 elementor-widget elementor-widget-text-editor\" data-id=\"1ee61f4\" data-element_type=\"widget\" data-e-type=\"widget\" data-widget_type=\"text-editor.default\">\n\t\t\t\t\t\t\t\t\tAqu\u00ed puedes escuchar la entrevista completa:\t\t\t\t\t\t\t\t<\/div>\n\t\t\t\t<div class=\"elementor-element elementor-element-bd227a9 elementor-widget elementor-widget-image\" data-id=\"bd227a9\" data-element_type=\"widget\" data-e-type=\"widget\" data-widget_type=\"image.default\">\n\t\t\t\t\t\t\t\t\t\t\t\t\t\t\t\t<a href=\"https:\/\/www.alacarta.cat\/noticies-en-xarxa-edicio-migdia-radio\/capitol\/noticies_en_xarxa__migdia_26032022\" target=\"_blank\" rel=\"noopener\">\n\t\t\t\t\t\t\t<img decoding=\"async\" width=\"734\" height=\"413\" src=\"https:\/\/www.estudidelmoble.com\/wp-content\/uploads\/2022\/04\/noticies-en-xarxa.png\" class=\"attachment-medium_large size-medium_large wp-image-46682\" alt=\"\" srcset=\"https:\/\/www.estudidelmoble.com\/wp-content\/uploads\/2022\/04\/noticies-en-xarxa.png 734w, https:\/\/www.estudidelmoble.com\/wp-content\/uploads\/2022\/04\/noticies-en-xarxa-300x169.png 300w, https:\/\/www.estudidelmoble.com\/wp-content\/uploads\/2022\/04\/noticies-en-xarxa-600x338.png 600w\" sizes=\"(max-width: 734px) 100vw, 734px\" \/>\t\t\t\t\t\t\t\t<\/a>\n\t\t\t\t\t\t\t\t\t\t\t\t\t\t\t<\/div>\n\t\t\t\t\t<\/div>\n\t\t<\/div>\n\t\t\t\t\t<\/div>\n\t\t<\/section>\n\t\t\t\t<\/div>\n\t\t","protected":false},"excerpt":{"rendered":"<p>M\u00f3nica Piera, presidenta de la AEM, habla en En Xarxa en el D\u00eda Mundial del Clima sobre el proyecto Fusta &#8211; Moble &#8211; Sostenibilitat<\/p>\n","protected":false},"author":86,"featured_media":46678,"comment_status":"closed","ping_status":"closed","sticky":false,"template":"","format":"standard","meta":{"_acf_changed":false,"footnotes":""},"categories":[28,28,1000,1000],"tags":[1087,388,1084],"class_list":{"0":"post-46701","1":"post","2":"type-post","3":"status-publish","4":"format-standard","5":"has-post-thumbnail","6":"hentry","7":"category-blog-es","9":"category-prensa","11":"tag-maderas-es","12":"tag-prensa-es","13":"tag-proyectofms-es"},"acf":[],"_links":{"self":[{"href":"https:\/\/www.estudidelmoble.com\/es\/wp-json\/wp\/v2\/posts\/46701","targetHints":{"allow":["GET"]}}],"collection":[{"href":"https:\/\/www.estudidelmoble.com\/es\/wp-json\/wp\/v2\/posts"}],"about":[{"href":"https:\/\/www.estudidelmoble.com\/es\/wp-json\/wp\/v2\/types\/post"}],"author":[{"embeddable":true,"href":"https:\/\/www.estudidelmoble.com\/es\/wp-json\/wp\/v2\/users\/86"}],"replies":[{"embeddable":true,"href":"https:\/\/www.estudidelmoble.com\/es\/wp-json\/wp\/v2\/comments?post=46701"}],"version-history":[{"count":0,"href":"https:\/\/www.estudidelmoble.com\/es\/wp-json\/wp\/v2\/posts\/46701\/revisions"}],"wp:featuredmedia":[{"embeddable":true,"href":"https:\/\/www.estudidelmoble.com\/es\/wp-json\/wp\/v2\/media\/46678"}],"wp:attachment":[{"href":"https:\/\/www.estudidelmoble.com\/es\/wp-json\/wp\/v2\/media?parent=46701"}],"wp:term":[{"taxonomy":"category","embeddable":true,"href":"https:\/\/www.estudidelmoble.com\/es\/wp-json\/wp\/v2\/categories?post=46701"},{"taxonomy":"post_tag","embeddable":true,"href":"https:\/\/www.estudidelmoble.com\/es\/wp-json\/wp\/v2\/tags?post=46701"}],"curies":[{"name":"wp","href":"https:\/\/api.w.org\/{rel}","templated":true}]}}