{"id":47372,"date":"2022-05-04T13:11:13","date_gmt":"2022-05-04T11:11:13","guid":{"rendered":"https:\/\/www.estudidelmoble.com\/galeria-vidal\/"},"modified":"2022-05-04T13:55:50","modified_gmt":"2022-05-04T11:55:50","slug":"galeria-vidal","status":"publish","type":"post","link":"https:\/\/www.estudidelmoble.com\/es\/galeria-vidal\/","title":{"rendered":"Galer\u00eda Vidal"},"content":{"rendered":"\t\t<div data-elementor-type=\"wp-post\" data-elementor-id=\"47372\" class=\"elementor elementor-47372 elementor-47328\" data-elementor-post-type=\"post\">\n\t\t\t\t\t\t<section class=\"elementor-section elementor-top-section elementor-element elementor-element-7e641c0 elementor-section-boxed elementor-section-height-default elementor-section-height-default\" data-id=\"7e641c0\" data-element_type=\"section\" data-e-type=\"section\">\n\t\t\t\t\t\t<div class=\"elementor-container elementor-column-gap-default\">\n\t\t\t\t\t<div class=\"elementor-column elementor-col-100 elementor-top-column elementor-element elementor-element-33abb4a\" data-id=\"33abb4a\" data-element_type=\"column\" data-e-type=\"column\">\n\t\t\t<div class=\"elementor-widget-wrap elementor-element-populated\">\n\t\t\t\t\t\t<div class=\"elementor-element elementor-element-b718bf2 elementor-widget elementor-widget-heading\" data-id=\"b718bf2\" data-element_type=\"widget\" data-e-type=\"widget\" data-widget_type=\"heading.default\">\n\t\t\t\t\t<h1 class=\"elementor-heading-title elementor-size-default\">Francesc Vidal, precursor del Modernismo<\/h1>\t\t\t\t<\/div>\n\t\t\t\t<div class=\"elementor-element elementor-element-c381c8f elementor-widget elementor-widget-heading\" data-id=\"c381c8f\" data-element_type=\"widget\" data-e-type=\"widget\" data-widget_type=\"heading.default\">\n\t\t\t\t\t<h2 class=\"elementor-heading-title elementor-size-default\">Exposici\u00f3n y actividades en torno a Francesc Vidal<\/h2>\t\t\t\t<\/div>\n\t\t\t\t<div class=\"elementor-element elementor-element-5f0f3c1 elementor-widget elementor-widget-heading\" data-id=\"5f0f3c1\" data-element_type=\"widget\" data-e-type=\"widget\" data-widget_type=\"heading.default\">\n\t\t\t\t\t<h3 class=\"elementor-heading-title elementor-size-default\">Museo del Dise\u00f1o de Barcelona. Del 24 al 29 de mayo<\/h3>\t\t\t\t<\/div>\n\t\t\t\t\t<\/div>\n\t\t<\/div>\n\t\t\t\t\t<\/div>\n\t\t<\/section>\n\t\t\t\t<section class=\"elementor-section elementor-top-section elementor-element elementor-element-4d3d887 elementor-section-boxed elementor-section-height-default elementor-section-height-default\" data-id=\"4d3d887\" data-element_type=\"section\" data-e-type=\"section\">\n\t\t\t\t\t\t<div class=\"elementor-container elementor-column-gap-default\">\n\t\t\t\t\t<div class=\"elementor-column elementor-col-100 elementor-top-column elementor-element elementor-element-6f04682\" data-id=\"6f04682\" data-element_type=\"column\" data-e-type=\"column\">\n\t\t\t<div class=\"elementor-widget-wrap elementor-element-populated\">\n\t\t\t\t\t\t<div class=\"elementor-element elementor-element-ec6bb20 elementor-widget elementor-widget-spacer\" data-id=\"ec6bb20\" data-element_type=\"widget\" data-e-type=\"widget\" data-widget_type=\"spacer.default\">\n\t\t\t\t\t\t\t<div class=\"elementor-spacer\">\n\t\t\t<div class=\"elementor-spacer-inner\"><\/div>\n\t\t<\/div>\n\t\t\t\t\t\t<\/div>\n\t\t\t\t<div class=\"elementor-element elementor-element-55fa17e elementor-widget elementor-widget-image\" data-id=\"55fa17e\" data-element_type=\"widget\" data-e-type=\"widget\" data-widget_type=\"image.default\">\n\t\t\t\t\t\t\t\t\t\t\t\t\t\t\t<img fetchpriority=\"high\" decoding=\"async\" width=\"768\" height=\"771\" src=\"https:\/\/www.estudidelmoble.com\/wp-content\/uploads\/2022\/05\/Vidal_1-768x771.jpg\" class=\"attachment-medium_large size-medium_large wp-image-47333\" alt=\"\" srcset=\"https:\/\/www.estudidelmoble.com\/wp-content\/uploads\/2022\/05\/Vidal_1-768x771.jpg 768w, https:\/\/www.estudidelmoble.com\/wp-content\/uploads\/2022\/05\/Vidal_1-300x300.jpg 300w, https:\/\/www.estudidelmoble.com\/wp-content\/uploads\/2022\/05\/Vidal_1-1020x1024.jpg 1020w, https:\/\/www.estudidelmoble.com\/wp-content\/uploads\/2022\/05\/Vidal_1-150x150.jpg 150w, https:\/\/www.estudidelmoble.com\/wp-content\/uploads\/2022\/05\/Vidal_1-1530x1536.jpg 1530w, https:\/\/www.estudidelmoble.com\/wp-content\/uploads\/2022\/05\/Vidal_1-2041x2048.jpg 2041w, https:\/\/www.estudidelmoble.com\/wp-content\/uploads\/2022\/05\/Vidal_1-600x602.jpg 600w, https:\/\/www.estudidelmoble.com\/wp-content\/uploads\/2022\/05\/Vidal_1-100x100.jpg 100w\" sizes=\"(max-width: 768px) 100vw, 768px\" \/>\t\t\t\t\t\t\t\t\t\t\t\t\t\t\t<\/div>\n\t\t\t\t<div class=\"elementor-element elementor-element-65a82ff elementor-widget elementor-widget-text-editor\" data-id=\"65a82ff\" data-element_type=\"widget\" data-e-type=\"widget\" data-widget_type=\"text-editor.default\">\n\t\t\t\t\t\t\t\t\tSilla de despacho (detalle). Francesc Vidal i Jevell\u00ed. Barcelona, 1885-1889. Donaci\u00f3n de Carles Casades de C\u00f2dol\t\t\t\t\t\t\t\t<\/div>\n\t\t\t\t\t<\/div>\n\t\t<\/div>\n\t\t\t\t\t<\/div>\n\t\t<\/section>\n\t\t\t\t<section class=\"elementor-section elementor-top-section elementor-element elementor-element-70f43c7 elementor-section-boxed elementor-section-height-default elementor-section-height-default\" data-id=\"70f43c7\" data-element_type=\"section\" data-e-type=\"section\">\n\t\t\t\t\t\t<div class=\"elementor-container elementor-column-gap-default\">\n\t\t\t\t\t<div class=\"elementor-column elementor-col-100 elementor-top-column elementor-element elementor-element-cb4d70c\" data-id=\"cb4d70c\" data-element_type=\"column\" data-e-type=\"column\">\n\t\t\t<div class=\"elementor-widget-wrap elementor-element-populated\">\n\t\t\t\t\t\t<div class=\"elementor-element elementor-element-05ddfe5 elementor-widget elementor-widget-spacer\" data-id=\"05ddfe5\" data-element_type=\"widget\" data-e-type=\"widget\" data-widget_type=\"spacer.default\">\n\t\t\t\t\t\t\t<div class=\"elementor-spacer\">\n\t\t\t<div class=\"elementor-spacer-inner\"><\/div>\n\t\t<\/div>\n\t\t\t\t\t\t<\/div>\n\t\t\t\t\t<\/div>\n\t\t<\/div>\n\t\t\t\t\t<\/div>\n\t\t<\/section>\n\t\t\t\t<section class=\"elementor-section elementor-top-section elementor-element elementor-element-8aa73df elementor-section-boxed elementor-section-height-default elementor-section-height-default\" data-id=\"8aa73df\" data-element_type=\"section\" data-e-type=\"section\">\n\t\t\t\t\t\t<div class=\"elementor-container elementor-column-gap-default\">\n\t\t\t\t\t<div class=\"elementor-column elementor-col-100 elementor-top-column elementor-element elementor-element-319921b\" data-id=\"319921b\" data-element_type=\"column\" data-e-type=\"column\">\n\t\t\t<div class=\"elementor-widget-wrap elementor-element-populated\">\n\t\t\t\t\t\t<div class=\"elementor-element elementor-element-f8551a7 elementor-widget elementor-widget-text-editor\" data-id=\"f8551a7\" data-element_type=\"widget\" data-e-type=\"widget\" data-widget_type=\"text-editor.default\">\n\t\t\t\t\t\t\t\t\tGaler\u00eda Vidal\t\t\t\t\t\t\t\t<\/div>\n\t\t\t\t\t<\/div>\n\t\t<\/div>\n\t\t\t\t\t<\/div>\n\t\t<\/section>\n\t\t\t\t<section class=\"elementor-section elementor-top-section elementor-element elementor-element-3664825 elementor-section-boxed elementor-section-height-default elementor-section-height-default\" data-id=\"3664825\" data-element_type=\"section\" data-e-type=\"section\">\n\t\t\t\t\t\t<div class=\"elementor-container elementor-column-gap-default\">\n\t\t\t\t\t<div class=\"elementor-column elementor-col-100 elementor-top-column elementor-element elementor-element-d1eb5ff\" data-id=\"d1eb5ff\" data-element_type=\"column\" data-e-type=\"column\">\n\t\t\t<div class=\"elementor-widget-wrap elementor-element-populated\">\n\t\t\t\t\t\t<div class=\"elementor-element elementor-element-f82e246 elementor-widget elementor-widget-text-editor\" data-id=\"f82e246\" data-element_type=\"widget\" data-e-type=\"widget\" data-widget_type=\"text-editor.default\">\n\t\t\t\t\t\t\t\t\t<p><strong>Del 24 al 29 de mayo.\u00a0 De 10 a 20 h.<br \/><\/strong>Con motivo de la presentaci\u00f3n de la publicaci\u00f3n\u00a0<em>Francesc Vidal. La apuesta por las industrias de arte en Barcelona (1878-1914)\u00a0<\/em>editada por el Museu del Disseny, con vuestra entrada al museo podr\u00e9is visitar la Galer\u00eda Vidal. <strong>Si eres socio de la Asociaci\u00f3n para el Estudio del Mueble, tu entrada al Museo es gratuita.\u00a0<\/strong><\/p><p>La muestra permite aproximarnos a la figura de este industrial y mueblista a trav\u00e9s de una\u00a0selecci\u00f3n de mobiliario\u00a0que permite situarlo en el contexto de su tiempo, con el fin de destacar la aportaci\u00f3n de sus talleres. Como\u00a0interiorista\u00a0de la Casa Real, del marqu\u00e9s de Comillas y las familias acomodadas de la Fiebre de Oro, y como autor de obras tan relevantes como el mobiliario delpalau G\u00fcell, el despacho del alcalde Rius i Taulet o el monumento a Col\u00f3n de Barcelona, salidos de sus talleres, los proyectos de Francesc Vidal fueron vistos a la luz de un\u00a0renacimiento art\u00edstico\u00a0que culminar\u00eda a finales del siglo XIX con el auge del tan celebrado Modernismo.<\/p>\t\t\t\t\t\t\t\t<\/div>\n\t\t\t\t\t<\/div>\n\t\t<\/div>\n\t\t\t\t\t<\/div>\n\t\t<\/section>\n\t\t\t\t<section class=\"elementor-section elementor-top-section elementor-element elementor-element-753808e elementor-section-boxed elementor-section-height-default elementor-section-height-default\" data-id=\"753808e\" data-element_type=\"section\" data-e-type=\"section\">\n\t\t\t\t\t\t<div class=\"elementor-container elementor-column-gap-default\">\n\t\t\t\t\t<div class=\"elementor-column elementor-col-100 elementor-top-column elementor-element elementor-element-a989967\" data-id=\"a989967\" data-element_type=\"column\" data-e-type=\"column\">\n\t\t\t<div class=\"elementor-widget-wrap elementor-element-populated\">\n\t\t\t\t\t\t<div class=\"elementor-element elementor-element-b87592c elementor-widget elementor-widget-spacer\" data-id=\"b87592c\" data-element_type=\"widget\" data-e-type=\"widget\" data-widget_type=\"spacer.default\">\n\t\t\t\t\t\t\t<div class=\"elementor-spacer\">\n\t\t\t<div class=\"elementor-spacer-inner\"><\/div>\n\t\t<\/div>\n\t\t\t\t\t\t<\/div>\n\t\t\t\t\t<\/div>\n\t\t<\/div>\n\t\t\t\t\t<\/div>\n\t\t<\/section>\n\t\t\t\t<section class=\"elementor-section elementor-top-section elementor-element elementor-element-4719450 elementor-section-boxed elementor-section-height-default elementor-section-height-default\" data-id=\"4719450\" data-element_type=\"section\" data-e-type=\"section\">\n\t\t\t\t\t\t<div class=\"elementor-container elementor-column-gap-default\">\n\t\t\t\t\t<div class=\"elementor-column elementor-col-100 elementor-top-column elementor-element elementor-element-5fa7078\" data-id=\"5fa7078\" data-element_type=\"column\" data-e-type=\"column\">\n\t\t\t<div class=\"elementor-widget-wrap elementor-element-populated\">\n\t\t\t\t\t\t<div class=\"elementor-element elementor-element-4bddbea elementor-arrows-position-inside elementor-pagination-position-outside elementor-widget elementor-widget-image-carousel\" data-id=\"4bddbea\" data-element_type=\"widget\" data-e-type=\"widget\" data-settings=\"{&quot;slides_to_show&quot;:&quot;3&quot;,&quot;navigation&quot;:&quot;both&quot;,&quot;autoplay&quot;:&quot;yes&quot;,&quot;pause_on_hover&quot;:&quot;yes&quot;,&quot;pause_on_interaction&quot;:&quot;yes&quot;,&quot;autoplay_speed&quot;:5000,&quot;infinite&quot;:&quot;yes&quot;,&quot;speed&quot;:500,&quot;image_spacing_custom&quot;:{&quot;unit&quot;:&quot;px&quot;,&quot;size&quot;:20,&quot;sizes&quot;:[]},&quot;image_spacing_custom_tablet&quot;:{&quot;unit&quot;:&quot;px&quot;,&quot;size&quot;:&quot;&quot;,&quot;sizes&quot;:[]},&quot;image_spacing_custom_mobile&quot;:{&quot;unit&quot;:&quot;px&quot;,&quot;size&quot;:&quot;&quot;,&quot;sizes&quot;:[]}}\" data-widget_type=\"image-carousel.default\">\n\t\t\t\t\t\t\t<div class=\"elementor-image-carousel-wrapper swiper\" role=\"region\" aria-roledescription=\"carousel\" aria-label=\"Carrusel de im\u00e1genes\" dir=\"ltr\">\n\t\t\t<div class=\"elementor-image-carousel swiper-wrapper swiper-image-stretch\" aria-live=\"off\">\n\t\t\t\t\t\t\t\t<div class=\"swiper-slide\" role=\"group\" aria-roledescription=\"slide\" aria-label=\"1 de 3\"><figure class=\"swiper-slide-inner\"><img decoding=\"async\" class=\"swiper-slide-image\" src=\"https:\/\/www.estudidelmoble.com\/wp-content\/uploads\/2022\/05\/Vidal_1-1-768x771.jpg\" alt=\"Vidal_1\" \/><\/figure><\/div><div class=\"swiper-slide\" role=\"group\" aria-roledescription=\"slide\" aria-label=\"2 de 3\"><figure class=\"swiper-slide-inner\"><img decoding=\"async\" class=\"swiper-slide-image\" src=\"https:\/\/www.estudidelmoble.com\/wp-content\/uploads\/2022\/05\/Vidal2-ok-768x768.jpg\" alt=\"Vidal2 ok\" \/><\/figure><\/div><div class=\"swiper-slide\" role=\"group\" aria-roledescription=\"slide\" aria-label=\"3 de 3\"><figure class=\"swiper-slide-inner\"><img decoding=\"async\" class=\"swiper-slide-image\" src=\"https:\/\/www.estudidelmoble.com\/wp-content\/uploads\/2022\/05\/Vidal_3quadrada-768x768.jpg\" alt=\"Vidal_3quadrada\" \/><\/figure><\/div>\t\t\t<\/div>\n\t\t\t\t\t\t\t\t\t\t\t\t<div class=\"elementor-swiper-button elementor-swiper-button-prev\" role=\"button\" tabindex=\"0\">\n\t\t\t\t\t\t<svg aria-hidden=\"true\" class=\"e-font-icon-svg e-eicon-chevron-left\" viewBox=\"0 0 1000 1000\" xmlns=\"http:\/\/www.w3.org\/2000\/svg\"><path d=\"M646 125C629 125 613 133 604 142L308 442C296 454 292 471 292 487 292 504 296 521 308 533L604 854C617 867 629 875 646 875 663 875 679 871 692 858 704 846 713 829 713 812 713 796 708 779 692 767L438 487 692 225C700 217 708 204 708 187 708 171 704 154 692 142 675 129 663 125 646 125Z\"><\/path><\/svg>\t\t\t\t\t<\/div>\n\t\t\t\t\t<div class=\"elementor-swiper-button elementor-swiper-button-next\" role=\"button\" tabindex=\"0\">\n\t\t\t\t\t\t<svg aria-hidden=\"true\" class=\"e-font-icon-svg e-eicon-chevron-right\" viewBox=\"0 0 1000 1000\" xmlns=\"http:\/\/www.w3.org\/2000\/svg\"><path d=\"M696 533C708 521 713 504 713 487 713 471 708 454 696 446L400 146C388 133 375 125 354 125 338 125 325 129 313 142 300 154 292 171 292 187 292 204 296 221 308 233L563 492 304 771C292 783 288 800 288 817 288 833 296 850 308 863 321 871 338 875 354 875 371 875 388 867 400 854L696 533Z\"><\/path><\/svg>\t\t\t\t\t<\/div>\n\t\t\t\t\n\t\t\t\t\t\t\t\t\t<div class=\"swiper-pagination\"><\/div>\n\t\t\t\t\t\t\t\t\t<\/div>\n\t\t\t\t\t\t<\/div>\n\t\t\t\t\t<\/div>\n\t\t<\/div>\n\t\t\t\t\t<\/div>\n\t\t<\/section>\n\t\t\t\t<section class=\"elementor-section elementor-top-section elementor-element elementor-element-5874c3c elementor-section-boxed elementor-section-height-default elementor-section-height-default\" data-id=\"5874c3c\" data-element_type=\"section\" data-e-type=\"section\">\n\t\t\t\t\t\t<div class=\"elementor-container elementor-column-gap-default\">\n\t\t\t\t\t<div class=\"elementor-column elementor-col-100 elementor-top-column elementor-element elementor-element-88bf5f2\" data-id=\"88bf5f2\" data-element_type=\"column\" data-e-type=\"column\">\n\t\t\t<div class=\"elementor-widget-wrap elementor-element-populated\">\n\t\t\t\t\t\t<div class=\"elementor-element elementor-element-1bb7dd9 elementor-widget elementor-widget-text-editor\" data-id=\"1bb7dd9\" data-element_type=\"widget\" data-e-type=\"widget\" data-widget_type=\"text-editor.default\">\n\t\t\t\t\t\t\t\t\tPresentaci\u00f3n de la publicaci\u00f3n <em>Francesc Vidal. L&#8217;aposta per les ind\u00fastries d&#8217;art a Barcelona (1878-1914)<\/em>\t\t\t\t\t\t\t\t<\/div>\n\t\t\t\t\t<\/div>\n\t\t<\/div>\n\t\t\t\t\t<\/div>\n\t\t<\/section>\n\t\t\t\t<section class=\"elementor-section elementor-top-section elementor-element elementor-element-a7f197b elementor-section-boxed elementor-section-height-default elementor-section-height-default\" data-id=\"a7f197b\" data-element_type=\"section\" data-e-type=\"section\">\n\t\t\t\t\t\t<div class=\"elementor-container elementor-column-gap-default\">\n\t\t\t\t\t<div class=\"elementor-column elementor-col-50 elementor-top-column elementor-element elementor-element-e9f4660\" data-id=\"e9f4660\" data-element_type=\"column\" data-e-type=\"column\">\n\t\t\t<div class=\"elementor-widget-wrap elementor-element-populated\">\n\t\t\t\t\t\t<div class=\"elementor-element elementor-element-320d5af elementor-widget elementor-widget-text-editor\" data-id=\"320d5af\" data-element_type=\"widget\" data-e-type=\"widget\" data-widget_type=\"text-editor.default\">\n\t\t\t\t\t\t\t\t\t<p><strong>Martes 24 de mayo, 19 h.<br \/><\/strong>No se puede hablar del modernismo sin hacer referencia a la figura de Francesc Vidal i Jevell\u00ed\u00a0(1848-1914), creador de los\u00a0talleres art\u00edsticos m\u00e1s innovadores\u00a0de su tiempo, \u00fanicos en Espa\u00f1a.<\/p><p>El Museu del Disseny, con la edici\u00f3n de la publicaci\u00f3n\u00a0Francesc Vidal. La apuesta por las industrias de arte en Barcelona (1878-1914), quiere reconocer la obra de uno de los personajes capitales de la Barcelona art\u00edstica del ochocientos y s\u00edmbolo de toda una \u00e9poca.<\/p><p>Para conocer con m\u00e1s profundidad la figura de Vidal, os invitamos a la presentaci\u00f3n de la publicaci\u00f3n a cargo de los autores del libro:\u00a0Ricard Bru, historiador del arte;\u00a0M\u00f3nica Piera, presidenta de la Asociaci\u00f3n para el Estudio del Mueble; y\u00a0Pilar V\u00e9lez, directora del Museu del Disseny de Barcelona.<\/p>\t\t\t\t\t\t\t\t<\/div>\n\t\t\t\t\t<\/div>\n\t\t<\/div>\n\t\t\t\t<div class=\"elementor-column elementor-col-50 elementor-top-column elementor-element elementor-element-0c7669a\" data-id=\"0c7669a\" data-element_type=\"column\" data-e-type=\"column\">\n\t\t\t<div class=\"elementor-widget-wrap elementor-element-populated\">\n\t\t\t\t\t\t<div class=\"elementor-element elementor-element-cc6b0fe elementor-widget elementor-widget-image\" data-id=\"cc6b0fe\" data-element_type=\"widget\" data-e-type=\"widget\" data-widget_type=\"image.default\">\n\t\t\t\t\t\t\t\t\t\t\t\t\t\t\t<img decoding=\"async\" width=\"512\" height=\"288\" src=\"https:\/\/www.estudidelmoble.com\/wp-content\/uploads\/2022\/05\/vidal_amatller_1.jpg\" class=\"attachment-medium_large size-medium_large wp-image-47357\" alt=\"\" srcset=\"https:\/\/www.estudidelmoble.com\/wp-content\/uploads\/2022\/05\/vidal_amatller_1.jpg 512w, https:\/\/www.estudidelmoble.com\/wp-content\/uploads\/2022\/05\/vidal_amatller_1-300x169.jpg 300w\" sizes=\"(max-width: 512px) 100vw, 512px\" \/>\t\t\t\t\t\t\t\t\t\t\t\t\t\t\t<\/div>\n\t\t\t\t<div class=\"elementor-element elementor-element-a832e0a elementor-widget elementor-widget-text-editor\" data-id=\"a832e0a\" data-element_type=\"widget\" data-e-type=\"widget\" data-widget_type=\"text-editor.default\">\n\t\t\t\t\t\t\t\t\tFrancesc Vidal en la sala japonesa el taller Vidal y C\u00eda. Fotograf\u00eda: Fundaci\u00f3 Institut Amatller d&#8217;Art Hisp\u00e0nic. Arxiu Mas\t\t\t\t\t\t\t\t<\/div>\n\t\t\t\t\t<\/div>\n\t\t<\/div>\n\t\t\t\t\t<\/div>\n\t\t<\/section>\n\t\t\t\t<section class=\"elementor-section elementor-top-section elementor-element elementor-element-f30dc2f elementor-section-boxed elementor-section-height-default elementor-section-height-default\" data-id=\"f30dc2f\" data-element_type=\"section\" data-e-type=\"section\">\n\t\t\t\t\t\t<div class=\"elementor-container elementor-column-gap-default\">\n\t\t\t\t\t<div class=\"elementor-column elementor-col-100 elementor-top-column elementor-element elementor-element-2923a4e\" data-id=\"2923a4e\" data-element_type=\"column\" data-e-type=\"column\">\n\t\t\t<div class=\"elementor-widget-wrap elementor-element-populated\">\n\t\t\t\t\t\t<div class=\"elementor-element elementor-element-d5a3ba1 elementor-widget elementor-widget-text-editor\" data-id=\"d5a3ba1\" data-element_type=\"widget\" data-e-type=\"widget\" data-widget_type=\"text-editor.default\">\n\t\t\t\t\t\t\t\t\tConferencia + Visita comentada\t\t\t\t\t\t\t\t<\/div>\n\t\t\t\t\t<\/div>\n\t\t<\/div>\n\t\t\t\t\t<\/div>\n\t\t<\/section>\n\t\t\t\t<section class=\"elementor-section elementor-top-section elementor-element elementor-element-2b91229 elementor-section-boxed elementor-section-height-default elementor-section-height-default\" data-id=\"2b91229\" data-element_type=\"section\" data-e-type=\"section\">\n\t\t\t\t\t\t<div class=\"elementor-container elementor-column-gap-default\">\n\t\t\t\t\t<div class=\"elementor-column elementor-col-50 elementor-top-column elementor-element elementor-element-cf1e165\" data-id=\"cf1e165\" data-element_type=\"column\" data-e-type=\"column\">\n\t\t\t<div class=\"elementor-widget-wrap elementor-element-populated\">\n\t\t\t\t\t\t<div class=\"elementor-element elementor-element-14be1de elementor-widget elementor-widget-text-editor\" data-id=\"14be1de\" data-element_type=\"widget\" data-e-type=\"widget\" data-widget_type=\"text-editor.default\">\n\t\t\t\t\t\t\t\t\t<p><strong>Jueves 26 de mayo, 18 h.<br \/><\/strong>Con motivo de presentaci\u00f3n de la publicaci\u00f3n\u00a0Francesc Vidal. La apuesta por las industrias de arte en Barcelona (1878-1914)\u00a0editada por el Museu del Disseny, os invitamos a la\u00a0conferencia La decoraci\u00f3n del palau Casades. Nuevas aportaciones\u00a0a cargo de\u00a0Josep Capsir, conservador de las colecciones de artes decorativas del Museu del Disseny y uno de los autores del libro.<\/p><p>Posteriormente,<strong>\u00a0M\u00f3nica Piera, presidenta de la\u00a0Asociaci\u00f3n para el Estudio del Mueble<\/strong>\u00a0y tambi\u00e9n autora del libro, har\u00e1 una visita comentada del mobiliario expuesto en la\u00a0Galer\u00eda Vidal.<\/p>\t\t\t\t\t\t\t\t<\/div>\n\t\t\t\t\t<\/div>\n\t\t<\/div>\n\t\t\t\t<div class=\"elementor-column elementor-col-50 elementor-top-column elementor-element elementor-element-1461959\" data-id=\"1461959\" data-element_type=\"column\" data-e-type=\"column\">\n\t\t\t<div class=\"elementor-widget-wrap elementor-element-populated\">\n\t\t\t\t\t\t<div class=\"elementor-element elementor-element-a542174 elementor-widget elementor-widget-image\" data-id=\"a542174\" data-element_type=\"widget\" data-e-type=\"widget\" data-widget_type=\"image.default\">\n\t\t\t\t\t\t\t\t\t\t\t\t\t\t\t<img decoding=\"async\" width=\"512\" height=\"288\" src=\"https:\/\/www.estudidelmoble.com\/wp-content\/uploads\/2022\/05\/cornucopies.png\" class=\"attachment-medium_large size-medium_large wp-image-47361\" alt=\"\" srcset=\"https:\/\/www.estudidelmoble.com\/wp-content\/uploads\/2022\/05\/cornucopies.png 512w, https:\/\/www.estudidelmoble.com\/wp-content\/uploads\/2022\/05\/cornucopies-300x169.png 300w\" sizes=\"(max-width: 512px) 100vw, 512px\" \/>\t\t\t\t\t\t\t\t\t\t\t\t\t\t\t<\/div>\n\t\t\t\t<div class=\"elementor-element elementor-element-204fef2 elementor-widget elementor-widget-text-editor\" data-id=\"204fef2\" data-element_type=\"widget\" data-e-type=\"widget\" data-widget_type=\"text-editor.default\">\n\t\t\t\t\t\t\t\t\tCornucopias. Francesc Vidal i Jevell\u00ed. Barcelona, 1885-1889. Donaci\u00f3n de Carles Casades de C\u00f2dol.\t\t\t\t\t\t\t\t<\/div>\n\t\t\t\t\t<\/div>\n\t\t<\/div>\n\t\t\t\t\t<\/div>\n\t\t<\/section>\n\t\t\t\t<section class=\"elementor-section elementor-top-section elementor-element elementor-element-e26aeeb elementor-section-boxed elementor-section-height-default elementor-section-height-default\" data-id=\"e26aeeb\" data-element_type=\"section\" data-e-type=\"section\">\n\t\t\t\t\t\t<div class=\"elementor-container elementor-column-gap-default\">\n\t\t\t\t\t<div class=\"elementor-column elementor-col-100 elementor-top-column elementor-element elementor-element-8345461\" data-id=\"8345461\" data-element_type=\"column\" data-e-type=\"column\">\n\t\t\t<div class=\"elementor-widget-wrap elementor-element-populated\">\n\t\t\t\t\t\t\t<\/div>\n\t\t<\/div>\n\t\t\t\t\t<\/div>\n\t\t<\/section>\n\t\t\t\t<section class=\"elementor-section elementor-top-section elementor-element elementor-element-1b7403d elementor-section-boxed elementor-section-height-default elementor-section-height-default\" data-id=\"1b7403d\" data-element_type=\"section\" data-e-type=\"section\" data-settings=\"{&quot;background_background&quot;:&quot;classic&quot;}\">\n\t\t\t\t\t\t<div class=\"elementor-container elementor-column-gap-default\">\n\t\t\t\t\t<div class=\"elementor-column elementor-col-50 elementor-top-column elementor-element elementor-element-83164fb\" data-id=\"83164fb\" data-element_type=\"column\" data-e-type=\"column\">\n\t\t\t<div class=\"elementor-widget-wrap elementor-element-populated\">\n\t\t\t\t\t\t<div class=\"elementor-element elementor-element-2cdd74d elementor-widget elementor-widget-text-editor\" data-id=\"2cdd74d\" data-element_type=\"widget\" data-e-type=\"widget\" data-widget_type=\"text-editor.default\">\n\t\t\t\t\t\t\t\t\tActividad organizada por el Museo del Dise\u00f1o de Barcelona.\r\n\r\n<a href=\"https:\/\/ajuntament.barcelona.cat\/museudeldisseny\/ca\/activitat\/galeria-vidal\" target=\"_blank\" rel=\"noopener\">M\u00e9s informaci\u00f3<\/a>\t\t\t\t\t\t\t\t<\/div>\n\t\t\t\t\t<\/div>\n\t\t<\/div>\n\t\t\t\t<div class=\"elementor-column elementor-col-50 elementor-top-column elementor-element elementor-element-06e5ff5\" data-id=\"06e5ff5\" data-element_type=\"column\" data-e-type=\"column\">\n\t\t\t<div class=\"elementor-widget-wrap elementor-element-populated\">\n\t\t\t\t\t\t<div class=\"elementor-element elementor-element-bfb1ab3 elementor-widget elementor-widget-image\" data-id=\"bfb1ab3\" data-element_type=\"widget\" data-e-type=\"widget\" data-widget_type=\"image.default\">\n\t\t\t\t\t\t\t\t\t\t\t\t\t\t\t<img loading=\"lazy\" decoding=\"async\" width=\"500\" height=\"500\" src=\"https:\/\/www.estudidelmoble.com\/wp-content\/uploads\/2019\/10\/logo-Museu-Disseny-Barcelona-3.jpg\" class=\"attachment-medium_large size-medium_large wp-image-14570\" alt=\"\" srcset=\"https:\/\/www.estudidelmoble.com\/wp-content\/uploads\/2019\/10\/logo-Museu-Disseny-Barcelona-3.jpg 500w, https:\/\/www.estudidelmoble.com\/wp-content\/uploads\/2019\/10\/logo-Museu-Disseny-Barcelona-3-300x300.jpg 300w, https:\/\/www.estudidelmoble.com\/wp-content\/uploads\/2019\/10\/logo-Museu-Disseny-Barcelona-3-100x100.jpg 100w, https:\/\/www.estudidelmoble.com\/wp-content\/uploads\/2019\/10\/logo-Museu-Disseny-Barcelona-3-150x150.jpg 150w, https:\/\/www.estudidelmoble.com\/wp-content\/uploads\/2019\/10\/logo-Museu-Disseny-Barcelona-3-350x350.jpg 350w\" sizes=\"(max-width: 500px) 100vw, 500px\" \/>\t\t\t\t\t\t\t\t\t\t\t\t\t\t\t<\/div>\n\t\t\t\t\t<\/div>\n\t\t<\/div>\n\t\t\t\t\t<\/div>\n\t\t<\/section>\n\t\t\t\t<\/div>\n\t\t","protected":false},"excerpt":{"rendered":"<p>Con motivo de la presentaci\u00f3n de la publicaci\u00f3n Francesc Vidal. L&#8217;aposta per les ind\u00fastries d&#8217;art a Barcelona (1878-1914) editada por el Museo del Dise\u00f1o, con tu entrada al Museo podr\u00e1s visitar la Galer\u00eda Vidal.<\/p>\n","protected":false},"author":86,"featured_media":47333,"comment_status":"closed","ping_status":"closed","sticky":false,"template":"","format":"standard","meta":{"_acf_changed":false,"footnotes":""},"categories":[28,309],"tags":[1090,337,1100,1071,410],"class_list":["post-47372","post","type-post","status-publish","format-standard","has-post-thumbnail","hentry","category-blog-es","category-blog","tag-barcelona-es","tag-dhub-es","tag-museos-es","tag-s-xix-es","tag-s-xx-es"],"acf":[],"_links":{"self":[{"href":"https:\/\/www.estudidelmoble.com\/es\/wp-json\/wp\/v2\/posts\/47372","targetHints":{"allow":["GET"]}}],"collection":[{"href":"https:\/\/www.estudidelmoble.com\/es\/wp-json\/wp\/v2\/posts"}],"about":[{"href":"https:\/\/www.estudidelmoble.com\/es\/wp-json\/wp\/v2\/types\/post"}],"author":[{"embeddable":true,"href":"https:\/\/www.estudidelmoble.com\/es\/wp-json\/wp\/v2\/users\/86"}],"replies":[{"embeddable":true,"href":"https:\/\/www.estudidelmoble.com\/es\/wp-json\/wp\/v2\/comments?post=47372"}],"version-history":[{"count":0,"href":"https:\/\/www.estudidelmoble.com\/es\/wp-json\/wp\/v2\/posts\/47372\/revisions"}],"wp:featuredmedia":[{"embeddable":true,"href":"https:\/\/www.estudidelmoble.com\/es\/wp-json\/wp\/v2\/media\/47333"}],"wp:attachment":[{"href":"https:\/\/www.estudidelmoble.com\/es\/wp-json\/wp\/v2\/media?parent=47372"}],"wp:term":[{"taxonomy":"category","embeddable":true,"href":"https:\/\/www.estudidelmoble.com\/es\/wp-json\/wp\/v2\/categories?post=47372"},{"taxonomy":"post_tag","embeddable":true,"href":"https:\/\/www.estudidelmoble.com\/es\/wp-json\/wp\/v2\/tags?post=47372"}],"curies":[{"name":"wp","href":"https:\/\/api.w.org\/{rel}","templated":true}]}}