{"id":48556,"date":"2022-01-09T12:33:02","date_gmt":"2022-01-09T10:33:02","guid":{"rendered":"https:\/\/www.estudidelmoble.com\/monica-piera-habla-en-catalunya-radio-3\/"},"modified":"2022-06-03T12:45:20","modified_gmt":"2022-06-03T10:45:20","slug":"monica-piera-habla-en-catalunya-radio-3","status":"publish","type":"post","link":"https:\/\/www.estudidelmoble.com\/es\/monica-piera-habla-en-catalunya-radio-3\/","title":{"rendered":"M\u00f3nica Piera habla en Catalunya Radio"},"content":{"rendered":"\t\t<div data-elementor-type=\"wp-post\" data-elementor-id=\"48556\" class=\"elementor elementor-48556 elementor-48549\" data-elementor-post-type=\"post\">\n\t\t\t\t\t\t<section class=\"elementor-section elementor-top-section elementor-element elementor-element-4e2e9e0 elementor-section-boxed elementor-section-height-default elementor-section-height-default\" data-id=\"4e2e9e0\" data-element_type=\"section\" data-e-type=\"section\">\n\t\t\t\t\t\t<div class=\"elementor-container elementor-column-gap-default\">\n\t\t\t\t\t<div class=\"elementor-column elementor-col-100 elementor-top-column elementor-element elementor-element-01b2f4d\" data-id=\"01b2f4d\" data-element_type=\"column\" data-e-type=\"column\">\n\t\t\t<div class=\"elementor-widget-wrap elementor-element-populated\">\n\t\t\t\t\t\t<div class=\"elementor-element elementor-element-7085dc7 elementor-widget elementor-widget-heading\" data-id=\"7085dc7\" data-element_type=\"widget\" data-e-type=\"widget\" data-widget_type=\"heading.default\">\n\t\t\t\t\t<h1 class=\"elementor-heading-title elementor-size-default\">M\u00f3nica Piera habla en Catalunya Radio<\/h1>\t\t\t\t<\/div>\n\t\t\t\t<div class=\"elementor-element elementor-element-7280420 elementor-widget elementor-widget-heading\" data-id=\"7280420\" data-element_type=\"widget\" data-e-type=\"widget\" data-widget_type=\"heading.default\">\n\t\t\t\t\t<h2 class=\"elementor-heading-title elementor-size-default\">Programa En Guardia! de divulgaci\u00f3n hist\u00f3rica<\/h2>\t\t\t\t<\/div>\n\t\t\t\t<div class=\"elementor-element elementor-element-d5c7cda elementor-widget elementor-widget-heading\" data-id=\"d5c7cda\" data-element_type=\"widget\" data-e-type=\"widget\" data-widget_type=\"heading.default\">\n\t\t\t\t\t<h3 class=\"elementor-heading-title elementor-size-default\">Escucha el podcast<\/h3>\t\t\t\t<\/div>\n\t\t\t\t\t<\/div>\n\t\t<\/div>\n\t\t\t\t\t<\/div>\n\t\t<\/section>\n\t\t\t\t<section class=\"elementor-section elementor-top-section elementor-element elementor-element-bf643d6 elementor-section-content-middle elementor-section-boxed elementor-section-height-default elementor-section-height-default\" data-id=\"bf643d6\" data-element_type=\"section\" data-e-type=\"section\">\n\t\t\t\t\t\t<div class=\"elementor-container elementor-column-gap-default\">\n\t\t\t\t\t<div class=\"elementor-column elementor-col-100 elementor-top-column elementor-element elementor-element-1ac224f\" data-id=\"1ac224f\" data-element_type=\"column\" data-e-type=\"column\">\n\t\t\t<div class=\"elementor-widget-wrap elementor-element-populated\">\n\t\t\t\t\t\t<div class=\"elementor-element elementor-element-3511412 elementor-widget elementor-widget-spacer\" data-id=\"3511412\" data-element_type=\"widget\" data-e-type=\"widget\" data-widget_type=\"spacer.default\">\n\t\t\t\t\t\t\t<div class=\"elementor-spacer\">\n\t\t\t<div class=\"elementor-spacer-inner\"><\/div>\n\t\t<\/div>\n\t\t\t\t\t\t<\/div>\n\t\t\t\t<div class=\"elementor-element elementor-element-b29e5f3 elementor-widget elementor-widget-image\" data-id=\"b29e5f3\" data-element_type=\"widget\" data-e-type=\"widget\" data-widget_type=\"image.default\">\n\t\t\t\t\t\t\t\t\t\t\t\t\t\t\t<img fetchpriority=\"high\" decoding=\"async\" width=\"768\" height=\"768\" src=\"https:\/\/www.estudidelmoble.com\/wp-content\/uploads\/2021\/03\/Monica-calaixera-CatRadio-marc-espai-gruixut-2-768x768.jpg\" class=\"attachment-medium_large size-medium_large wp-image-24720\" alt=\"\" srcset=\"https:\/\/www.estudidelmoble.com\/wp-content\/uploads\/2021\/03\/Monica-calaixera-CatRadio-marc-espai-gruixut-2-768x768.jpg 768w, https:\/\/www.estudidelmoble.com\/wp-content\/uploads\/2021\/03\/Monica-calaixera-CatRadio-marc-espai-gruixut-2-300x300.jpg 300w, https:\/\/www.estudidelmoble.com\/wp-content\/uploads\/2021\/03\/Monica-calaixera-CatRadio-marc-espai-gruixut-2-100x100.jpg 100w, https:\/\/www.estudidelmoble.com\/wp-content\/uploads\/2021\/03\/Monica-calaixera-CatRadio-marc-espai-gruixut-2-600x600.jpg 600w, https:\/\/www.estudidelmoble.com\/wp-content\/uploads\/2021\/03\/Monica-calaixera-CatRadio-marc-espai-gruixut-2-1024x1024.jpg 1024w, https:\/\/www.estudidelmoble.com\/wp-content\/uploads\/2021\/03\/Monica-calaixera-CatRadio-marc-espai-gruixut-2-150x150.jpg 150w, https:\/\/www.estudidelmoble.com\/wp-content\/uploads\/2021\/03\/Monica-calaixera-CatRadio-marc-espai-gruixut-2-1536x1536.jpg 1536w, https:\/\/www.estudidelmoble.com\/wp-content\/uploads\/2021\/03\/Monica-calaixera-CatRadio-marc-espai-gruixut-2.jpg 1889w\" sizes=\"(max-width: 768px) 100vw, 768px\" \/>\t\t\t\t\t\t\t\t\t\t\t\t\t\t\t<\/div>\n\t\t\t\t\t<\/div>\n\t\t<\/div>\n\t\t\t\t\t<\/div>\n\t\t<\/section>\n\t\t\t\t<section class=\"elementor-section elementor-top-section elementor-element elementor-element-5964b39 elementor-section-boxed elementor-section-height-default elementor-section-height-default\" data-id=\"5964b39\" data-element_type=\"section\" data-e-type=\"section\">\n\t\t\t\t\t\t<div class=\"elementor-container elementor-column-gap-default\">\n\t\t\t\t\t<div class=\"elementor-column elementor-col-100 elementor-top-column elementor-element elementor-element-fd4fcb0\" data-id=\"fd4fcb0\" data-element_type=\"column\" data-e-type=\"column\">\n\t\t\t<div class=\"elementor-widget-wrap elementor-element-populated\">\n\t\t\t\t\t\t<div class=\"elementor-element elementor-element-099c1f5 elementor-widget elementor-widget-spacer\" data-id=\"099c1f5\" data-element_type=\"widget\" data-e-type=\"widget\" data-widget_type=\"spacer.default\">\n\t\t\t\t\t\t\t<div class=\"elementor-spacer\">\n\t\t\t<div class=\"elementor-spacer-inner\"><\/div>\n\t\t<\/div>\n\t\t\t\t\t\t<\/div>\n\t\t\t\t\t<\/div>\n\t\t<\/div>\n\t\t\t\t\t<\/div>\n\t\t<\/section>\n\t\t\t\t<section class=\"elementor-section elementor-top-section elementor-element elementor-element-a466f5d elementor-section-boxed elementor-section-height-default elementor-section-height-default\" data-id=\"a466f5d\" data-element_type=\"section\" data-e-type=\"section\">\n\t\t\t\t\t\t<div class=\"elementor-container elementor-column-gap-default\">\n\t\t\t\t\t<div class=\"elementor-column elementor-col-100 elementor-top-column elementor-element elementor-element-7df5a13\" data-id=\"7df5a13\" data-element_type=\"column\" data-e-type=\"column\">\n\t\t\t<div class=\"elementor-widget-wrap elementor-element-populated\">\n\t\t\t\t\t\t<div class=\"elementor-element elementor-element-44812b3 elementor-widget elementor-widget-text-editor\" data-id=\"44812b3\" data-element_type=\"widget\" data-e-type=\"widget\" data-widget_type=\"text-editor.default\">\n\t\t\t\t\t\t\t\t\tM\u00f3nica Piera habla en el programa de divulgaci\u00f3n hist\u00f3rica En guardia! de <a href=\"https:\/\/www.ccma.cat\/\" target=\"_blank\" rel=\"noopener\">Catalunya R\u00e0dio<\/a> con Enric Calpena sobre el mueble del siglo XVIII en Catalu\u00f1a como nos habla sobre el pulso de aquella sociedad.\r\n\r\nEl programa\u00a0<em>En gu\u00e0rdia!<\/em>\u00a0se estren\u00f3 el a\u00f1o 2001 y lleva ya 16 temporadas con m\u00e1s de 600 programas emitidos.\r\n\r\n&nbsp;\t\t\t\t\t\t\t\t<\/div>\n\t\t\t\t\t<\/div>\n\t\t<\/div>\n\t\t\t\t\t<\/div>\n\t\t<\/section>\n\t\t\t\t<section class=\"elementor-section elementor-top-section elementor-element elementor-element-3781a75 elementor-section-boxed elementor-section-height-default elementor-section-height-default\" data-id=\"3781a75\" data-element_type=\"section\" data-e-type=\"section\">\n\t\t\t\t\t\t<div class=\"elementor-container elementor-column-gap-default\">\n\t\t\t\t\t<div class=\"elementor-column elementor-col-100 elementor-top-column elementor-element elementor-element-5003bd7\" data-id=\"5003bd7\" data-element_type=\"column\" data-e-type=\"column\">\n\t\t\t<div class=\"elementor-widget-wrap elementor-element-populated\">\n\t\t\t\t\t\t<div class=\"elementor-element elementor-element-324e4ea elementor-widget elementor-widget-spacer\" data-id=\"324e4ea\" data-element_type=\"widget\" data-e-type=\"widget\" data-widget_type=\"spacer.default\">\n\t\t\t\t\t\t\t<div class=\"elementor-spacer\">\n\t\t\t<div class=\"elementor-spacer-inner\"><\/div>\n\t\t<\/div>\n\t\t\t\t\t\t<\/div>\n\t\t\t\t\t<\/div>\n\t\t<\/div>\n\t\t\t\t\t<\/div>\n\t\t<\/section>\n\t\t\t\t<section class=\"elementor-section elementor-top-section elementor-element elementor-element-b55c438 elementor-section-boxed elementor-section-height-default elementor-section-height-default\" data-id=\"b55c438\" data-element_type=\"section\" data-e-type=\"section\">\n\t\t\t\t\t\t<div class=\"elementor-container elementor-column-gap-default\">\n\t\t\t\t\t<div class=\"elementor-column elementor-col-50 elementor-top-column elementor-element elementor-element-10e77a3\" data-id=\"10e77a3\" data-element_type=\"column\" data-e-type=\"column\">\n\t\t\t<div class=\"elementor-widget-wrap elementor-element-populated\">\n\t\t\t\t\t\t<div class=\"elementor-element elementor-element-2e876d1 elementor-widget elementor-widget-text-editor\" data-id=\"2e876d1\" data-element_type=\"widget\" data-e-type=\"widget\" data-widget_type=\"text-editor.default\">\n\t\t\t\t\t\t\t\t\tEl crecimiento econ\u00f3mico experimentado por Catalu\u00f1a en el siglo XVIII, gracias al comercio y a las primeras actividades industriales, comport\u00f3 un incremento de la poblaci\u00f3n y la construcci\u00f3n de casas de nueva planta. La fabricaci\u00f3n de los muebles que deb\u00edan llenar los diferentes rincones de estas nuevas viviendas es un ejemplo de la creatividad y el buen nivel al que llegaron los artesanos de la madera en todo el pa\u00eds. Como objeto pr\u00e1ctico de uso cotidiano, pero tambi\u00e9n como s\u00edmbolos de estatus social, los muebles del siglo XVIII muestran de manera di\u00e1fana el sentir de aquella sociedad. De ello hablaremos con Josep M. Sol\u00e9 i Sabat\u00e9, historiador, y M\u00f3nica Piera, doctora en Historia del Arte i cofundadora de la Asociaci\u00f3n para el Estudio del Mueble\t\t\t\t\t\t\t\t<\/div>\n\t\t\t\t\t<\/div>\n\t\t<\/div>\n\t\t\t\t<div class=\"elementor-column elementor-col-50 elementor-top-column elementor-element elementor-element-6fe1caa\" data-id=\"6fe1caa\" data-element_type=\"column\" data-e-type=\"column\">\n\t\t\t<div class=\"elementor-widget-wrap elementor-element-populated\">\n\t\t\t\t\t\t<div class=\"elementor-element elementor-element-bed13df elementor-widget elementor-widget-text-editor\" data-id=\"bed13df\" data-element_type=\"widget\" data-e-type=\"widget\" data-widget_type=\"text-editor.default\">\n\t\t\t\t\t\t\t\t\tEscucha el podcast aqu\u00ed: \t\t\t\t\t\t\t\t<\/div>\n\t\t\t\t<div class=\"elementor-element elementor-element-a520bae elementor-widget elementor-widget-shortcode\" data-id=\"a520bae\" data-element_type=\"widget\" data-e-type=\"widget\" data-widget_type=\"shortcode.default\">\n\t\t\t\t\t\t\t<div class=\"elementor-shortcode\"><iframe src=\"https:\/\/www.ccma.cat\/audio\/embed\/1095113\/\" allowfullscreen scrolling=\"no\" frameborder=\"0\" width=\"500px\" height=\"281px\"><\/iframe><\/div>\n\t\t\t\t\t\t<\/div>\n\t\t\t\t\t<\/div>\n\t\t<\/div>\n\t\t\t\t\t<\/div>\n\t\t<\/section>\n\t\t\t\t<\/div>\n\t\t","protected":false},"excerpt":{"rendered":"<p>M\u00f3nica Piera habla en el programa de divulgaci\u00f3n hist\u00f3rica En guardia! de Catalunya R\u00e0dio con Enric Calpena sobre el mueble del siglo XVIII en Catalu\u00f1a como nos habla sobre el pulso de aquella sociedad<\/p>\n","protected":false},"author":86,"featured_media":25808,"comment_status":"closed","ping_status":"closed","sticky":false,"template":"","format":"standard","meta":{"_acf_changed":false,"footnotes":""},"categories":[28,1000],"tags":[340,388,409],"class_list":["post-48556","post","type-post","status-publish","format-standard","has-post-thumbnail","hentry","category-blog-es","category-prensa","tag-expertos-es","tag-prensa-es","tag-s-xviii-es"],"acf":[],"_links":{"self":[{"href":"https:\/\/www.estudidelmoble.com\/es\/wp-json\/wp\/v2\/posts\/48556","targetHints":{"allow":["GET"]}}],"collection":[{"href":"https:\/\/www.estudidelmoble.com\/es\/wp-json\/wp\/v2\/posts"}],"about":[{"href":"https:\/\/www.estudidelmoble.com\/es\/wp-json\/wp\/v2\/types\/post"}],"author":[{"embeddable":true,"href":"https:\/\/www.estudidelmoble.com\/es\/wp-json\/wp\/v2\/users\/86"}],"replies":[{"embeddable":true,"href":"https:\/\/www.estudidelmoble.com\/es\/wp-json\/wp\/v2\/comments?post=48556"}],"version-history":[{"count":0,"href":"https:\/\/www.estudidelmoble.com\/es\/wp-json\/wp\/v2\/posts\/48556\/revisions"}],"wp:featuredmedia":[{"embeddable":true,"href":"https:\/\/www.estudidelmoble.com\/es\/wp-json\/wp\/v2\/media\/25808"}],"wp:attachment":[{"href":"https:\/\/www.estudidelmoble.com\/es\/wp-json\/wp\/v2\/media?parent=48556"}],"wp:term":[{"taxonomy":"category","embeddable":true,"href":"https:\/\/www.estudidelmoble.com\/es\/wp-json\/wp\/v2\/categories?post=48556"},{"taxonomy":"post_tag","embeddable":true,"href":"https:\/\/www.estudidelmoble.com\/es\/wp-json\/wp\/v2\/tags?post=48556"}],"curies":[{"name":"wp","href":"https:\/\/api.w.org\/{rel}","templated":true}]}}