{"id":49132,"date":"2022-07-05T11:09:56","date_gmt":"2022-07-05T09:09:56","guid":{"rendered":"https:\/\/www.estudidelmoble.com\/presentacion-de-la-publicacion-el-mueble-tambien-cuestion-de-mujeres\/"},"modified":"2022-07-20T19:31:06","modified_gmt":"2022-07-20T17:31:06","slug":"presentacion-de-la-publicacion-el-mueble-tambien-cuestion-de-mujeres","status":"publish","type":"post","link":"https:\/\/www.estudidelmoble.com\/es\/presentacion-de-la-publicacion-el-mueble-tambien-cuestion-de-mujeres\/","title":{"rendered":"Presentaci\u00f3n de la publicaci\u00f3n \u00abEl mueble, tambi\u00e9n cuesti\u00f3n de mujeres\u00bb"},"content":{"rendered":"\t\t<div data-elementor-type=\"wp-post\" data-elementor-id=\"49132\" class=\"elementor elementor-49132 elementor-49100\" data-elementor-post-type=\"post\">\n\t\t\t\t\t\t<section class=\"elementor-section elementor-top-section elementor-element elementor-element-f9d1564 elementor-section-boxed elementor-section-height-default elementor-section-height-default\" data-id=\"f9d1564\" data-element_type=\"section\" data-e-type=\"section\">\n\t\t\t\t\t\t<div class=\"elementor-container elementor-column-gap-default\">\n\t\t\t\t\t<div class=\"elementor-column elementor-col-100 elementor-top-column elementor-element elementor-element-be6607c\" data-id=\"be6607c\" data-element_type=\"column\" data-e-type=\"column\">\n\t\t\t<div class=\"elementor-widget-wrap elementor-element-populated\">\n\t\t\t\t\t\t<div class=\"elementor-element elementor-element-800f296 elementor-widget elementor-widget-heading\" data-id=\"800f296\" data-element_type=\"widget\" data-e-type=\"widget\" data-widget_type=\"heading.default\">\n\t\t\t\t\t<h1 class=\"elementor-heading-title elementor-size-default\">Presentaci\u00f3n de la Publicaci\u00f3n<\/h1>\t\t\t\t<\/div>\n\t\t\t\t<div class=\"elementor-element elementor-element-556dd65 elementor-widget elementor-widget-heading\" data-id=\"556dd65\" data-element_type=\"widget\" data-e-type=\"widget\" data-widget_type=\"heading.default\">\n\t\t\t\t\t<h2 class=\"elementor-heading-title elementor-size-default\">El mueble, tambi\u00e9n cuesti\u00f3n de mujeres<\/h2>\t\t\t\t<\/div>\n\t\t\t\t<div class=\"elementor-element elementor-element-ef95b0b elementor-widget elementor-widget-heading\" data-id=\"ef95b0b\" data-element_type=\"widget\" data-e-type=\"widget\" data-widget_type=\"heading.default\">\n\t\t\t\t\t<h3 class=\"elementor-heading-title elementor-size-default\">Mi\u00e9rcoles, 13 de julio a las 18.30 h<\/h3>\t\t\t\t<\/div>\n\t\t\t\t\t<\/div>\n\t\t<\/div>\n\t\t\t\t\t<\/div>\n\t\t<\/section>\n\t\t\t\t<section class=\"elementor-section elementor-top-section elementor-element elementor-element-29449ef elementor-section-boxed elementor-section-height-default elementor-section-height-default\" data-id=\"29449ef\" data-element_type=\"section\" data-e-type=\"section\">\n\t\t\t\t\t\t<div class=\"elementor-container elementor-column-gap-default\">\n\t\t\t\t\t<div class=\"elementor-column elementor-col-100 elementor-top-column elementor-element elementor-element-631581e\" data-id=\"631581e\" data-element_type=\"column\" data-e-type=\"column\">\n\t\t\t<div class=\"elementor-widget-wrap elementor-element-populated\">\n\t\t\t\t\t\t<div class=\"elementor-element elementor-element-61c0925 elementor-widget elementor-widget-spacer\" data-id=\"61c0925\" data-element_type=\"widget\" data-e-type=\"widget\" data-widget_type=\"spacer.default\">\n\t\t\t\t\t\t\t<div class=\"elementor-spacer\">\n\t\t\t<div class=\"elementor-spacer-inner\"><\/div>\n\t\t<\/div>\n\t\t\t\t\t\t<\/div>\n\t\t\t\t<div class=\"elementor-element elementor-element-c713dd8 elementor-widget elementor-widget-image\" data-id=\"c713dd8\" data-element_type=\"widget\" data-e-type=\"widget\" data-widget_type=\"image.default\">\n\t\t\t\t\t\t\t\t\t\t\t\t\t\t\t<img fetchpriority=\"high\" decoding=\"async\" width=\"768\" height=\"768\" src=\"https:\/\/www.estudidelmoble.com\/wp-content\/uploads\/2022\/07\/portada-cuadrada-768x768.jpg\" class=\"attachment-medium_large size-medium_large wp-image-49106\" alt=\"El moble, tamb\u00e9 q\u00fcesti\u00f3 de dones publicaci\u00f3\" srcset=\"https:\/\/www.estudidelmoble.com\/wp-content\/uploads\/2022\/07\/portada-cuadrada-768x768.jpg 768w, https:\/\/www.estudidelmoble.com\/wp-content\/uploads\/2022\/07\/portada-cuadrada-300x300.jpg 300w, https:\/\/www.estudidelmoble.com\/wp-content\/uploads\/2022\/07\/portada-cuadrada-1024x1024.jpg 1024w, https:\/\/www.estudidelmoble.com\/wp-content\/uploads\/2022\/07\/portada-cuadrada-150x150.jpg 150w, https:\/\/www.estudidelmoble.com\/wp-content\/uploads\/2022\/07\/portada-cuadrada-1536x1536.jpg 1536w, https:\/\/www.estudidelmoble.com\/wp-content\/uploads\/2022\/07\/portada-cuadrada-2048x2048.jpg 2048w, https:\/\/www.estudidelmoble.com\/wp-content\/uploads\/2022\/07\/portada-cuadrada-600x600.jpg 600w, https:\/\/www.estudidelmoble.com\/wp-content\/uploads\/2022\/07\/portada-cuadrada-100x100.jpg 100w\" sizes=\"(max-width: 768px) 100vw, 768px\" \/>\t\t\t\t\t\t\t\t\t\t\t\t\t\t\t<\/div>\n\t\t\t\t<div class=\"elementor-element elementor-element-3eda213 elementor-widget elementor-widget-heading\" data-id=\"3eda213\" data-element_type=\"widget\" data-e-type=\"widget\" data-widget_type=\"heading.default\">\n\t\t\t\t\t<p class=\"elementor-heading-title elementor-size-default\">Actividad gratuita y libre con aforo limitado<br \/>Con N\u00faria Gil, directora de la publicaci\u00f3n<\/p>\t\t\t\t<\/div>\n\t\t\t\t\t<\/div>\n\t\t<\/div>\n\t\t\t\t\t<\/div>\n\t\t<\/section>\n\t\t\t\t<section class=\"elementor-section elementor-top-section elementor-element elementor-element-2fc14f0 elementor-section-boxed elementor-section-height-default elementor-section-height-default\" data-id=\"2fc14f0\" data-element_type=\"section\" data-e-type=\"section\">\n\t\t\t\t\t\t<div class=\"elementor-container elementor-column-gap-default\">\n\t\t\t\t\t<div class=\"elementor-column elementor-col-100 elementor-top-column elementor-element elementor-element-d7872db\" data-id=\"d7872db\" data-element_type=\"column\" data-e-type=\"column\">\n\t\t\t<div class=\"elementor-widget-wrap elementor-element-populated\">\n\t\t\t\t\t\t<div class=\"elementor-element elementor-element-95e7879 elementor-widget elementor-widget-text-editor\" data-id=\"95e7879\" data-element_type=\"widget\" data-e-type=\"widget\" data-widget_type=\"text-editor.default\">\n\t\t\t\t\t\t\t\t\t<p>Con motivo de la celebraci\u00f3n de la actividad <a href=\"https:\/\/www.estudidelmoble.com\/es\/jornadas-el-mueble-tambien-cuestion-de-mujeres\/\">El mueble, tambi\u00e9n cuesti\u00f3n de mujeres<\/a>, que tuvo lugar entre el 30 de junio y el 2 de julio de 2021, os invitamos a las presentaci\u00f3n de su publicaci\u00f3n monogr\u00e1fica, que incluye los art\u00edculos elaborados por los conferenciantes de la jornada.&nbsp;<\/p>\n<p>Durante la presentaci\u00f3n, conversaremos con algunos de los autores.<br \/>Una vez acabada la actividad se entregar\u00e1 un ejemplar de la publicaci\u00f3n a los asistentes a la jornada de 2021, y se pondr\u00e1 a la venta para quien desee adquirirla.<\/p>\n<p>La publicaci\u00f3n ha sido coeditada por la Asociaci\u00f3n para el Estudio del Mueble y el Museu del Disseny de Barcelona.<br \/><\/p>\t\t\t\t\t\t\t\t<\/div>\n\t\t\t\t\t<\/div>\n\t\t<\/div>\n\t\t\t\t\t<\/div>\n\t\t<\/section>\n\t\t\t\t<section class=\"elementor-section elementor-top-section elementor-element elementor-element-5b778fc elementor-section-content-middle elementor-section-boxed elementor-section-height-default elementor-section-height-default\" data-id=\"5b778fc\" data-element_type=\"section\" data-e-type=\"section\">\n\t\t\t\t\t\t<div class=\"elementor-container elementor-column-gap-default\">\n\t\t\t\t\t<div class=\"elementor-column elementor-col-100 elementor-top-column elementor-element elementor-element-8ab5f27\" data-id=\"8ab5f27\" data-element_type=\"column\" data-e-type=\"column\">\n\t\t\t<div class=\"elementor-widget-wrap elementor-element-populated\">\n\t\t\t\t\t\t<div class=\"elementor-element elementor-element-dc8bb01 elementor-widget elementor-widget-read-more\" data-id=\"dc8bb01\" data-element_type=\"widget\" data-e-type=\"widget\" data-widget_type=\"read-more.default\">\n\t\t\t\t\t<\/div><\/div><\/div><\/div><\/section><\/div> <a href=\"https:\/\/www.estudidelmoble.com\/es\/presentacion-de-la-publicacion-el-mueble-tambien-cuestion-de-mujeres\/#more-49132\" class=\"more-link elementor-more-link\"><span aria-label=\"Sigue leyendo Presentaci\u00f3n de la publicaci\u00f3n \u00abEl mueble, tambi\u00e9n cuesti\u00f3n de mujeres\u00bb\">Continua llegint<\/span><\/a>","protected":false},"excerpt":{"rendered":"<p>Presentaci\u00f3n de la publicaci\u00f3n monogr\u00e1fica \u00abEl mueble, tambi\u00e9n cuesti\u00f3n de mujeres\u00bb con los art\u00edculos de los conferenciantes de las jornadas<\/p>\n","protected":false},"author":86,"featured_media":49106,"comment_status":"closed","ping_status":"closed","sticky":false,"template":"","format":"standard","meta":{"_acf_changed":false,"footnotes":""},"categories":[28],"tags":[340,1085,1086,1095],"class_list":["post-49132","post","type-post","status-publish","format-standard","has-post-thumbnail","hentry","category-blog-es","tag-expertos-es","tag-historiadelmueble-es","tag-investigacion-es","tag-mujeres-es"],"acf":[],"_links":{"self":[{"href":"https:\/\/www.estudidelmoble.com\/es\/wp-json\/wp\/v2\/posts\/49132","targetHints":{"allow":["GET"]}}],"collection":[{"href":"https:\/\/www.estudidelmoble.com\/es\/wp-json\/wp\/v2\/posts"}],"about":[{"href":"https:\/\/www.estudidelmoble.com\/es\/wp-json\/wp\/v2\/types\/post"}],"author":[{"embeddable":true,"href":"https:\/\/www.estudidelmoble.com\/es\/wp-json\/wp\/v2\/users\/86"}],"replies":[{"embeddable":true,"href":"https:\/\/www.estudidelmoble.com\/es\/wp-json\/wp\/v2\/comments?post=49132"}],"version-history":[{"count":0,"href":"https:\/\/www.estudidelmoble.com\/es\/wp-json\/wp\/v2\/posts\/49132\/revisions"}],"wp:featuredmedia":[{"embeddable":true,"href":"https:\/\/www.estudidelmoble.com\/es\/wp-json\/wp\/v2\/media\/49106"}],"wp:attachment":[{"href":"https:\/\/www.estudidelmoble.com\/es\/wp-json\/wp\/v2\/media?parent=49132"}],"wp:term":[{"taxonomy":"category","embeddable":true,"href":"https:\/\/www.estudidelmoble.com\/es\/wp-json\/wp\/v2\/categories?post=49132"},{"taxonomy":"post_tag","embeddable":true,"href":"https:\/\/www.estudidelmoble.com\/es\/wp-json\/wp\/v2\/tags?post=49132"}],"curies":[{"name":"wp","href":"https:\/\/api.w.org\/{rel}","templated":true}]}}