{"id":49722,"date":"2022-07-19T17:34:53","date_gmt":"2022-07-19T15:34:53","guid":{"rendered":"https:\/\/www.estudidelmoble.com\/visita-a-madrid\/"},"modified":"2022-09-07T15:23:44","modified_gmt":"2022-09-07T13:23:44","slug":"visita-a-madrid-muebles-y-modernidad-en-espana","status":"publish","type":"post","link":"https:\/\/www.estudidelmoble.com\/es\/visita-a-madrid-muebles-y-modernidad-en-espana\/","title":{"rendered":"Visita a Madrid"},"content":{"rendered":"\t\t<div data-elementor-type=\"wp-post\" data-elementor-id=\"49722\" class=\"elementor elementor-49722 elementor-49618\" data-elementor-post-type=\"post\">\n\t\t\t\t\t\t<section class=\"elementor-section elementor-top-section elementor-element elementor-element-aee56c6 elementor-section-boxed elementor-section-height-default elementor-section-height-default\" data-id=\"aee56c6\" data-element_type=\"section\" data-e-type=\"section\">\n\t\t\t\t\t\t<div class=\"elementor-container elementor-column-gap-default\">\n\t\t\t\t\t<div class=\"elementor-column elementor-col-100 elementor-top-column elementor-element elementor-element-d183d94\" data-id=\"d183d94\" data-element_type=\"column\" data-e-type=\"column\">\n\t\t\t<div class=\"elementor-widget-wrap elementor-element-populated\">\n\t\t\t\t\t\t<div class=\"elementor-element elementor-element-2fc94f2 elementor-widget elementor-widget-heading\" data-id=\"2fc94f2\" data-element_type=\"widget\" data-e-type=\"widget\" data-widget_type=\"heading.default\">\n\t\t\t\t\t<h1 class=\"elementor-heading-title elementor-size-default\">Visita a Madrid<\/h1>\t\t\t\t<\/div>\n\t\t\t\t<div class=\"elementor-element elementor-element-45c8722 elementor-widget elementor-widget-heading\" data-id=\"45c8722\" data-element_type=\"widget\" data-e-type=\"widget\" data-widget_type=\"heading.default\">\n\t\t\t\t\t<h2 class=\"elementor-heading-title elementor-size-default\">Muebles y modernidad en Espa\u00f1a<\/h2>\t\t\t\t<\/div>\n\t\t\t\t<div class=\"elementor-element elementor-element-5d75759 elementor-widget elementor-widget-heading\" data-id=\"5d75759\" data-element_type=\"widget\" data-e-type=\"widget\" data-widget_type=\"heading.default\">\n\t\t\t\t\t<h3 class=\"elementor-heading-title elementor-size-default\">Viernes, 9 de septiembre de 2022<\/h3>\t\t\t\t<\/div>\n\t\t\t\t\t<\/div>\n\t\t<\/div>\n\t\t\t\t\t<\/div>\n\t\t<\/section>\n\t\t\t\t<section class=\"elementor-section elementor-top-section elementor-element elementor-element-2f02a52 elementor-section-content-middle elementor-section-boxed elementor-section-height-default elementor-section-height-default\" data-id=\"2f02a52\" data-element_type=\"section\" data-e-type=\"section\">\n\t\t\t\t\t\t<div class=\"elementor-container elementor-column-gap-default\">\n\t\t\t\t\t<div class=\"elementor-column elementor-col-100 elementor-top-column elementor-element elementor-element-6cae592\" data-id=\"6cae592\" data-element_type=\"column\" data-e-type=\"column\">\n\t\t\t<div class=\"elementor-widget-wrap elementor-element-populated\">\n\t\t\t\t\t\t<div class=\"elementor-element elementor-element-363c56e elementor-widget elementor-widget-spacer\" data-id=\"363c56e\" data-element_type=\"widget\" data-e-type=\"widget\" data-widget_type=\"spacer.default\">\n\t\t\t\t\t\t\t<div class=\"elementor-spacer\">\n\t\t\t<div class=\"elementor-spacer-inner\"><\/div>\n\t\t<\/div>\n\t\t\t\t\t\t<\/div>\n\t\t\t\t<div class=\"elementor-element elementor-element-a0a89df elementor-widget elementor-widget-image\" data-id=\"a0a89df\" data-element_type=\"widget\" data-e-type=\"widget\" data-widget_type=\"image.default\">\n\t\t\t\t\t\t\t\t\t\t\t\t\t\t\t<img fetchpriority=\"high\" decoding=\"async\" width=\"768\" height=\"768\" src=\"https:\/\/www.estudidelmoble.com\/wp-content\/uploads\/2022\/07\/Entre-quadrada-768x768.jpg\" class=\"attachment-medium_large size-medium_large wp-image-49623\" alt=\"\" srcset=\"https:\/\/www.estudidelmoble.com\/wp-content\/uploads\/2022\/07\/Entre-quadrada-768x768.jpg 768w, https:\/\/www.estudidelmoble.com\/wp-content\/uploads\/2022\/07\/Entre-quadrada-300x300.jpg 300w, https:\/\/www.estudidelmoble.com\/wp-content\/uploads\/2022\/07\/Entre-quadrada-1024x1024.jpg 1024w, https:\/\/www.estudidelmoble.com\/wp-content\/uploads\/2022\/07\/Entre-quadrada-150x150.jpg 150w, https:\/\/www.estudidelmoble.com\/wp-content\/uploads\/2022\/07\/Entre-quadrada-600x600.jpg 600w, https:\/\/www.estudidelmoble.com\/wp-content\/uploads\/2022\/07\/Entre-quadrada-100x100.jpg 100w, https:\/\/www.estudidelmoble.com\/wp-content\/uploads\/2022\/07\/Entre-quadrada.jpg 1186w\" sizes=\"(max-width: 768px) 100vw, 768px\" \/>\t\t\t\t\t\t\t\t\t\t\t\t\t\t\t<\/div>\n\t\t\t\t<div class=\"elementor-element elementor-element-71aa38f elementor-widget elementor-widget-spacer\" data-id=\"71aa38f\" data-element_type=\"widget\" data-e-type=\"widget\" data-widget_type=\"spacer.default\">\n\t\t\t\t\t\t\t<div class=\"elementor-spacer\">\n\t\t\t<div class=\"elementor-spacer-inner\"><\/div>\n\t\t<\/div>\n\t\t\t\t\t\t<\/div>\n\t\t\t\t\t<\/div>\n\t\t<\/div>\n\t\t\t\t\t<\/div>\n\t\t<\/section>\n\t\t\t\t<section class=\"elementor-section elementor-top-section elementor-element elementor-element-0b5182c elementor-section-boxed elementor-section-height-default elementor-section-height-default\" data-id=\"0b5182c\" data-element_type=\"section\" data-e-type=\"section\">\n\t\t\t\t\t\t<div class=\"elementor-container elementor-column-gap-default\">\n\t\t\t\t\t<div class=\"elementor-column elementor-col-100 elementor-top-column elementor-element elementor-element-81b5b91\" data-id=\"81b5b91\" data-element_type=\"column\" data-e-type=\"column\">\n\t\t\t<div class=\"elementor-widget-wrap elementor-element-populated\">\n\t\t\t\t\t\t<div class=\"elementor-element elementor-element-10545af elementor-widget elementor-widget-text-editor\" data-id=\"10545af\" data-element_type=\"widget\" data-e-type=\"widget\" data-widget_type=\"text-editor.default\">\n\t\t\t\t\t\t\t\t\t<p style=\"text-align: center;\">Exposici\u00f3n \u201cEl Af\u00e1n Moderno\u201d, Centro de Estudios Hidrogr\u00e1ficos (CEDEX),\r\nIlustre Colegio de Notarios de Madrid y Museo Chicote<\/p>\t\t\t\t\t\t\t\t<\/div>\n\t\t\t\t\t<\/div>\n\t\t<\/div>\n\t\t\t\t\t<\/div>\n\t\t<\/section>\n\t\t\t\t<section class=\"elementor-section elementor-top-section elementor-element elementor-element-65bf202 elementor-section-boxed elementor-section-height-default elementor-section-height-default\" data-id=\"65bf202\" data-element_type=\"section\" data-e-type=\"section\">\n\t\t\t\t\t\t<div class=\"elementor-container elementor-column-gap-default\">\n\t\t\t\t\t<div class=\"elementor-column elementor-col-100 elementor-top-column elementor-element elementor-element-c492a3d\" data-id=\"c492a3d\" data-element_type=\"column\" data-e-type=\"column\">\n\t\t\t<div class=\"elementor-widget-wrap elementor-element-populated\">\n\t\t\t\t\t\t<div class=\"elementor-element elementor-element-3ed693d elementor-widget elementor-widget-text-editor\" data-id=\"3ed693d\" data-element_type=\"widget\" data-e-type=\"widget\" data-widget_type=\"text-editor.default\">\n\t\t\t\t\t\t\t\t\t<p>Madrid nos acoge para ense\u00f1arnos el arranque de la modernidad en Espa\u00f1a y c\u00f3mo espacios de gran inter\u00e9s hist\u00f3rico y art\u00edstico se mantienen, adaptados o no, en uso.<\/p><p>Tendremos el privilegio de hacer una visita especial a la <span style=\"color: #800000;\">Exposici\u00f3n \u201cEl Af\u00e1n Moderno\u201d en el Museo Nacional de Artes Decorativas de Madrid<\/span> de la mano de <strong>Pedro Feduchi y Pedro Reula<\/strong>, sus comisarios, quienes nos mostrar\u00e1n c\u00f3mo la introducci\u00f3n de nuevos muebles y estilismos provenientes de otros lugares de Occidente, en una sociedad que manten\u00eda una imagen cl\u00e1sica, \u00edntima e inalterable, deriv\u00f3 en una transformaci\u00f3n art\u00edstica a todos los niveles.<\/p>\t\t\t\t\t\t\t\t<\/div>\n\t\t\t\t<div class=\"elementor-element elementor-element-67a9702 elementor-widget elementor-widget-read-more\" data-id=\"67a9702\" data-element_type=\"widget\" data-e-type=\"widget\" data-widget_type=\"read-more.default\">\n\t\t\t\t\t<\/div><\/div><\/div><\/div><\/section><\/div> <a href=\"https:\/\/www.estudidelmoble.com\/es\/visita-a-madrid-muebles-y-modernidad-en-espana\/#more-49722\" class=\"more-link elementor-more-link\"><span aria-label=\"Sigue leyendo Visita a Madrid\">Continua llegint<\/span><\/a>","protected":false},"excerpt":{"rendered":"<p>Madrid nos acoge para ense\u00f1arnos el arranque de la modernidad en Espa\u00f1a y c\u00f3mo espacios de gran inter\u00e9s hist\u00f3rico y art\u00edstico se mantienen, adaptados o no, en uso.<\/p>\n","protected":false},"author":1,"featured_media":49623,"comment_status":"closed","ping_status":"closed","sticky":false,"template":"","format":"standard","meta":{"_acf_changed":false,"footnotes":""},"categories":[28,295],"tags":[1123,312,312,1122,1124],"class_list":{"0":"post-49722","1":"post","2":"type-post","3":"status-publish","4":"format-standard","5":"has-post-thumbnail","6":"hentry","7":"category-blog-es","8":"category-viajes","9":"tag-anos-30","10":"tag-arquitectura-es","12":"tag-siglo-xx","13":"tag-visitas"},"acf":[],"_links":{"self":[{"href":"https:\/\/www.estudidelmoble.com\/es\/wp-json\/wp\/v2\/posts\/49722","targetHints":{"allow":["GET"]}}],"collection":[{"href":"https:\/\/www.estudidelmoble.com\/es\/wp-json\/wp\/v2\/posts"}],"about":[{"href":"https:\/\/www.estudidelmoble.com\/es\/wp-json\/wp\/v2\/types\/post"}],"author":[{"embeddable":true,"href":"https:\/\/www.estudidelmoble.com\/es\/wp-json\/wp\/v2\/users\/1"}],"replies":[{"embeddable":true,"href":"https:\/\/www.estudidelmoble.com\/es\/wp-json\/wp\/v2\/comments?post=49722"}],"version-history":[{"count":0,"href":"https:\/\/www.estudidelmoble.com\/es\/wp-json\/wp\/v2\/posts\/49722\/revisions"}],"wp:featuredmedia":[{"embeddable":true,"href":"https:\/\/www.estudidelmoble.com\/es\/wp-json\/wp\/v2\/media\/49623"}],"wp:attachment":[{"href":"https:\/\/www.estudidelmoble.com\/es\/wp-json\/wp\/v2\/media?parent=49722"}],"wp:term":[{"taxonomy":"category","embeddable":true,"href":"https:\/\/www.estudidelmoble.com\/es\/wp-json\/wp\/v2\/categories?post=49722"},{"taxonomy":"post_tag","embeddable":true,"href":"https:\/\/www.estudidelmoble.com\/es\/wp-json\/wp\/v2\/tags?post=49722"}],"curies":[{"name":"wp","href":"https:\/\/api.w.org\/{rel}","templated":true}]}}