{"id":51732,"date":"2022-09-27T12:01:51","date_gmt":"2022-09-27T10:01:51","guid":{"rendered":"https:\/\/www.estudidelmoble.com\/viaje-a-granada-tesoros-imprescindibles-y-sorprendentes\/"},"modified":"2025-01-08T11:15:09","modified_gmt":"2025-01-08T09:15:09","slug":"descubre-el-arte-flamenco-viajando-entre-tapices-munecas-y-tradicion","status":"publish","type":"post","link":"https:\/\/www.estudidelmoble.com\/es\/descubre-el-arte-flamenco-viajando-entre-tapices-munecas-y-tradicion\/","title":{"rendered":"Descubre el arte flamenco viajando entre tapices, mu\u00f1ecas y tradici\u00f3n"},"content":{"rendered":"\t\t<div data-elementor-type=\"wp-post\" data-elementor-id=\"51732\" class=\"elementor elementor-51732 elementor-51616\" data-elementor-post-type=\"post\">\n\t\t\t\t\t\t<section class=\"elementor-section elementor-top-section elementor-element elementor-element-82e5fe8 elementor-section-boxed elementor-section-height-default elementor-section-height-default\" data-id=\"82e5fe8\" data-element_type=\"section\" data-e-type=\"section\">\n\t\t\t\t\t\t<div class=\"elementor-container elementor-column-gap-default\">\n\t\t\t\t\t<div class=\"elementor-column elementor-col-100 elementor-top-column elementor-element elementor-element-94aca3d\" data-id=\"94aca3d\" data-element_type=\"column\" data-e-type=\"column\">\n\t\t\t<div class=\"elementor-widget-wrap elementor-element-populated\">\n\t\t\t\t\t\t<div class=\"elementor-element elementor-element-82a2d67 elementor-widget elementor-widget-heading\" data-id=\"82a2d67\" data-element_type=\"widget\" data-e-type=\"widget\" data-widget_type=\"heading.default\">\n\t\t\t\t\t<h1 class=\"elementor-heading-title elementor-size-default\">Descubre el arte flamenco viajando entre tapices, mu\u00f1ecas y tradici\u00f3n<\/h1>\t\t\t\t<\/div>\n\t\t\t\t<div class=\"elementor-element elementor-element-ba9ca3b elementor-widget elementor-widget-heading\" data-id=\"ba9ca3b\" data-element_type=\"widget\" data-e-type=\"widget\" data-widget_type=\"heading.default\">\n\t\t\t\t\t<h2 class=\"elementor-heading-title elementor-size-default\">Viaje Malinas y Fira TEFAF 2025<\/h2>\t\t\t\t<\/div>\n\t\t\t\t<div class=\"elementor-element elementor-element-d07e0d7 elementor-widget elementor-widget-heading\" data-id=\"d07e0d7\" data-element_type=\"widget\" data-e-type=\"widget\" data-widget_type=\"heading.default\">\n\t\t\t\t\t<h3 class=\"elementor-heading-title elementor-size-default\">Del 14 al 16 de marzo de 2025<\/h3>\t\t\t\t<\/div>\n\t\t\t\t\t<\/div>\n\t\t<\/div>\n\t\t\t\t\t<\/div>\n\t\t<\/section>\n\t\t\t\t<section class=\"elementor-section elementor-top-section elementor-element elementor-element-f86caf6 elementor-section-content-middle elementor-section-boxed elementor-section-height-default elementor-section-height-default\" data-id=\"f86caf6\" data-element_type=\"section\" data-e-type=\"section\">\n\t\t\t\t\t\t<div class=\"elementor-container elementor-column-gap-default\">\n\t\t\t\t\t<div class=\"elementor-column elementor-col-100 elementor-top-column elementor-element elementor-element-74f6b1f\" data-id=\"74f6b1f\" data-element_type=\"column\" data-e-type=\"column\">\n\t\t\t<div class=\"elementor-widget-wrap elementor-element-populated\">\n\t\t\t\t\t\t<div class=\"elementor-element elementor-element-e15d3b4 elementor-widget elementor-widget-spacer\" data-id=\"e15d3b4\" data-element_type=\"widget\" data-e-type=\"widget\" data-widget_type=\"spacer.default\">\n\t\t\t\t\t\t\t<div class=\"elementor-spacer\">\n\t\t\t<div class=\"elementor-spacer-inner\"><\/div>\n\t\t<\/div>\n\t\t\t\t\t\t<\/div>\n\t\t\t\t<div class=\"elementor-element elementor-element-2ceecef elementor-widget elementor-widget-image\" data-id=\"2ceecef\" data-element_type=\"widget\" data-e-type=\"widget\" data-widget_type=\"image.default\">\n\t\t\t\t\t\t\t\t\t\t\t\t\t\t\t<img fetchpriority=\"high\" decoding=\"async\" width=\"768\" height=\"671\" src=\"https:\/\/www.estudidelmoble.com\/wp-content\/uploads\/2022\/09\/de_wit_taller-1024x895-1-768x671.jpg\" class=\"attachment-medium_large size-medium_large wp-image-66042\" alt=\"\" srcset=\"https:\/\/www.estudidelmoble.com\/wp-content\/uploads\/2022\/09\/de_wit_taller-1024x895-1-768x671.jpg 768w, https:\/\/www.estudidelmoble.com\/wp-content\/uploads\/2022\/09\/de_wit_taller-1024x895-1-300x262.jpg 300w, https:\/\/www.estudidelmoble.com\/wp-content\/uploads\/2022\/09\/de_wit_taller-1024x895-1-600x524.jpg 600w, https:\/\/www.estudidelmoble.com\/wp-content\/uploads\/2022\/09\/de_wit_taller-1024x895-1.jpg 1024w\" sizes=\"(max-width: 768px) 100vw, 768px\" \/>\t\t\t\t\t\t\t\t\t\t\t\t\t\t\t<\/div>\n\t\t\t\t<div class=\"elementor-element elementor-element-28965c8 elementor-widget elementor-widget-text-editor\" data-id=\"28965c8\" data-element_type=\"widget\" data-e-type=\"widget\" data-widget_type=\"text-editor.default\">\n\t\t\t\t\t\t\t\t\t<p>Imatge: El taller de restauraci\u00f3n de De Wit. Oficioyarte.info<\/p>\n\t\t\t\t\t\t\t\t<\/div>\n\t\t\t\t\t<\/div>\n\t\t<\/div>\n\t\t\t\t\t<\/div>\n\t\t<\/section>\n\t\t\t\t<section class=\"elementor-section elementor-top-section elementor-element elementor-element-6d3269d elementor-section-boxed elementor-section-height-default elementor-section-height-default\" data-id=\"6d3269d\" data-element_type=\"section\" data-e-type=\"section\">\n\t\t\t\t\t\t<div class=\"elementor-container elementor-column-gap-default\">\n\t\t\t\t\t<div class=\"elementor-column elementor-col-100 elementor-top-column elementor-element elementor-element-bc160a3\" data-id=\"bc160a3\" data-element_type=\"column\" data-e-type=\"column\">\n\t\t\t<div class=\"elementor-widget-wrap elementor-element-populated\">\n\t\t\t\t\t\t<div class=\"elementor-element elementor-element-ee3cb1f elementor-widget elementor-widget-text-editor\" data-id=\"ee3cb1f\" data-element_type=\"widget\" data-e-type=\"widget\" data-widget_type=\"text-editor.default\">\n\t\t\t\t\t\t\t\t\t<p>Cuando hablamos de Flandes, la memoria hist\u00f3rica nos lleva inevitablemente a los tapices y a la gran<br \/>actividad textil llevada a cabo entre los siglos XIV el XVIII en esta regi\u00f3n, as\u00ed como la estrategia en el comercio europeo. Los tapices, adem\u00e1s de paliar el fr\u00edo y la humedad, ten\u00edan una intencionalidad<br \/>est\u00e9tica, pero el hecho de colgar tapices de grandes maestros era todo un sello de distinci\u00f3n.<br \/>Tanto y as\u00ed, que Carlos I de Espa\u00f1a viajaba con 96 tapices flamencos para decorar los palacios donde<br \/>pernoctaba, como forma de hacer tangible su poder. Como que nosotros no los llevamos, te proponemos que nos acompa\u00f1es a descubrir de cerca este oficio tan prestigioso visitando la manufactura de tapices De Wit.<\/p>\n<p>Aun as\u00ed, descubriremos otro manufactura muy identificativa de la ciudad: las<br \/>mu\u00f1ecas Malinas o Poup\u00e9es de Malines. Estas peque\u00f1as esculturas son aut\u00e9nticas joyas del<br \/>arte belga que combinan la delicadeza flamenca con la devoci\u00f3n espiritual del siglo XIX,<br \/>haciendo de puente entre la tradici\u00f3n artesanal y el arte sacro flamenco. Es una gran oportunidad si<br \/>quieres saber m\u00e1s, pues aprenderemos la historia, analizaremos su inter\u00e9s art\u00edstico en el mercado,<br \/>descubriendo las caracter\u00edsticas formales e iconogr\u00e1ficas que configuran cada pieza con tanto de valor.<\/p>\n<p>Te esperamos al primer viaje de 2025 para ir, como es tradici\u00f3n, a la feria de arte y antig\u00fcedades TEFAF la m\u00e1s importante del mundo, que se realizar\u00e1 en la ciudad de Maastricht. A la vez que aprovechamos para conocer el patrimonio de la F\u00e1brica Real de manufacturas De Wit, que es la \u00faltima real tapicer\u00eda que hoy en d\u00eda sigue operativa en B\u00e9lgica, y el Museo Hof van Busledeyi, que se encuentra dentro de un edificio<br \/>hist\u00f3ric del siglo XVI, un palacio del renacimiento flamenco.<\/p>\n<p>Disfruta de un patrimonio art\u00edstico y arquitect\u00f3nico \u00fanico!<\/p>\n\t\t\t\t\t\t\t\t<\/div>\n\t\t\t\t\t<\/div>\n\t\t<\/div>\n\t\t\t\t\t<\/div>\n\t\t<\/section>\n\t\t\t\t<section class=\"elementor-section elementor-top-section elementor-element elementor-element-df3d149 elementor-section-content-middle elementor-section-boxed elementor-section-height-default elementor-section-height-default\" data-id=\"df3d149\" data-element_type=\"section\" data-e-type=\"section\">\n\t\t\t\t\t\t<div class=\"elementor-container elementor-column-gap-default\">\n\t\t\t\t\t<div class=\"elementor-column elementor-col-100 elementor-top-column elementor-element elementor-element-14024a1d\" data-id=\"14024a1d\" data-element_type=\"column\" data-e-type=\"column\">\n\t\t\t<div class=\"elementor-widget-wrap elementor-element-populated\">\n\t\t\t\t\t\t<div class=\"elementor-element elementor-element-12197ff elementor-widget elementor-widget-read-more\" data-id=\"12197ff\" data-element_type=\"widget\" data-e-type=\"widget\" data-widget_type=\"read-more.default\">\n\t\t\t\t\t<\/div><\/div><\/div><\/div><\/section><\/div> <a href=\"https:\/\/www.estudidelmoble.com\/es\/descubre-el-arte-flamenco-viajando-entre-tapices-munecas-y-tradicion\/#more-51732\" class=\"more-link elementor-more-link\"><span aria-label=\"Sigue leyendo Descubre el arte flamenco viajando entre tapices, mu\u00f1ecas y tradici\u00f3n\">Continua llegint<\/span><\/a>","protected":false},"excerpt":{"rendered":"<p>Te esperamos en el primer viaje de 2025 para ir, como es tradici\u00f3n, a la feria de arte y antig\u00fcedades TEFAF la m\u00e1s importante del mundo, que se realizar\u00e1 en la ciudad de Maastricht. Al mismo tiempo, aprovechamos para conocer el patrimonio de la F\u00e1brica Real de manufacturas De Wit, que es la \u00faltima real tapicer\u00eda que hoy en d\u00eda sigue operativa en B\u00e9lgica, y el Museo Hof van Busledeyi, que se encuentra dentro de un edificio hist\u00f3rico del siglo XVI, un palacio del renacimiento flamenco.<\/p>\n","protected":false},"author":458,"featured_media":66042,"comment_status":"closed","ping_status":"closed","sticky":false,"template":"","format":"standard","meta":{"_acf_changed":false,"footnotes":""},"categories":[28],"tags":[312,1100,407,408,1136],"class_list":["post-51732","post","type-post","status-publish","format-standard","has-post-thumbnail","hentry","category-blog-es","tag-arquitectura-es","tag-museos-es","tag-s-xvi-es","tag-s-xvii-es","tag-visitas-es"],"acf":[],"_links":{"self":[{"href":"https:\/\/www.estudidelmoble.com\/es\/wp-json\/wp\/v2\/posts\/51732","targetHints":{"allow":["GET"]}}],"collection":[{"href":"https:\/\/www.estudidelmoble.com\/es\/wp-json\/wp\/v2\/posts"}],"about":[{"href":"https:\/\/www.estudidelmoble.com\/es\/wp-json\/wp\/v2\/types\/post"}],"author":[{"embeddable":true,"href":"https:\/\/www.estudidelmoble.com\/es\/wp-json\/wp\/v2\/users\/458"}],"replies":[{"embeddable":true,"href":"https:\/\/www.estudidelmoble.com\/es\/wp-json\/wp\/v2\/comments?post=51732"}],"version-history":[{"count":0,"href":"https:\/\/www.estudidelmoble.com\/es\/wp-json\/wp\/v2\/posts\/51732\/revisions"}],"wp:featuredmedia":[{"embeddable":true,"href":"https:\/\/www.estudidelmoble.com\/es\/wp-json\/wp\/v2\/media\/66042"}],"wp:attachment":[{"href":"https:\/\/www.estudidelmoble.com\/es\/wp-json\/wp\/v2\/media?parent=51732"}],"wp:term":[{"taxonomy":"category","embeddable":true,"href":"https:\/\/www.estudidelmoble.com\/es\/wp-json\/wp\/v2\/categories?post=51732"},{"taxonomy":"post_tag","embeddable":true,"href":"https:\/\/www.estudidelmoble.com\/es\/wp-json\/wp\/v2\/tags?post=51732"}],"curies":[{"name":"wp","href":"https:\/\/api.w.org\/{rel}","templated":true}]}}