{"id":53143,"date":"2022-11-03T14:30:33","date_gmt":"2022-11-03T12:30:33","guid":{"rendered":"https:\/\/www.estudidelmoble.com\/el-secreter-de-josep-francesc-de-caramany-en-la-radio\/"},"modified":"2022-11-08T12:19:02","modified_gmt":"2022-11-08T10:19:02","slug":"el-secreter-de-josep-francesc-de-caramany-en-la-radio","status":"publish","type":"post","link":"https:\/\/www.estudidelmoble.com\/es\/el-secreter-de-josep-francesc-de-caramany-en-la-radio\/","title":{"rendered":"El secreter de Josep Francesc de Caramany en la radio"},"content":{"rendered":"\t\t<div data-elementor-type=\"wp-post\" data-elementor-id=\"53143\" class=\"elementor elementor-53143 elementor-52977\" data-elementor-post-type=\"post\">\n\t\t\t\t\t\t<section class=\"elementor-section elementor-top-section elementor-element elementor-element-928a414 elementor-section-boxed elementor-section-height-default elementor-section-height-default\" data-id=\"928a414\" data-element_type=\"section\" data-e-type=\"section\">\n\t\t\t\t\t\t<div class=\"elementor-container elementor-column-gap-default\">\n\t\t\t\t\t<div class=\"elementor-column elementor-col-100 elementor-top-column elementor-element elementor-element-05ea070\" data-id=\"05ea070\" data-element_type=\"column\" data-e-type=\"column\">\n\t\t\t<div class=\"elementor-widget-wrap elementor-element-populated\">\n\t\t\t\t\t\t<div class=\"elementor-element elementor-element-084379f elementor-widget elementor-widget-heading\" data-id=\"084379f\" data-element_type=\"widget\" data-e-type=\"widget\" data-widget_type=\"heading.default\">\n\t\t\t\t\t<h1 class=\"elementor-heading-title elementor-size-default\">El secreter de Josep Francesc de Caramany en la radio<\/h1>\t\t\t\t<\/div>\n\t\t\t\t<div class=\"elementor-element elementor-element-7041904 elementor-widget elementor-widget-heading\" data-id=\"7041904\" data-element_type=\"widget\" data-e-type=\"widget\" data-widget_type=\"heading.default\">\n\t\t\t\t\t<h2 class=\"elementor-heading-title elementor-size-default\">La historia de este excepcional mueble en el programa En guardia!<\/h2>\t\t\t\t<\/div>\n\t\t\t\t<div class=\"elementor-element elementor-element-cc254f2 elementor-widget elementor-widget-heading\" data-id=\"cc254f2\" data-element_type=\"widget\" data-e-type=\"widget\" data-widget_type=\"heading.default\">\n\t\t\t\t\t<h3 class=\"elementor-heading-title elementor-size-default\">8 de noviembre de 2022<\/h3>\t\t\t\t<\/div>\n\t\t\t\t\t<\/div>\n\t\t<\/div>\n\t\t\t\t\t<\/div>\n\t\t<\/section>\n\t\t\t\t<section class=\"elementor-section elementor-top-section elementor-element elementor-element-a65e863 elementor-section-boxed elementor-section-height-default elementor-section-height-default\" data-id=\"a65e863\" data-element_type=\"section\" data-e-type=\"section\">\n\t\t\t\t\t\t<div class=\"elementor-container elementor-column-gap-default\">\n\t\t\t\t\t<div class=\"elementor-column elementor-col-100 elementor-top-column elementor-element elementor-element-55d2947\" data-id=\"55d2947\" data-element_type=\"column\" data-e-type=\"column\">\n\t\t\t<div class=\"elementor-widget-wrap elementor-element-populated\">\n\t\t\t\t\t\t<div class=\"elementor-element elementor-element-295e93d elementor-widget elementor-widget-image\" data-id=\"295e93d\" data-element_type=\"widget\" data-e-type=\"widget\" data-widget_type=\"image.default\">\n\t\t\t\t\t\t\t\t\t\t\t\t\t\t\t<img fetchpriority=\"high\" decoding=\"async\" width=\"768\" height=\"1135\" src=\"https:\/\/www.estudidelmoble.com\/wp-content\/uploads\/2022\/11\/secreter-de-Josep-Francesc-de-Caramany-768x1135.jpg\" class=\"attachment-medium_large size-medium_large wp-image-53113\" alt=\"\" srcset=\"https:\/\/www.estudidelmoble.com\/wp-content\/uploads\/2022\/11\/secreter-de-Josep-Francesc-de-Caramany-768x1135.jpg 768w, https:\/\/www.estudidelmoble.com\/wp-content\/uploads\/2022\/11\/secreter-de-Josep-Francesc-de-Caramany-203x300.jpg 203w, https:\/\/www.estudidelmoble.com\/wp-content\/uploads\/2022\/11\/secreter-de-Josep-Francesc-de-Caramany-693x1024.jpg 693w, https:\/\/www.estudidelmoble.com\/wp-content\/uploads\/2022\/11\/secreter-de-Josep-Francesc-de-Caramany-600x887.jpg 600w, https:\/\/www.estudidelmoble.com\/wp-content\/uploads\/2022\/11\/secreter-de-Josep-Francesc-de-Caramany.jpg 812w\" sizes=\"(max-width: 768px) 100vw, 768px\" \/>\t\t\t\t\t\t\t\t\t\t\t\t\t\t\t<\/div>\n\t\t\t\t\t<\/div>\n\t\t<\/div>\n\t\t\t\t\t<\/div>\n\t\t<\/section>\n\t\t\t\t<section class=\"elementor-section elementor-top-section elementor-element elementor-element-94de665 elementor-section-boxed elementor-section-height-default elementor-section-height-default\" data-id=\"94de665\" data-element_type=\"section\" data-e-type=\"section\">\n\t\t\t\t\t\t<div class=\"elementor-container elementor-column-gap-default\">\n\t\t\t\t\t<div class=\"elementor-column elementor-col-100 elementor-top-column elementor-element elementor-element-42e7ee2\" data-id=\"42e7ee2\" data-element_type=\"column\" data-e-type=\"column\">\n\t\t\t<div class=\"elementor-widget-wrap elementor-element-populated\">\n\t\t\t\t\t\t<div class=\"elementor-element elementor-element-f914a5c elementor-widget elementor-widget-spacer\" data-id=\"f914a5c\" data-element_type=\"widget\" data-e-type=\"widget\" data-widget_type=\"spacer.default\">\n\t\t\t\t\t\t\t<div class=\"elementor-spacer\">\n\t\t\t<div class=\"elementor-spacer-inner\"><\/div>\n\t\t<\/div>\n\t\t\t\t\t\t<\/div>\n\t\t\t\t\t<\/div>\n\t\t<\/div>\n\t\t\t\t\t<\/div>\n\t\t<\/section>\n\t\t\t\t<section class=\"elementor-section elementor-top-section elementor-element elementor-element-949e30b elementor-section-boxed elementor-section-height-default elementor-section-height-default\" data-id=\"949e30b\" data-element_type=\"section\" data-e-type=\"section\">\n\t\t\t\t\t\t<div class=\"elementor-container elementor-column-gap-default\">\n\t\t\t\t\t<div class=\"elementor-column elementor-col-100 elementor-top-column elementor-element elementor-element-c851201\" data-id=\"c851201\" data-element_type=\"column\" data-e-type=\"column\">\n\t\t\t<div class=\"elementor-widget-wrap elementor-element-populated\">\n\t\t\t\t\t\t<div class=\"elementor-element elementor-element-d8d8ad2 elementor-widget elementor-widget-text-editor\" data-id=\"d8d8ad2\" data-element_type=\"widget\" data-e-type=\"widget\" data-widget_type=\"text-editor.default\">\n\t\t\t\t\t\t\t\t\t<p>El secreter de Josep Francesc de Caramany es una pieza excepcional de la historia del mueble de Catalunya. Este mueble construido en Girona a inicios del siglo XIX (1803-1806) es de una belleza y calidad extraordinaria, donde la marqueter\u00eda llena todos y cada uno de los espacios visibles del mueble, incluso con escenas de cuadros enmarcados. Adem\u00e1s, el secreter sorprende por las complicadas compartimentaciones y soluciones interiores. Por ejemplo, hay una serie de espejos escondidos que permiten que el secreter se transforme en un funcional tocador.<\/p>\n<p>Si estas caracter\u00edsticas ya hacen que sea un mueble \u00fanico, tambi\u00e9n es singular la historia de la construcci\u00f3n del secreter, que podemos seguir gracias a la documentaci\u00f3n conservada. Esto es un hecho ins\u00f3lito por lo que respecta al estudio de los muebles, ya que no se conservan apenas referencias documentales de la ejecuci\u00f3n de estas obras de carpinter\u00eda. En este caso, precisamente gracias a las fuentes consultadas, sabemos que Josep Francesc de Caramany hab\u00eda encargado el secreter al carpintero de origen franc\u00e9s Antoine Seux. Y que, como el carpintero no cumpl\u00eda con los plazos, Caramany hizo apresar a Seux para que cumpliera con el trabajo estipulado. Por tanto, la mayor parte del secreter se construy\u00f3 en la prisi\u00f3n, con el env\u00edo de les maderas y todo el material necesario para completar el mueble.<\/p>\n<p>Toda la historia secreter de Josep Francesc de Caramany se cont\u00f3 en el programa radiof\u00f3nico \u00abEn guardia!\u00bb de Catalunya R\u00e0dio. La presidenta de l\u2019Associaci\u00f3 per a l\u2019Estudi del Moble, M\u00f3nica Piera, quien localiz\u00f3 el documento y el mueble, y quien present\u00f3 este tema en su Discurso de ingreso en la Real Academia de Bellas Artes de Sant Jordi, interviene para explicar las peripecias del secreter y c\u00f3mo se llev\u00f3 a t\u00e9rmino su factura. Gracias a la magia de la radio se han dramatizado los documentos que conservamos de la \u00e9poca, en los que el noble requiere del carpintero para finalizar el mueble encargado.<\/p>\n<p>Ten\u00e9is el audio con la fascinante historia del secreter en el siguiente enlace de Catalunya R\u00e0dio con el programa \u00abEn guardia!\u00bb, dirigido por Enric Calpena y donde colabora el catedr\u00e1tico de Hist\u00f2ria Josep Maria Sol\u00e9 i Sabat\u00e9.<\/p>\n\t\t\t\t\t\t\t\t<\/div>\n\t\t\t\t\t<\/div>\n\t\t<\/div>\n\t\t\t\t\t<\/div>\n\t\t<\/section>\n\t\t\t\t<section class=\"elementor-section elementor-top-section elementor-element elementor-element-a699286 elementor-section-boxed elementor-section-height-default elementor-section-height-default\" data-id=\"a699286\" data-element_type=\"section\" data-e-type=\"section\">\n\t\t\t\t\t\t<div class=\"elementor-container elementor-column-gap-default\">\n\t\t\t\t\t<div class=\"elementor-column elementor-col-100 elementor-top-column elementor-element elementor-element-610c16e\" data-id=\"610c16e\" data-element_type=\"column\" data-e-type=\"column\">\n\t\t\t<div class=\"elementor-widget-wrap elementor-element-populated\">\n\t\t\t\t\t\t<div class=\"elementor-element elementor-element-5fcc08b elementor-widget elementor-widget-text-editor\" data-id=\"5fcc08b\" data-element_type=\"widget\" data-e-type=\"widget\" data-widget_type=\"text-editor.default\">\n\t\t\t\t\t\t\t\t\t<p>Escucha el podcast de Catalunya R\u00e0dio aqu\u00ed:<\/p>\n\t\t\t\t\t\t\t\t<\/div>\n\t\t\t\t<div class=\"elementor-element elementor-element-22b8de3 elementor-widget elementor-widget-shortcode\" data-id=\"22b8de3\" data-element_type=\"widget\" data-e-type=\"widget\" data-widget_type=\"shortcode.default\">\n\t\t\t\t\t\t\t<div class=\"elementor-shortcode\"><iframe title=\"audio 1147617\" src=\"https:\/\/www.ccma.cat\/audio\/embed\/1147617\/\" allowfullscreen scrolling=\"no\" frameborder=\"0\" width=\"500px\" height=\"281px\"><\/iframe><\/div>\n\t\t\t\t\t\t<\/div>\n\t\t\t\t\t<\/div>\n\t\t<\/div>\n\t\t\t\t\t<\/div>\n\t\t<\/section>\n\t\t\t\t<section class=\"elementor-section elementor-top-section elementor-element elementor-element-5492db7 elementor-section-boxed elementor-section-height-default elementor-section-height-default\" data-id=\"5492db7\" data-element_type=\"section\" data-e-type=\"section\">\n\t\t\t\t\t\t<div class=\"elementor-container elementor-column-gap-default\">\n\t\t\t\t\t<div class=\"elementor-column elementor-col-100 elementor-top-column elementor-element elementor-element-b280652\" data-id=\"b280652\" data-element_type=\"column\" data-e-type=\"column\">\n\t\t\t<div class=\"elementor-widget-wrap elementor-element-populated\">\n\t\t\t\t\t\t<div class=\"elementor-element elementor-element-85595ec elementor-arrows-position-inside elementor-pagination-position-outside elementor-widget elementor-widget-image-carousel\" data-id=\"85595ec\" data-element_type=\"widget\" data-e-type=\"widget\" data-settings=\"{&quot;slides_to_show&quot;:&quot;2&quot;,&quot;navigation&quot;:&quot;both&quot;,&quot;autoplay&quot;:&quot;yes&quot;,&quot;pause_on_hover&quot;:&quot;yes&quot;,&quot;pause_on_interaction&quot;:&quot;yes&quot;,&quot;autoplay_speed&quot;:5000,&quot;infinite&quot;:&quot;yes&quot;,&quot;speed&quot;:500}\" data-widget_type=\"image-carousel.default\">\n\t\t\t\t\t\t\t<div class=\"elementor-image-carousel-wrapper swiper\" role=\"region\" aria-roledescription=\"carousel\" aria-label=\"Carrusel de im\u00e1genes\" dir=\"ltr\">\n\t\t\t<div class=\"elementor-image-carousel swiper-wrapper swiper-image-stretch\" aria-live=\"off\">\n\t\t\t\t\t\t\t\t<div class=\"swiper-slide\" role=\"group\" aria-roledescription=\"slide\" aria-label=\"1 de 2\"><figure class=\"swiper-slide-inner\"><img decoding=\"async\" class=\"swiper-slide-image\" src=\"https:\/\/www.estudidelmoble.com\/wp-content\/uploads\/2022\/11\/secreter-de-Josep-Francesc-de-Caramany-interior-Monica-Piera-768x640.jpg\" alt=\"secreter de Josep Francesc de Caramany interior M\u00f2nica Piera\" \/><\/figure><\/div><div class=\"swiper-slide\" role=\"group\" aria-roledescription=\"slide\" aria-label=\"2 de 2\"><figure class=\"swiper-slide-inner\"><img decoding=\"async\" class=\"swiper-slide-image\" src=\"https:\/\/www.estudidelmoble.com\/wp-content\/uploads\/2022\/11\/secreter-de-Josep-Francesc-de-Caramany-Catalunya-Radio-768x637.jpg\" alt=\"secreter de Josep Francesc de Caramany Catalunya R\u00e0dio\" \/><\/figure><\/div>\t\t\t<\/div>\n\t\t\t\t\t\t\t\t\t\t\t\t<div class=\"elementor-swiper-button elementor-swiper-button-prev\" role=\"button\" tabindex=\"0\">\n\t\t\t\t\t\t<svg aria-hidden=\"true\" class=\"e-font-icon-svg e-eicon-chevron-left\" viewBox=\"0 0 1000 1000\" xmlns=\"http:\/\/www.w3.org\/2000\/svg\"><path d=\"M646 125C629 125 613 133 604 142L308 442C296 454 292 471 292 487 292 504 296 521 308 533L604 854C617 867 629 875 646 875 663 875 679 871 692 858 704 846 713 829 713 812 713 796 708 779 692 767L438 487 692 225C700 217 708 204 708 187 708 171 704 154 692 142 675 129 663 125 646 125Z\"><\/path><\/svg>\t\t\t\t\t<\/div>\n\t\t\t\t\t<div class=\"elementor-swiper-button elementor-swiper-button-next\" role=\"button\" tabindex=\"0\">\n\t\t\t\t\t\t<svg aria-hidden=\"true\" class=\"e-font-icon-svg e-eicon-chevron-right\" viewBox=\"0 0 1000 1000\" xmlns=\"http:\/\/www.w3.org\/2000\/svg\"><path d=\"M696 533C708 521 713 504 713 487 713 471 708 454 696 446L400 146C388 133 375 125 354 125 338 125 325 129 313 142 300 154 292 171 292 187 292 204 296 221 308 233L563 492 304 771C292 783 288 800 288 817 288 833 296 850 308 863 321 871 338 875 354 875 371 875 388 867 400 854L696 533Z\"><\/path><\/svg>\t\t\t\t\t<\/div>\n\t\t\t\t\n\t\t\t\t\t\t\t\t\t<div class=\"swiper-pagination\"><\/div>\n\t\t\t\t\t\t\t\t\t<\/div>\n\t\t\t\t\t\t<\/div>\n\t\t\t\t\t<\/div>\n\t\t<\/div>\n\t\t\t\t\t<\/div>\n\t\t<\/section>\n\t\t\t\t<section class=\"elementor-section elementor-top-section elementor-element elementor-element-c9722c1 elementor-section-boxed elementor-section-height-default elementor-section-height-default\" data-id=\"c9722c1\" data-element_type=\"section\" data-e-type=\"section\">\n\t\t\t\t\t\t<div class=\"elementor-container elementor-column-gap-default\">\n\t\t\t\t\t<div class=\"elementor-column elementor-col-100 elementor-top-column elementor-element elementor-element-838e48d\" data-id=\"838e48d\" data-element_type=\"column\" data-e-type=\"column\">\n\t\t\t<div class=\"elementor-widget-wrap elementor-element-populated\">\n\t\t\t\t\t\t<div class=\"elementor-element elementor-element-ec97379 elementor-widget elementor-widget-text-editor\" data-id=\"ec97379\" data-element_type=\"widget\" data-e-type=\"widget\" data-widget_type=\"text-editor.default\">\n\t\t\t\t\t\t\t\t\t<p style=\"text-align: right;\">Im\u00e1genes del secreter cedidas por M\u00f3nica Piera<\/p>\n\t\t\t\t\t\t\t\t<\/div>\n\t\t\t\t\t<\/div>\n\t\t<\/div>\n\t\t\t\t\t<\/div>\n\t\t<\/section>\n\t\t\t\t<\/div>\n\t\t","protected":false},"excerpt":{"rendered":"<p>Historia del secreter de Josep Francesc de Caramany contada por M\u00f3nica Piera en el programa de R\u00e0dio Catalunya En guardia!<\/p>\n","protected":false},"author":458,"featured_media":53113,"comment_status":"closed","ping_status":"closed","sticky":false,"template":"","format":"standard","meta":{"_acf_changed":false,"footnotes":""},"categories":[28,1000],"tags":[388],"class_list":["post-53143","post","type-post","status-publish","format-standard","has-post-thumbnail","hentry","category-blog-es","category-prensa","tag-prensa-es"],"acf":[],"_links":{"self":[{"href":"https:\/\/www.estudidelmoble.com\/es\/wp-json\/wp\/v2\/posts\/53143","targetHints":{"allow":["GET"]}}],"collection":[{"href":"https:\/\/www.estudidelmoble.com\/es\/wp-json\/wp\/v2\/posts"}],"about":[{"href":"https:\/\/www.estudidelmoble.com\/es\/wp-json\/wp\/v2\/types\/post"}],"author":[{"embeddable":true,"href":"https:\/\/www.estudidelmoble.com\/es\/wp-json\/wp\/v2\/users\/458"}],"replies":[{"embeddable":true,"href":"https:\/\/www.estudidelmoble.com\/es\/wp-json\/wp\/v2\/comments?post=53143"}],"version-history":[{"count":0,"href":"https:\/\/www.estudidelmoble.com\/es\/wp-json\/wp\/v2\/posts\/53143\/revisions"}],"wp:featuredmedia":[{"embeddable":true,"href":"https:\/\/www.estudidelmoble.com\/es\/wp-json\/wp\/v2\/media\/53113"}],"wp:attachment":[{"href":"https:\/\/www.estudidelmoble.com\/es\/wp-json\/wp\/v2\/media?parent=53143"}],"wp:term":[{"taxonomy":"category","embeddable":true,"href":"https:\/\/www.estudidelmoble.com\/es\/wp-json\/wp\/v2\/categories?post=53143"},{"taxonomy":"post_tag","embeddable":true,"href":"https:\/\/www.estudidelmoble.com\/es\/wp-json\/wp\/v2\/tags?post=53143"}],"curies":[{"name":"wp","href":"https:\/\/api.w.org\/{rel}","templated":true}]}}