{"id":53252,"date":"2022-11-11T13:23:31","date_gmt":"2022-11-11T11:23:31","guid":{"rendered":"https:\/\/www.estudidelmoble.com\/laem-en-la-jornada-diseno-para-vivir-diseno-madera-y-sostenibilidad\/"},"modified":"2022-12-21T09:49:35","modified_gmt":"2022-12-21T07:49:35","slug":"laem-en-la-jornada-diseno-para-vivir-diseno-madera-y-sostenibilidad","status":"publish","type":"post","link":"https:\/\/www.estudidelmoble.com\/es\/laem-en-la-jornada-diseno-para-vivir-diseno-madera-y-sostenibilidad\/","title":{"rendered":"L\u2019AEM en la Jornada Dise\u00f1o para vivir. Dise\u00f1o, madera y sostenibilidad"},"content":{"rendered":"\t\t<div data-elementor-type=\"wp-post\" data-elementor-id=\"53252\" class=\"elementor elementor-53252 elementor-53240\" data-elementor-post-type=\"post\">\n\t\t\t\t\t\t<section class=\"elementor-section elementor-top-section elementor-element elementor-element-72c058a elementor-section-boxed elementor-section-height-default elementor-section-height-default\" data-id=\"72c058a\" data-element_type=\"section\" data-e-type=\"section\">\n\t\t\t\t\t\t<div class=\"elementor-container elementor-column-gap-default\">\n\t\t\t\t\t<div class=\"elementor-column elementor-col-100 elementor-top-column elementor-element elementor-element-571fee1\" data-id=\"571fee1\" data-element_type=\"column\" data-e-type=\"column\">\n\t\t\t<div class=\"elementor-widget-wrap elementor-element-populated\">\n\t\t\t\t\t\t<div class=\"elementor-element elementor-element-5e790c2 elementor-widget elementor-widget-heading\" data-id=\"5e790c2\" data-element_type=\"widget\" data-e-type=\"widget\" data-widget_type=\"heading.default\">\n\t\t\t\t\t<h1 class=\"elementor-heading-title elementor-size-default\"> Jornadas: Dise\u00f1o para vivir. Dise\u00f1o, madera y sostenibilidad<\/h1>\t\t\t\t<\/div>\n\t\t\t\t<div class=\"elementor-element elementor-element-17ac9f5 elementor-widget elementor-widget-heading\" data-id=\"17ac9f5\" data-element_type=\"widget\" data-e-type=\"widget\" data-widget_type=\"heading.default\">\n\t\t\t\t\t<h2 class=\"elementor-heading-title elementor-size-default\">Curador: \u00d2scar Guayabero<\/h2>\t\t\t\t<\/div>\n\t\t\t\t<div class=\"elementor-element elementor-element-78c73d4 elementor-widget elementor-widget-heading\" data-id=\"78c73d4\" data-element_type=\"widget\" data-e-type=\"widget\" data-widget_type=\"heading.default\">\n\t\t\t\t\t<h3 class=\"elementor-heading-title elementor-size-default\">Disseny Hub Barcelona 23 de noviembre de 2022<\/h3>\t\t\t\t<\/div>\n\t\t\t\t\t<\/div>\n\t\t<\/div>\n\t\t\t\t\t<\/div>\n\t\t<\/section>\n\t\t\t\t<section class=\"elementor-section elementor-top-section elementor-element elementor-element-40b03d6 elementor-section-boxed elementor-section-height-default elementor-section-height-default\" data-id=\"40b03d6\" data-element_type=\"section\" data-e-type=\"section\">\n\t\t\t\t\t\t<div class=\"elementor-container elementor-column-gap-default\">\n\t\t\t\t\t<div class=\"elementor-column elementor-col-100 elementor-top-column elementor-element elementor-element-3e4191e\" data-id=\"3e4191e\" data-element_type=\"column\" data-e-type=\"column\">\n\t\t\t<div class=\"elementor-widget-wrap elementor-element-populated\">\n\t\t\t\t\t\t<div class=\"elementor-element elementor-element-8466eff elementor-widget elementor-widget-spacer\" data-id=\"8466eff\" data-element_type=\"widget\" data-e-type=\"widget\" data-widget_type=\"spacer.default\">\n\t\t\t\t\t\t\t<div class=\"elementor-spacer\">\n\t\t\t<div class=\"elementor-spacer-inner\"><\/div>\n\t\t<\/div>\n\t\t\t\t\t\t<\/div>\n\t\t\t\t<div class=\"elementor-element elementor-element-d0103ad elementor-widget elementor-widget-image\" data-id=\"d0103ad\" data-element_type=\"widget\" data-e-type=\"widget\" data-widget_type=\"image.default\">\n\t\t\t\t\t\t\t\t\t\t\t\t\t\t\t<img fetchpriority=\"high\" decoding=\"async\" width=\"512\" height=\"288\" src=\"https:\/\/www.estudidelmoble.com\/wp-content\/uploads\/2022\/11\/disseny_per_viure.jpg\" class=\"attachment-medium_large size-medium_large wp-image-53245\" alt=\"\" srcset=\"https:\/\/www.estudidelmoble.com\/wp-content\/uploads\/2022\/11\/disseny_per_viure.jpg 512w, https:\/\/www.estudidelmoble.com\/wp-content\/uploads\/2022\/11\/disseny_per_viure-300x169.jpg 300w\" sizes=\"(max-width: 512px) 100vw, 512px\" \/>\t\t\t\t\t\t\t\t\t\t\t\t\t\t\t<\/div>\n\t\t\t\t\t<\/div>\n\t\t<\/div>\n\t\t\t\t\t<\/div>\n\t\t<\/section>\n\t\t\t\t<section class=\"elementor-section elementor-top-section elementor-element elementor-element-754cc6c elementor-section-boxed elementor-section-height-default elementor-section-height-default\" data-id=\"754cc6c\" data-element_type=\"section\" data-e-type=\"section\">\n\t\t\t\t\t\t<div class=\"elementor-container elementor-column-gap-default\">\n\t\t\t\t\t<div class=\"elementor-column elementor-col-100 elementor-top-column elementor-element elementor-element-03b096a\" data-id=\"03b096a\" data-element_type=\"column\" data-e-type=\"column\">\n\t\t\t<div class=\"elementor-widget-wrap elementor-element-populated\">\n\t\t\t\t\t\t<div class=\"elementor-element elementor-element-71a165c elementor-widget elementor-widget-text-editor\" data-id=\"71a165c\" data-element_type=\"widget\" data-e-type=\"widget\" data-widget_type=\"text-editor.default\">\n\t\t\t\t\t\t\t\t\t<p>La exposici\u00f3n temporal <a href=\"https:\/\/www.estudidelmoble.com\/es\/toquemos-madera-exposicion-en-el-disseny-hub-de-barcelona\/\" target=\"_blank\" rel=\"noopener\">\u201c\u00a1Toquemos madera! Dise\u00f1o, madera y sostenibilidad\u201d<\/a> se complementa con las jornadas <em>Dise\u00f1o para vivir<\/em> el 23 de noviembre. Este a\u00f1o se celebrar\u00e1n por sexta edici\u00f3n y aprovechar\u00e1n para hablar de los temas que se presentan a la muestra del Dise\u00f1o Hub Barcelona.<\/p>\n<p>El curador de las jornadas de <em>Dise\u00f1o para vivir<\/em> es \u00d2scar Guayabero, que ha seleccionado varios expertos en las materias que se tocan a la exposici\u00f3n. De este modo, el programa incluye especialistas en la gesti\u00f3n del bosque, en la divulgaci\u00f3n del mundo forestal, en el aprovechamiento de la madera de los \u00e1rboles&#8230;Todo hasta llegar a c\u00f3mo hacer un objeto a partir de la madera y como reciclar y reutilizar esta materia prima para construir nuevos muebles y utensilios.<\/p>\n<p>Los participantes a las mesas redondas y los comunicadores de los proyectos vienen de campos tan variados como la arquitectura y la construcci\u00f3n, la Historia del Arte, el dise\u00f1o, la carpinter\u00eda y la ebanister\u00eda, la salud o el mundo de la energ\u00eda renovable.<\/p>\n<p>La Asociaci\u00f3n para el Estudio del Mueble estar\u00e1 presente con la presidenta M\u00f3nica Piera, directora del proyecto Madera, Mueble y Sostenibilidad. Su intervenci\u00f3n se titula \u201cRestauraci\u00f3n y reciclaje\u201d, donde explicar\u00e1 estos conceptos desde el conocimiento del mueble.<\/p>\n<p>Adem\u00e1s, durante la jornada de <em>Dise\u00f1o para vivir<\/em> tambi\u00e9n estar\u00e1n presentes algunos de los carpinteros que participan en el workshop <a href=\"https:\/\/www.estudidelmoble.com\/es\/proyecto-madera-mueble-sostenibilidad\/segunda-fase-construccion-materiales-tecnicas-y-aplicaciones\/monta-y-desmonta-muebles-de-hoy-como-hacian-siglos-atras\/\" target=\"_blank\" rel=\"noopener\">\u201cMonta y desmonta\u201d<\/a>. As\u00ed, Max Madera intervendr\u00e1 en la mesa redonda sobre nuevos materiales, nuevos sistemas, nuevos valores. Y Xavier Mas, de Mas Fuster, contar\u00e1 su experiencia alrededor del dise\u00f1o.<\/p>\n<p>La asistencia a esta jornada de <a href=\"https:\/\/ajuntament.barcelona.cat\/museudeldisseny\/es\/actividad\/jornada-diseno-para-vivir-diseno-madera-y-sostenibildad\" target=\"_blank\" rel=\"noopener\"><em>Dise\u00f1o para vivir<\/em><\/a> del 23 de noviembre es gratuita. Solo hay que inscribirse<a href=\"https:\/\/entrades.eicub.net:8443\/muslinkIII\/venda\/index.jsp?nom_cache=ARTS&amp;property=ARTS&amp;lang=1#modal-auxDialog\" target=\"_blank\" rel=\"noopener\"> en este enlace<\/a>.<\/p>\n\t\t\t\t\t\t\t\t<\/div>\n\t\t\t\t<div class=\"elementor-element elementor-element-cc1235a elementor-widget-divider--view-line elementor-widget elementor-widget-divider\" data-id=\"cc1235a\" data-element_type=\"widget\" data-e-type=\"widget\" data-widget_type=\"divider.default\">\n\t\t\t\t\t\t\t<div class=\"elementor-divider\">\n\t\t\t<span class=\"elementor-divider-separator\">\n\t\t\t\t\t\t<\/span>\n\t\t<\/div>\n\t\t\t\t\t\t<\/div>\n\t\t\t\t<div class=\"elementor-element elementor-element-120025a elementor-widget elementor-widget-text-editor\" data-id=\"120025a\" data-element_type=\"widget\" data-e-type=\"widget\" data-widget_type=\"text-editor.default\">\n\t\t\t\t\t\t\t\t\t<p>Ya ten\u00e9is la intervenci\u00f3n de M\u00f3nica Piera en la jornada <em>Dise\u00f1o para vivir <\/em>con la conferencia <a href=\"https:\/\/youtu.be\/VdPtNE-MuQg\" target=\"_blank\" rel=\"noopener\">\u00abRestaurar y reciclar. De opci\u00f3n a urgencia\u00bb<\/a>. La presidenta de la AEM explica el proyecto Madera Mueble y Sostenibilidad como respuesta para tener una nueva relaci\u00f3n con el mueble. Y quiere ofrecer soluciones que pasen por la revaloraci\u00f3n de la restauraci\u00f3n y rehabilitaci\u00f3n del mueble, el fomento de la cultura del objeto y el incentivar la recuperaci\u00f3n de los muebles por parte de las instituciones p\u00fablicas.<\/p>\n\t\t\t\t\t\t\t\t<\/div>\n\t\t\t\t<div class=\"elementor-element elementor-element-2ce84fb elementor-widget elementor-widget-video\" data-id=\"2ce84fb\" data-element_type=\"widget\" data-e-type=\"widget\" data-settings=\"{&quot;youtube_url&quot;:&quot;https:\\\/\\\/youtu.be\\\/VdPtNE-MuQg&quot;,&quot;video_type&quot;:&quot;youtube&quot;,&quot;controls&quot;:&quot;yes&quot;}\" data-widget_type=\"video.default\">\n\t\t\t\t\t\t\t<div class=\"elementor-wrapper elementor-open-inline\">\n\t\t\t<div class=\"elementor-video\"><\/div>\t\t<\/div>\n\t\t\t\t\t\t<\/div>\n\t\t\t\t<div class=\"elementor-element elementor-element-35a41ef elementor-widget-divider--view-line elementor-widget elementor-widget-divider\" data-id=\"35a41ef\" data-element_type=\"widget\" data-e-type=\"widget\" data-widget_type=\"divider.default\">\n\t\t\t\t\t\t\t<div class=\"elementor-divider\">\n\t\t\t<span class=\"elementor-divider-separator\">\n\t\t\t\t\t\t<\/span>\n\t\t<\/div>\n\t\t\t\t\t\t<\/div>\n\t\t\t\t<div class=\"elementor-element elementor-element-bd823f5 elementor-widget elementor-widget-text-editor\" data-id=\"bd823f5\" data-element_type=\"widget\" data-e-type=\"widget\" data-widget_type=\"text-editor.default\">\n\t\t\t\t\t\t\t\t\t<p>Recuerda que <a href=\"https:\/\/ajuntament.barcelona.cat\/museudeldisseny\/ca\/exposicio\/toquem-fusta-disseny-fusta-i-sostenibilitat?utm_source=ICUB%20%2F%20Museu%20Disseny&amp;utm_medium=email&amp;utm_campaign=Agenda%202021&amp;utm_content=022%201%2F6%2F_link_main_block_1_Toquem%20Fusta\" target=\"_blank\" rel=\"noopener\">\u00ab\u00a1Toquemos madera! Dise\u00f1o, madera y sostenibilidad\u00bb<\/a> es una exposici\u00f3 temporal en el Disseny Hub. Se puede visitar del 9 de noviembre al 22 de enero de 2023.<\/p>\n<p>La exposici\u00f3n tambi\u00e9n cuenta con el <a style=\"font-family: var( --e-global-typography-text-font-family ), Sans-serif; font-size: var( --e-global-typography-text-font-size ); font-weight: var( --e-global-typography-text-font-weight );\" href=\"https:\/\/www.estudidelmoble.com\/es\/proyecto-madera-mueble-sostenibilidad\/primera-fase-identificacion-del-arbol-al-mueble\/sentiras-la-madera-experiencia-con-los-5-sentidos\/\" target=\"_blank\" rel=\"noopener\">Taller familiar<em> Sentir\u00e1s la madera<\/em><\/a><span style=\"font-family: var( --e-global-typography-text-font-family ), Sans-serif; font-size: var( --e-global-typography-text-font-size ); font-weight: var( --e-global-typography-text-font-weight ); background-color: var( --e-global-color-9896240 );\">, los domingos a las 11.30 h. Con inscripci\u00f3n previa.<\/span><\/p>\n\t\t\t\t\t\t\t\t<\/div>\n\t\t\t\t\t<\/div>\n\t\t<\/div>\n\t\t\t\t\t<\/div>\n\t\t<\/section>\n\t\t\t\t<\/div>\n\t\t","protected":false},"excerpt":{"rendered":"<p>Jornadas: Dise\u00f1o para vivir. Dise\u00f1o, madera y sostenibilidad con la participaci\u00f3n de M\u00f3nica Piera para hablar de reciclaje y reutilizaci\u00f3n del mueble<\/p>\n","protected":false},"author":458,"featured_media":53245,"comment_status":"closed","ping_status":"closed","sticky":false,"template":"","format":"standard","meta":{"_acf_changed":false,"footnotes":""},"categories":[28],"tags":[1138],"class_list":["post-53252","post","type-post","status-publish","format-standard","has-post-thumbnail","hentry","category-blog-es","tag-exposicion"],"acf":[],"_links":{"self":[{"href":"https:\/\/www.estudidelmoble.com\/es\/wp-json\/wp\/v2\/posts\/53252","targetHints":{"allow":["GET"]}}],"collection":[{"href":"https:\/\/www.estudidelmoble.com\/es\/wp-json\/wp\/v2\/posts"}],"about":[{"href":"https:\/\/www.estudidelmoble.com\/es\/wp-json\/wp\/v2\/types\/post"}],"author":[{"embeddable":true,"href":"https:\/\/www.estudidelmoble.com\/es\/wp-json\/wp\/v2\/users\/458"}],"replies":[{"embeddable":true,"href":"https:\/\/www.estudidelmoble.com\/es\/wp-json\/wp\/v2\/comments?post=53252"}],"version-history":[{"count":0,"href":"https:\/\/www.estudidelmoble.com\/es\/wp-json\/wp\/v2\/posts\/53252\/revisions"}],"wp:featuredmedia":[{"embeddable":true,"href":"https:\/\/www.estudidelmoble.com\/es\/wp-json\/wp\/v2\/media\/53245"}],"wp:attachment":[{"href":"https:\/\/www.estudidelmoble.com\/es\/wp-json\/wp\/v2\/media?parent=53252"}],"wp:term":[{"taxonomy":"category","embeddable":true,"href":"https:\/\/www.estudidelmoble.com\/es\/wp-json\/wp\/v2\/categories?post=53252"},{"taxonomy":"post_tag","embeddable":true,"href":"https:\/\/www.estudidelmoble.com\/es\/wp-json\/wp\/v2\/tags?post=53252"}],"curies":[{"name":"wp","href":"https:\/\/api.w.org\/{rel}","templated":true}]}}