{"id":56193,"date":"2023-02-06T13:29:43","date_gmt":"2023-02-06T11:29:43","guid":{"rendered":"https:\/\/www.estudidelmoble.com\/entrevista-a-monica-piera-en-el-plafo\/"},"modified":"2023-07-14T13:56:14","modified_gmt":"2023-07-14T11:56:14","slug":"entrevista-a-monica-piera-en-el-plafo","status":"publish","type":"post","link":"https:\/\/www.estudidelmoble.com\/es\/entrevista-a-monica-piera-en-el-plafo\/","title":{"rendered":"Entrevista a M\u00f3nica Piera en El Plaf\u00f3"},"content":{"rendered":"\t\t<div data-elementor-type=\"wp-post\" data-elementor-id=\"56193\" class=\"elementor elementor-56193 elementor-56126\" data-elementor-post-type=\"post\">\n\t\t\t\t\t\t<section class=\"elementor-section elementor-top-section elementor-element elementor-element-dd88baa elementor-section-boxed elementor-section-height-default elementor-section-height-default\" data-id=\"dd88baa\" data-element_type=\"section\" data-e-type=\"section\">\n\t\t\t\t\t\t<div class=\"elementor-container elementor-column-gap-default\">\n\t\t\t\t\t<div class=\"elementor-column elementor-col-100 elementor-top-column elementor-element elementor-element-5f66d10\" data-id=\"5f66d10\" data-element_type=\"column\" data-e-type=\"column\">\n\t\t\t<div class=\"elementor-widget-wrap elementor-element-populated\">\n\t\t\t\t\t\t<div class=\"elementor-element elementor-element-6972147 elementor-widget elementor-widget-heading\" data-id=\"6972147\" data-element_type=\"widget\" data-e-type=\"widget\" data-widget_type=\"heading.default\">\n\t\t\t\t\t<h1 class=\"elementor-heading-title elementor-size-default\">Entrevista a M\u00f2nica Piera en El Plaf\u00f3<\/h1>\t\t\t\t<\/div>\n\t\t\t\t<div class=\"elementor-element elementor-element-b9a4e80 elementor-widget elementor-widget-heading\" data-id=\"b9a4e80\" data-element_type=\"widget\" data-e-type=\"widget\" data-widget_type=\"heading.default\">\n\t\t\t\t\t<h2 class=\"elementor-heading-title elementor-size-default\">La presidenta de la AEM habla sobre la pr\u00f3xima exposici\u00f3n del carpintero Joan Llor en Olot<\/h2>\t\t\t\t<\/div>\n\t\t\t\t<div class=\"elementor-element elementor-element-515538d elementor-widget elementor-widget-heading\" data-id=\"515538d\" data-element_type=\"widget\" data-e-type=\"widget\" data-widget_type=\"heading.default\">\n\t\t\t\t\t<p class=\"elementor-heading-title elementor-size-default\">6 de febrero de 2023<\/p>\t\t\t\t<\/div>\n\t\t\t\t\t<\/div>\n\t\t<\/div>\n\t\t\t\t\t<\/div>\n\t\t<\/section>\n\t\t\t\t<section class=\"elementor-section elementor-top-section elementor-element elementor-element-8f07d4b elementor-section-boxed elementor-section-height-default elementor-section-height-default\" data-id=\"8f07d4b\" data-element_type=\"section\" data-e-type=\"section\">\n\t\t\t\t\t\t<div class=\"elementor-container elementor-column-gap-default\">\n\t\t\t\t\t<div class=\"elementor-column elementor-col-100 elementor-top-column elementor-element elementor-element-a46628f\" data-id=\"a46628f\" data-element_type=\"column\" data-e-type=\"column\">\n\t\t\t<div class=\"elementor-widget-wrap elementor-element-populated\">\n\t\t\t\t\t\t<div class=\"elementor-element elementor-element-7c7d277 elementor-widget elementor-widget-image\" data-id=\"7c7d277\" data-element_type=\"widget\" data-e-type=\"widget\" data-widget_type=\"image.default\">\n\t\t\t\t\t\t\t\t\t\t\t\t\t\t\t<img fetchpriority=\"high\" decoding=\"async\" width=\"768\" height=\"512\" src=\"https:\/\/www.estudidelmoble.com\/wp-content\/uploads\/2023\/02\/Entrevista-a-Monica-Piera-El-Plafo-768x512.jpg\" class=\"attachment-medium_large size-medium_large wp-image-56130\" alt=\"\" srcset=\"https:\/\/www.estudidelmoble.com\/wp-content\/uploads\/2023\/02\/Entrevista-a-Monica-Piera-El-Plafo-768x512.jpg 768w, https:\/\/www.estudidelmoble.com\/wp-content\/uploads\/2023\/02\/Entrevista-a-Monica-Piera-El-Plafo-300x200.jpg 300w, https:\/\/www.estudidelmoble.com\/wp-content\/uploads\/2023\/02\/Entrevista-a-Monica-Piera-El-Plafo-1024x682.jpg 1024w, https:\/\/www.estudidelmoble.com\/wp-content\/uploads\/2023\/02\/Entrevista-a-Monica-Piera-El-Plafo-1536x1024.jpg 1536w, https:\/\/www.estudidelmoble.com\/wp-content\/uploads\/2023\/02\/Entrevista-a-Monica-Piera-El-Plafo-600x400.jpg 600w, https:\/\/www.estudidelmoble.com\/wp-content\/uploads\/2023\/02\/Entrevista-a-Monica-Piera-El-Plafo.jpg 2000w\" sizes=\"(max-width: 768px) 100vw, 768px\" \/>\t\t\t\t\t\t\t\t\t\t\t\t\t\t\t<\/div>\n\t\t\t\t\t<\/div>\n\t\t<\/div>\n\t\t\t\t\t<\/div>\n\t\t<\/section>\n\t\t\t\t<section class=\"elementor-section elementor-top-section elementor-element elementor-element-547be3d elementor-section-boxed elementor-section-height-default elementor-section-height-default\" data-id=\"547be3d\" data-element_type=\"section\" data-e-type=\"section\">\n\t\t\t\t\t\t<div class=\"elementor-container elementor-column-gap-default\">\n\t\t\t\t\t<div class=\"elementor-column elementor-col-100 elementor-top-column elementor-element elementor-element-1f00b6e\" data-id=\"1f00b6e\" data-element_type=\"column\" data-e-type=\"column\">\n\t\t\t<div class=\"elementor-widget-wrap elementor-element-populated\">\n\t\t\t\t\t\t<div class=\"elementor-element elementor-element-42a6854 elementor-widget elementor-widget-text-editor\" data-id=\"42a6854\" data-element_type=\"widget\" data-e-type=\"widget\" data-widget_type=\"text-editor.default\">\n\t\t\t\t\t\t\t\t\t<p style=\"text-align: right;\">Fotograf\u00eda: Daniel Loewe<\/p>\n\t\t\t\t\t\t\t\t<\/div>\n\t\t\t\t\t<\/div>\n\t\t<\/div>\n\t\t\t\t\t<\/div>\n\t\t<\/section>\n\t\t\t\t<section class=\"elementor-section elementor-top-section elementor-element elementor-element-dd55682 elementor-section-boxed elementor-section-height-default elementor-section-height-default\" data-id=\"dd55682\" data-element_type=\"section\" data-e-type=\"section\">\n\t\t\t\t\t\t<div class=\"elementor-container elementor-column-gap-default\">\n\t\t\t\t\t<div class=\"elementor-column elementor-col-100 elementor-top-column elementor-element elementor-element-9be2ed3\" data-id=\"9be2ed3\" data-element_type=\"column\" data-e-type=\"column\">\n\t\t\t<div class=\"elementor-widget-wrap elementor-element-populated\">\n\t\t\t\t\t\t<div class=\"elementor-element elementor-element-6e3610d elementor-widget elementor-widget-text-editor\" data-id=\"6e3610d\" data-element_type=\"widget\" data-e-type=\"widget\" data-widget_type=\"text-editor.default\">\n\t\t\t\t\t\t\t\t\t<p>El 4 de marzo se inaugura la <a href=\"https:\/\/www.estudidelmoble.com\/es\/proyecto-madera-mueble-sostenibilidad\/tercera-fase-reflexiones-reutilizacion-diseno-presente-y-futuro\/exposicion-joan-llor-carpintero-natural-de-olot\/\" target=\"_blank\" rel=\"noopener\">exposici\u00f3n <em>Joan Llor, maestro carpintero de Olot (1742-1805)<\/em><\/a> en la capital de la Garrotxa. La comisaria de la muestra es M\u00f3nica Piera, la presidenta de la Asociaci\u00f3n para el Estudio del Mueble.<\/p>\n<p>En esta entrevista que le hacen desde la revista El Plaf\u00f3, que es la agenda donde se incluyen los temas de actualidad cultural de la ciudad de Olot, se hace un adelanto de lo que encontraremos a la exposici\u00f3n.<\/p>\n<p>As\u00ed, en pocas l\u00edneas M\u00f3nica Piera consigue ofrecer una descripci\u00f3n del carpintero Joan Llor a trav\u00e9s de la documentaci\u00f3n y los muebles que se han encontrado relacionados con \u00e9l. Pregunta a pregunta, M\u00f3nica Piera va desvelando c\u00f3mo era Joan Llor de extraordinario, puesto que era un maestro muy creativo que se atrevi\u00f3 a firmar una de sus piezas. O que cre\u00f3 alguna t\u00e9cnica original para decorar los muebles de su taller, lo que seguro que lo hac\u00eda destacar como un profesional \u00fanico en la elaboraci\u00f3n de los muebles.<\/p>\n<p>En la entrevista tambi\u00e9n se pone en contexto a Joan Llor (1742-1805). De este modo, M\u00f3nica Piera informa cu\u00e1l era la clientela habitual del maestro carpintero, qu\u00e9 tipolog\u00edas de muebles eran los que m\u00e1s le encargaban o el tipo de madera que usaba para la construcci\u00f3n de los muebles.<\/p>\n<p>Para finalizar, se habla de la importancia de la reutilizaci\u00f3n de materiales, del reciclaje como una forma natural de hacer un trabajo. \u00a0Desde la AEM incidimos en estos t\u00e9rminos en proyectos como el de <a href=\"https:\/\/www.estudidelmoble.com\/es\/proyecto-madera-mueble-sostenibilidad\/\" target=\"_blank\" rel=\"noopener\">Madera-Mueble-Sostenibilidad<\/a>.<\/p>\n<p>En el caso de Joan Llor, como veremos en la exposici\u00f3n, la creatividad era el ingrediente que convert\u00eda cada elemento reaprovechado en un mueble \u00fanico.<\/p>\n\t\t\t\t\t\t\t\t<\/div>\n\t\t\t\t\t<\/div>\n\t\t<\/div>\n\t\t\t\t\t<\/div>\n\t\t<\/section>\n\t\t\t\t<section class=\"elementor-section elementor-top-section elementor-element elementor-element-4699f82 elementor-section-boxed elementor-section-height-default elementor-section-height-default\" data-id=\"4699f82\" data-element_type=\"section\" data-e-type=\"section\">\n\t\t\t\t\t\t<div class=\"elementor-container elementor-column-gap-default\">\n\t\t\t\t\t<div class=\"elementor-column elementor-col-100 elementor-top-column elementor-element elementor-element-d20f2ee\" data-id=\"d20f2ee\" data-element_type=\"column\" data-e-type=\"column\">\n\t\t\t<div class=\"elementor-widget-wrap elementor-element-populated\">\n\t\t\t\t\t\t<div class=\"elementor-element elementor-element-1ee61f4 elementor-widget elementor-widget-text-editor\" data-id=\"1ee61f4\" data-element_type=\"widget\" data-e-type=\"widget\" data-widget_type=\"text-editor.default\">\n\t\t\t\t\t\t\t\t\t<p>Aqu\u00ed puedes leer la entrevista entera<br \/>\nen la p\u00e1gina 20 de la revista El Plaf\u00f3:<\/p>\n\t\t\t\t\t\t\t\t<\/div>\n\t\t\t\t<div class=\"elementor-element elementor-element-180abdd elementor-align-center elementor-widget elementor-widget-button\" data-id=\"180abdd\" data-element_type=\"widget\" data-e-type=\"widget\" data-widget_type=\"button.default\">\n\t\t\t\t\t\t\t\t\t\t<a class=\"elementor-button elementor-button-link elementor-size-sm\" href=\"https:\/\/www.olotcultura.cat\/wp-content\/uploads\/2023\/01\/Plafo-184.pdf\" target=\"_blank\" rel=\"noopener\">\n\t\t\t\t\t\t<span class=\"elementor-button-content-wrapper\">\n\t\t\t\t\t\t\t\t\t<span class=\"elementor-button-text\">Descarga la revista<\/span>\n\t\t\t\t\t<\/span>\n\t\t\t\t\t<\/a>\n\t\t\t\t\t\t\t\t<\/div>\n\t\t\t\t\t<\/div>\n\t\t<\/div>\n\t\t\t\t\t<\/div>\n\t\t<\/section>\n\t\t\t\t<section class=\"elementor-section elementor-top-section elementor-element elementor-element-113a1da elementor-section-boxed elementor-section-height-default elementor-section-height-default\" data-id=\"113a1da\" data-element_type=\"section\" data-e-type=\"section\">\n\t\t\t\t\t\t<div class=\"elementor-container elementor-column-gap-default\">\n\t\t\t\t\t<div class=\"elementor-column elementor-col-100 elementor-top-column elementor-element elementor-element-735438f\" data-id=\"735438f\" data-element_type=\"column\" data-e-type=\"column\">\n\t\t\t<div class=\"elementor-widget-wrap elementor-element-populated\">\n\t\t\t\t\t\t<div class=\"elementor-element elementor-element-c704003 elementor-widget elementor-widget-text-editor\" data-id=\"c704003\" data-element_type=\"widget\" data-e-type=\"widget\" data-widget_type=\"text-editor.default\">\n\t\t\t\t\t\t\t\t\t<p>\u00bfQuieres conocer m\u00e1s sobre la exposici\u00f3n exposici\u00f3 <em>Joan Llor, maestro carpintero de Olot (1742-1805)? <\/em>Encontrar\u00e1s m\u00e1s informaci\u00f3n en <a href=\"https:\/\/www.estudidelmoble.com\/es\/proyecto-madera-mueble-sostenibilidad\/tercera-fase-reflexiones-reutilizacion-diseno-presente-y-futuro\/exposicion-joan-llor-carpintero-natural-de-olot\/\" target=\"_blank\" rel=\"noopener\">este enlace<\/a>.<\/p>\n\t\t\t\t\t\t\t\t<\/div>\n\t\t\t\t\t<\/div>\n\t\t<\/div>\n\t\t\t\t\t<\/div>\n\t\t<\/section>\n\t\t\t\t<\/div>\n\t\t","protected":false},"excerpt":{"rendered":"<p>Entrevista a M\u00f3nica Piera en El Plaf\u00f3 para hablar de la exposici\u00f3n Joan Llor maestro carpintero de Olot<\/p>\n","protected":false},"author":458,"featured_media":56182,"comment_status":"closed","ping_status":"closed","sticky":false,"template":"","format":"standard","meta":{"_acf_changed":false,"footnotes":""},"categories":[28,1000],"tags":[1087,388,1084],"class_list":["post-56193","post","type-post","status-publish","format-standard","has-post-thumbnail","hentry","category-blog-es","category-prensa","tag-maderas-es","tag-prensa-es","tag-proyectofms-es"],"acf":[],"_links":{"self":[{"href":"https:\/\/www.estudidelmoble.com\/es\/wp-json\/wp\/v2\/posts\/56193","targetHints":{"allow":["GET"]}}],"collection":[{"href":"https:\/\/www.estudidelmoble.com\/es\/wp-json\/wp\/v2\/posts"}],"about":[{"href":"https:\/\/www.estudidelmoble.com\/es\/wp-json\/wp\/v2\/types\/post"}],"author":[{"embeddable":true,"href":"https:\/\/www.estudidelmoble.com\/es\/wp-json\/wp\/v2\/users\/458"}],"replies":[{"embeddable":true,"href":"https:\/\/www.estudidelmoble.com\/es\/wp-json\/wp\/v2\/comments?post=56193"}],"version-history":[{"count":0,"href":"https:\/\/www.estudidelmoble.com\/es\/wp-json\/wp\/v2\/posts\/56193\/revisions"}],"wp:featuredmedia":[{"embeddable":true,"href":"https:\/\/www.estudidelmoble.com\/es\/wp-json\/wp\/v2\/media\/56182"}],"wp:attachment":[{"href":"https:\/\/www.estudidelmoble.com\/es\/wp-json\/wp\/v2\/media?parent=56193"}],"wp:term":[{"taxonomy":"category","embeddable":true,"href":"https:\/\/www.estudidelmoble.com\/es\/wp-json\/wp\/v2\/categories?post=56193"},{"taxonomy":"post_tag","embeddable":true,"href":"https:\/\/www.estudidelmoble.com\/es\/wp-json\/wp\/v2\/tags?post=56193"}],"curies":[{"name":"wp","href":"https:\/\/api.w.org\/{rel}","templated":true}]}}