{"id":57805,"date":"2023-05-30T11:39:36","date_gmt":"2023-05-30T09:39:36","guid":{"rendered":"https:\/\/www.estudidelmoble.com\/memoria-2022-de-la-asociacion-para-el-estudio-del-mueble\/"},"modified":"2023-06-14T11:49:31","modified_gmt":"2023-06-14T09:49:31","slug":"memoria-2022-de-la-asociacion-para-el-estudio-del-mueble","status":"publish","type":"post","link":"https:\/\/www.estudidelmoble.com\/es\/memoria-2022-de-la-asociacion-para-el-estudio-del-mueble\/","title":{"rendered":"Memoria 2022 de la Asociaci\u00f3n para el Estudio del Mueble"},"content":{"rendered":"\t\t<div data-elementor-type=\"wp-post\" data-elementor-id=\"57805\" class=\"elementor elementor-57805 elementor-57723\" data-elementor-post-type=\"post\">\n\t\t\t\t\t\t<section class=\"elementor-section elementor-top-section elementor-element elementor-element-1538366 elementor-section-boxed elementor-section-height-default elementor-section-height-default\" data-id=\"1538366\" data-element_type=\"section\" data-e-type=\"section\">\n\t\t\t\t\t\t<div class=\"elementor-container elementor-column-gap-default\">\n\t\t\t\t\t<div class=\"elementor-column elementor-col-100 elementor-top-column elementor-element elementor-element-c68fb41\" data-id=\"c68fb41\" data-element_type=\"column\" data-e-type=\"column\">\n\t\t\t<div class=\"elementor-widget-wrap elementor-element-populated\">\n\t\t\t\t\t\t<div class=\"elementor-element elementor-element-a29eece elementor-widget elementor-widget-heading\" data-id=\"a29eece\" data-element_type=\"widget\" data-e-type=\"widget\" data-widget_type=\"heading.default\">\n\t\t\t\t\t<h1 class=\"elementor-heading-title elementor-size-default\">Memoria 2022 de la AEM<\/h1>\t\t\t\t<\/div>\n\t\t\t\t<div class=\"elementor-element elementor-element-2c6e289 elementor-widget elementor-widget-heading\" data-id=\"2c6e289\" data-element_type=\"widget\" data-e-type=\"widget\" data-widget_type=\"heading.default\">\n\t\t\t\t\t<p class=\"elementor-heading-title elementor-size-default\">Consulta todas las actividades que hemos hecho durante el a\u00f1o<\/p>\t\t\t\t<\/div>\n\t\t\t\t\t<\/div>\n\t\t<\/div>\n\t\t\t\t\t<\/div>\n\t\t<\/section>\n\t\t\t\t<section class=\"elementor-section elementor-top-section elementor-element elementor-element-bcb9c94 elementor-section-boxed elementor-section-height-default elementor-section-height-default\" data-id=\"bcb9c94\" data-element_type=\"section\" data-e-type=\"section\">\n\t\t\t\t\t\t<div class=\"elementor-container elementor-column-gap-default\">\n\t\t\t\t\t<div class=\"elementor-column elementor-col-100 elementor-top-column elementor-element elementor-element-ecbd83c\" data-id=\"ecbd83c\" data-element_type=\"column\" data-e-type=\"column\">\n\t\t\t<div class=\"elementor-widget-wrap elementor-element-populated\">\n\t\t\t\t\t\t<div class=\"elementor-element elementor-element-a372e1e elementor-widget elementor-widget-image\" data-id=\"a372e1e\" data-element_type=\"widget\" data-e-type=\"widget\" data-widget_type=\"image.default\">\n\t\t\t\t\t\t\t\t\t\t\t\t\t\t\t<img fetchpriority=\"high\" decoding=\"async\" width=\"768\" height=\"768\" src=\"https:\/\/www.estudidelmoble.com\/wp-content\/uploads\/2023\/06\/Associacio-per-a-lEstudi-del-Moble-Presentacio-Gaspar-Homar-768x768.jpg\" class=\"attachment-medium_large size-medium_large wp-image-57730\" alt=\"\" srcset=\"https:\/\/www.estudidelmoble.com\/wp-content\/uploads\/2023\/06\/Associacio-per-a-lEstudi-del-Moble-Presentacio-Gaspar-Homar-768x768.jpg 768w, https:\/\/www.estudidelmoble.com\/wp-content\/uploads\/2023\/06\/Associacio-per-a-lEstudi-del-Moble-Presentacio-Gaspar-Homar-300x300.jpg 300w, https:\/\/www.estudidelmoble.com\/wp-content\/uploads\/2023\/06\/Associacio-per-a-lEstudi-del-Moble-Presentacio-Gaspar-Homar-1024x1024.jpg 1024w, https:\/\/www.estudidelmoble.com\/wp-content\/uploads\/2023\/06\/Associacio-per-a-lEstudi-del-Moble-Presentacio-Gaspar-Homar-150x150.jpg 150w, https:\/\/www.estudidelmoble.com\/wp-content\/uploads\/2023\/06\/Associacio-per-a-lEstudi-del-Moble-Presentacio-Gaspar-Homar-600x600.jpg 600w, https:\/\/www.estudidelmoble.com\/wp-content\/uploads\/2023\/06\/Associacio-per-a-lEstudi-del-Moble-Presentacio-Gaspar-Homar-100x100.jpg 100w, https:\/\/www.estudidelmoble.com\/wp-content\/uploads\/2023\/06\/Associacio-per-a-lEstudi-del-Moble-Presentacio-Gaspar-Homar.jpg 1449w\" sizes=\"(max-width: 768px) 100vw, 768px\" \/>\t\t\t\t\t\t\t\t\t\t\t\t\t\t\t<\/div>\n\t\t\t\t\t<\/div>\n\t\t<\/div>\n\t\t\t\t\t<\/div>\n\t\t<\/section>\n\t\t\t\t<section class=\"elementor-section elementor-top-section elementor-element elementor-element-c36469f elementor-section-boxed elementor-section-height-default elementor-section-height-default\" data-id=\"c36469f\" data-element_type=\"section\" data-e-type=\"section\">\n\t\t\t\t\t\t<div class=\"elementor-container elementor-column-gap-default\">\n\t\t\t\t\t<div class=\"elementor-column elementor-col-100 elementor-top-column elementor-element elementor-element-67de720\" data-id=\"67de720\" data-element_type=\"column\" data-e-type=\"column\">\n\t\t\t<div class=\"elementor-widget-wrap elementor-element-populated\">\n\t\t\t\t\t\t<div class=\"elementor-element elementor-element-4bf06ea elementor-widget elementor-widget-spacer\" data-id=\"4bf06ea\" data-element_type=\"widget\" data-e-type=\"widget\" data-widget_type=\"spacer.default\">\n\t\t\t\t\t\t\t<div class=\"elementor-spacer\">\n\t\t\t<div class=\"elementor-spacer-inner\"><\/div>\n\t\t<\/div>\n\t\t\t\t\t\t<\/div>\n\t\t\t\t\t<\/div>\n\t\t<\/div>\n\t\t\t\t\t<\/div>\n\t\t<\/section>\n\t\t\t\t<section class=\"elementor-section elementor-top-section elementor-element elementor-element-849fe84 elementor-section-boxed elementor-section-height-default elementor-section-height-default\" data-id=\"849fe84\" data-element_type=\"section\" data-e-type=\"section\">\n\t\t\t\t\t\t<div class=\"elementor-container elementor-column-gap-default\">\n\t\t\t\t\t<div class=\"elementor-column elementor-col-100 elementor-top-column elementor-element elementor-element-c18de1d\" data-id=\"c18de1d\" data-element_type=\"column\" data-e-type=\"column\">\n\t\t\t<div class=\"elementor-widget-wrap elementor-element-populated\">\n\t\t\t\t\t\t<div class=\"elementor-element elementor-element-4dd7541 elementor-widget elementor-widget-text-editor\" data-id=\"4dd7541\" data-element_type=\"widget\" data-e-type=\"widget\" data-widget_type=\"text-editor.default\">\n\t\t\t\t\t\t\t\t\t<p style=\"margin: 0cm 0cm 12.75pt 0cm;\">\u00bfQuieres conocer todo lo que hemos hecho desde la AEM durante el a\u00f1o 2022? Entonces ya puedes consultar la\u00a0<a href=\"https:\/\/estudidelmoble.com\/es\/quienes-somos\/la-asociacion\/#memories\"><span style=\"font-size: 13.0pt; font-family: 'Source Sans Pro','sans-serif';\">memoria 2022<\/span><\/a>\u00a0de la Asociaci\u00f3n para el Estudio del Mueble.<\/p><p style=\"margin: 0cm 0cm 12.75pt 0cm;\">Como siempre, a la memoria\u00a0 se incluye una descripci\u00f3n detallada con datos de totas y cada una de las actividades realizadas por la AEM. Podr\u00e1s encontrar desde cursos, viajes, ferias o publicaciones hasta estudios y trabajos.<\/p><p style=\"margin: 0cm 0cm 12.75pt 0cm;\">Tambi\u00e9n hay espacios para los proyectos, publicaciones y relaci\u00f3n con otras entidades, cumplimentadas por la AEM durante todo un a\u00f1o.<\/p>\t\t\t\t\t\t\t\t<\/div>\n\t\t\t\t\t<\/div>\n\t\t<\/div>\n\t\t\t\t\t<\/div>\n\t\t<\/section>\n\t\t\t\t<section class=\"elementor-section elementor-top-section elementor-element elementor-element-5dc04a9 elementor-section-boxed elementor-section-height-default elementor-section-height-default\" data-id=\"5dc04a9\" data-element_type=\"section\" data-e-type=\"section\">\n\t\t\t\t\t\t<div class=\"elementor-container elementor-column-gap-default\">\n\t\t\t\t\t<div class=\"elementor-column elementor-col-100 elementor-top-column elementor-element elementor-element-4466ea8\" data-id=\"4466ea8\" data-element_type=\"column\" data-e-type=\"column\">\n\t\t\t<div class=\"elementor-widget-wrap elementor-element-populated\">\n\t\t\t\t\t\t<div class=\"elementor-element elementor-element-03d8103 elementor-widget elementor-widget-spacer\" data-id=\"03d8103\" data-element_type=\"widget\" data-e-type=\"widget\" data-widget_type=\"spacer.default\">\n\t\t\t\t\t\t\t<div class=\"elementor-spacer\">\n\t\t\t<div class=\"elementor-spacer-inner\"><\/div>\n\t\t<\/div>\n\t\t\t\t\t\t<\/div>\n\t\t\t\t\t<\/div>\n\t\t<\/div>\n\t\t\t\t\t<\/div>\n\t\t<\/section>\n\t\t\t\t<section class=\"elementor-section elementor-top-section elementor-element elementor-element-c7301bd elementor-section-boxed elementor-section-height-default elementor-section-height-default\" data-id=\"c7301bd\" data-element_type=\"section\" data-e-type=\"section\">\n\t\t\t\t\t\t<div class=\"elementor-container elementor-column-gap-default\">\n\t\t\t\t\t<div class=\"elementor-column elementor-col-100 elementor-top-column elementor-element elementor-element-3f08ed3\" data-id=\"3f08ed3\" data-element_type=\"column\" data-e-type=\"column\">\n\t\t\t<div class=\"elementor-widget-wrap elementor-element-populated\">\n\t\t\t\t\t\t<div class=\"elementor-element elementor-element-ac0d96a elementor-align-center elementor-widget elementor-widget-button\" data-id=\"ac0d96a\" data-element_type=\"widget\" data-e-type=\"widget\" data-widget_type=\"button.default\">\n\t\t\t\t\t\t\t\t\t\t<a class=\"elementor-button elementor-button-link elementor-size-md\" href=\"https:\/\/www.estudidelmoble.com\/wp-content\/uploads\/2023\/06\/Memoria-2022-AEM-CAST.pdf\" target=\"_blank\">\n\t\t\t\t\t\t<span class=\"elementor-button-content-wrapper\">\n\t\t\t\t\t\t\t\t\t<span class=\"elementor-button-text\">Cons\u00faltala aqu\u00ed<\/span>\n\t\t\t\t\t<\/span>\n\t\t\t\t\t<\/a>\n\t\t\t\t\t\t\t\t<\/div>\n\t\t\t\t\t<\/div>\n\t\t<\/div>\n\t\t\t\t\t<\/div>\n\t\t<\/section>\n\t\t\t\t<\/div>\n\t\t","protected":false},"excerpt":{"rendered":"<p>Memoria 2022 de la Asociaci\u00f3n para el Estudio del Mueble: actividades, cursos, publicaciones, viajes, salidas&#8230;Todo lo que hemos hecho en este per\u00edodo<\/p>\n","protected":false},"author":86,"featured_media":46662,"comment_status":"closed","ping_status":"closed","sticky":false,"template":"","format":"standard","meta":{"_acf_changed":false,"footnotes":""},"categories":[28,309],"tags":[1104,388],"class_list":["post-57805","post","type-post","status-publish","format-standard","has-post-thumbnail","hentry","category-blog-es","category-blog","tag-historiadelmoble","tag-prensa-es"],"acf":[],"_links":{"self":[{"href":"https:\/\/www.estudidelmoble.com\/es\/wp-json\/wp\/v2\/posts\/57805","targetHints":{"allow":["GET"]}}],"collection":[{"href":"https:\/\/www.estudidelmoble.com\/es\/wp-json\/wp\/v2\/posts"}],"about":[{"href":"https:\/\/www.estudidelmoble.com\/es\/wp-json\/wp\/v2\/types\/post"}],"author":[{"embeddable":true,"href":"https:\/\/www.estudidelmoble.com\/es\/wp-json\/wp\/v2\/users\/86"}],"replies":[{"embeddable":true,"href":"https:\/\/www.estudidelmoble.com\/es\/wp-json\/wp\/v2\/comments?post=57805"}],"version-history":[{"count":0,"href":"https:\/\/www.estudidelmoble.com\/es\/wp-json\/wp\/v2\/posts\/57805\/revisions"}],"wp:featuredmedia":[{"embeddable":true,"href":"https:\/\/www.estudidelmoble.com\/es\/wp-json\/wp\/v2\/media\/46662"}],"wp:attachment":[{"href":"https:\/\/www.estudidelmoble.com\/es\/wp-json\/wp\/v2\/media?parent=57805"}],"wp:term":[{"taxonomy":"category","embeddable":true,"href":"https:\/\/www.estudidelmoble.com\/es\/wp-json\/wp\/v2\/categories?post=57805"},{"taxonomy":"post_tag","embeddable":true,"href":"https:\/\/www.estudidelmoble.com\/es\/wp-json\/wp\/v2\/tags?post=57805"}],"curies":[{"name":"wp","href":"https:\/\/api.w.org\/{rel}","templated":true}]}}