{"id":57929,"date":"2023-04-17T09:31:00","date_gmt":"2023-04-17T07:31:00","guid":{"rendered":"https:\/\/www.estudidelmoble.com\/viaje-a-mallorca-patrimonio-privado-e-inaccesible\/"},"modified":"2023-11-20T12:05:00","modified_gmt":"2023-11-20T10:05:00","slug":"viaje-a-mallorca-patrimonio-privado-e-inaccesible","status":"publish","type":"post","link":"https:\/\/www.estudidelmoble.com\/es\/viaje-a-mallorca-patrimonio-privado-e-inaccesible\/","title":{"rendered":"Viaje a Mallorca: patrimonio privado e inaccesible"},"content":{"rendered":"\t\t<div data-elementor-type=\"wp-post\" data-elementor-id=\"57929\" class=\"elementor elementor-57929 elementor-57563\" data-elementor-post-type=\"post\">\n\t\t\t\t\t\t<section class=\"elementor-section elementor-top-section elementor-element elementor-element-aee56c6 elementor-section-boxed elementor-section-height-default elementor-section-height-default\" data-id=\"aee56c6\" data-element_type=\"section\" data-e-type=\"section\">\n\t\t\t\t\t\t<div class=\"elementor-container elementor-column-gap-default\">\n\t\t\t\t\t<div class=\"elementor-column elementor-col-100 elementor-top-column elementor-element elementor-element-d183d94\" data-id=\"d183d94\" data-element_type=\"column\" data-e-type=\"column\">\n\t\t\t<div class=\"elementor-widget-wrap elementor-element-populated\">\n\t\t\t\t\t\t<div class=\"elementor-element elementor-element-2fc94f2 elementor-widget elementor-widget-heading\" data-id=\"2fc94f2\" data-element_type=\"widget\" data-e-type=\"widget\" data-widget_type=\"heading.default\">\n\t\t\t\t\t<h1 class=\"elementor-heading-title elementor-size-default\">Viaje a Mallorca<\/h1>\t\t\t\t<\/div>\n\t\t\t\t<div class=\"elementor-element elementor-element-45c8722 elementor-widget elementor-widget-heading\" data-id=\"45c8722\" data-element_type=\"widget\" data-e-type=\"widget\" data-widget_type=\"heading.default\">\n\t\t\t\t\t<h2 class=\"elementor-heading-title elementor-size-default\">Una oportunidad de entrar a espacios privados e inaccesibles<\/h2>\t\t\t\t<\/div>\n\t\t\t\t<div class=\"elementor-element elementor-element-5d75759 elementor-widget elementor-widget-heading\" data-id=\"5d75759\" data-element_type=\"widget\" data-e-type=\"widget\" data-widget_type=\"heading.default\">\n\t\t\t\t\t<h3 class=\"elementor-heading-title elementor-size-default\">17 y 18 de junio de 2023<\/h3>\t\t\t\t<\/div>\n\t\t\t\t\t<\/div>\n\t\t<\/div>\n\t\t\t\t\t<\/div>\n\t\t<\/section>\n\t\t\t\t<section class=\"elementor-section elementor-top-section elementor-element elementor-element-2f02a52 elementor-section-content-middle elementor-section-boxed elementor-section-height-default elementor-section-height-default\" data-id=\"2f02a52\" data-element_type=\"section\" data-e-type=\"section\">\n\t\t\t\t\t\t<div class=\"elementor-container elementor-column-gap-default\">\n\t\t\t\t\t<div class=\"elementor-column elementor-col-100 elementor-top-column elementor-element elementor-element-6cae592\" data-id=\"6cae592\" data-element_type=\"column\" data-e-type=\"column\">\n\t\t\t<div class=\"elementor-widget-wrap elementor-element-populated\">\n\t\t\t\t\t\t<div class=\"elementor-element elementor-element-363c56e elementor-widget elementor-widget-spacer\" data-id=\"363c56e\" data-element_type=\"widget\" data-e-type=\"widget\" data-widget_type=\"spacer.default\">\n\t\t\t\t\t\t\t<div class=\"elementor-spacer\">\n\t\t\t<div class=\"elementor-spacer-inner\"><\/div>\n\t\t<\/div>\n\t\t\t\t\t\t<\/div>\n\t\t\t\t<div class=\"elementor-element elementor-element-a0a89df elementor-widget elementor-widget-image\" data-id=\"a0a89df\" data-element_type=\"widget\" data-e-type=\"widget\" data-widget_type=\"image.default\">\n\t\t\t\t\t\t\t\t\t\t\t\t\t\t\t<img fetchpriority=\"high\" decoding=\"async\" width=\"320\" height=\"320\" src=\"https:\/\/www.estudidelmoble.com\/wp-content\/uploads\/2023\/06\/Viatge-a-Mallorca-AEM.jpg\" class=\"attachment-medium_large size-medium_large wp-image-57570\" alt=\"\" srcset=\"https:\/\/www.estudidelmoble.com\/wp-content\/uploads\/2023\/06\/Viatge-a-Mallorca-AEM.jpg 320w, https:\/\/www.estudidelmoble.com\/wp-content\/uploads\/2023\/06\/Viatge-a-Mallorca-AEM-300x300.jpg 300w, https:\/\/www.estudidelmoble.com\/wp-content\/uploads\/2023\/06\/Viatge-a-Mallorca-AEM-150x150.jpg 150w, https:\/\/www.estudidelmoble.com\/wp-content\/uploads\/2023\/06\/Viatge-a-Mallorca-AEM-100x100.jpg 100w\" sizes=\"(max-width: 320px) 100vw, 320px\" \/>\t\t\t\t\t\t\t\t\t\t\t\t\t\t\t<\/div>\n\t\t\t\t<div class=\"elementor-element elementor-element-71aa38f elementor-widget elementor-widget-spacer\" data-id=\"71aa38f\" data-element_type=\"widget\" data-e-type=\"widget\" data-widget_type=\"spacer.default\">\n\t\t\t\t\t\t\t<div class=\"elementor-spacer\">\n\t\t\t<div class=\"elementor-spacer-inner\"><\/div>\n\t\t<\/div>\n\t\t\t\t\t\t<\/div>\n\t\t\t\t\t<\/div>\n\t\t<\/div>\n\t\t\t\t\t<\/div>\n\t\t<\/section>\n\t\t\t\t<section class=\"elementor-section elementor-top-section elementor-element elementor-element-d348c5a elementor-section-boxed elementor-section-height-default elementor-section-height-default\" data-id=\"d348c5a\" data-element_type=\"section\" data-e-type=\"section\">\n\t\t\t\t\t\t<div class=\"elementor-container elementor-column-gap-default\">\n\t\t\t\t\t<div class=\"elementor-column elementor-col-100 elementor-top-column elementor-element elementor-element-3d16de5\" data-id=\"3d16de5\" data-element_type=\"column\" data-e-type=\"column\">\n\t\t\t<div class=\"elementor-widget-wrap elementor-element-populated\">\n\t\t\t\t\t\t<div class=\"elementor-element elementor-element-d440628 elementor-widget__width-initial elementor-widget elementor-widget-heading\" data-id=\"d440628\" data-element_type=\"widget\" data-e-type=\"widget\" data-widget_type=\"heading.default\">\n\t\t\t\t\t<h2 class=\"elementor-heading-title elementor-size-default\"><\/h2><h2 data-elementor-setting-key=\"title\" data-pen-placeholder=\"Teclea aqu\u00ed...\">Acceso exclusivo al patrimonio privado de Mallorca<\/h2>\t\t\t\t<\/div>\n\t\t\t\t\t<\/div>\n\t\t<\/div>\n\t\t\t\t\t<\/div>\n\t\t<\/section>\n\t\t\t\t<section class=\"elementor-section elementor-top-section elementor-element elementor-element-65bf202 elementor-section-boxed elementor-section-height-default elementor-section-height-default\" data-id=\"65bf202\" data-element_type=\"section\" data-e-type=\"section\">\n\t\t\t\t\t\t<div class=\"elementor-container elementor-column-gap-default\">\n\t\t\t\t\t<div class=\"elementor-column elementor-col-100 elementor-top-column elementor-element elementor-element-c492a3d\" data-id=\"c492a3d\" data-element_type=\"column\" data-e-type=\"column\">\n\t\t\t<div class=\"elementor-widget-wrap elementor-element-populated\">\n\t\t\t\t\t\t<div class=\"elementor-element elementor-element-3ed693d elementor-widget elementor-widget-text-editor\" data-id=\"3ed693d\" data-element_type=\"widget\" data-e-type=\"widget\" data-widget_type=\"text-editor.default\">\n\t\t\t\t\t\t\t\t\t<p>Coordina: N\u00faria Ruiz<\/p><p style=\"margin: 0cm 0cm 12.75pt 0cm;\">\u00bfNos acompa\u00f1as a disfrutar con nosotros del patrimonio m\u00e1s inaccesible de Mallorca? No te lo pierdas, es una oportunidad \u00fanica de acceder a espacios no abiertos al p\u00fablico, con interiores llenos de decoraci\u00f3n arquitect\u00f3nica, art\u00edstica y mobiliaria de primer nivel. \u00a1Y s\u00f3lo podr\u00e1s ver estos monumentos con la AEM!<\/p><p style=\"margin: 0cm 0cm 12.75pt 0cm;\">Son impresionantes lugares que hablan de la historia viva de la isla des de hace siglos hasta la actualidad. As\u00ed, encontraremos restos de la \u00e9poca musulmana al casal de\u00a0<strong>Ca\u2019n Fontirroig<\/strong>, que tambi\u00e9n conserva salas representativas del barroco mallorqu\u00edn con su mobiliario. En la\u00a0<strong>posesi\u00f3n Sarri\u00e0<\/strong>\u00a0veremos una mas\u00eda vinculada a la explotaci\u00f3n agr\u00edcola del territorio, activa ya en el siglo XIII, que presenta elementos arquitect\u00f3nicos muy interesantes. Podremos comprobar como es un casal nobiliario de final de la Edad Media y el Renacimiento a trav\u00e9s de\u00a0<strong>Ca n\u2019Olessa<\/strong>, una arquitectura de origen g\u00f3tico y con una decoraci\u00f3n interior con tapices flamencos y piezas hist\u00f3ricas. O comprenderemos la vida conventual de clausura gracias a ejemplos fundados despu\u00e9s de la conquista catalana, como el convento de\u00a0<strong>Santa Magdalena<\/strong>, que alberga un gran tesoro de objetos i mobiliario de primera calidad; o el de\u00a0<strong>Ses Caputxines<\/strong>, fundado en la contrareforma.<\/p><p style=\"margin: 0cm 0cm 12.75pt 0cm;\">La Asociaci\u00f3n para el Estudio del Mueble os anima a viajar a Mallorca, entrando en casales o conventos, no visitables pero que nos han abierto sus puertas. Gracias a nuestras socias, Kika Coll, Directora Insular de Patrimoni y Directora de la Pon\u00e8ncia T\u00e8cnica de Patrimoni Hist\u00f2ric y Mui Morey, podremos acceder a estos lugares de gran importancia art\u00edstica.<\/p><p style=\"margin: 0cm 0cm 12.75pt 0cm;\">\u00a1Te esperamos para conocer todo este extraordinario patrimonio de Mallorca!<\/p>\t\t\t\t\t\t\t\t<\/div>\n\t\t\t\t\t<\/div>\n\t\t<\/div>\n\t\t\t\t\t<\/div>\n\t\t<\/section>\n\t\t\t\t<section class=\"elementor-section elementor-top-section elementor-element elementor-element-e003e8d elementor-section-boxed elementor-section-height-default elementor-section-height-default\" data-id=\"e003e8d\" data-element_type=\"section\" data-e-type=\"section\">\n\t\t\t\t\t\t<div class=\"elementor-container elementor-column-gap-default\">\n\t\t\t\t\t<div class=\"elementor-column elementor-col-100 elementor-top-column elementor-element elementor-element-5d3f81c\" data-id=\"5d3f81c\" data-element_type=\"column\" data-e-type=\"column\">\n\t\t\t<div class=\"elementor-widget-wrap elementor-element-populated\">\n\t\t\t\t\t\t<div class=\"elementor-element elementor-element-171d7f5 elementor-widget elementor-widget-read-more\" data-id=\"171d7f5\" data-element_type=\"widget\" data-e-type=\"widget\" data-widget_type=\"read-more.default\">\n\t\t\t\t\t<\/div><\/div><\/div><\/div><\/section><\/div> <a href=\"https:\/\/www.estudidelmoble.com\/es\/viaje-a-mallorca-patrimonio-privado-e-inaccesible\/#more-57929\" class=\"more-link elementor-more-link\"><span aria-label=\"Sigue leyendo Viaje a Mallorca: patrimonio privado e inaccesible\">Continua llegint<\/span><\/a>","protected":false},"excerpt":{"rendered":"<p>Viaje a Mallorca: patrimonio privado e inaccesible de monumentos no abiertos al p\u00fablico: Ca\u2019n Fontirroig, Ca n\u2019Olesa, Convent Ses Caputxines, Santa Magdalena&#8230;<\/p>\n","protected":false},"author":86,"featured_media":57570,"comment_status":"closed","ping_status":"closed","sticky":false,"template":"","format":"standard","meta":{"_acf_changed":false,"footnotes":""},"categories":[38],"tags":[312,1091,340,1100],"class_list":["post-57929","post","type-post","status-publish","format-standard","has-post-thumbnail","hentry","category-viatges","tag-arquitectura-es","tag-conservacion-restauracion-es","tag-expertos-es","tag-museos-es"],"acf":[],"_links":{"self":[{"href":"https:\/\/www.estudidelmoble.com\/es\/wp-json\/wp\/v2\/posts\/57929","targetHints":{"allow":["GET"]}}],"collection":[{"href":"https:\/\/www.estudidelmoble.com\/es\/wp-json\/wp\/v2\/posts"}],"about":[{"href":"https:\/\/www.estudidelmoble.com\/es\/wp-json\/wp\/v2\/types\/post"}],"author":[{"embeddable":true,"href":"https:\/\/www.estudidelmoble.com\/es\/wp-json\/wp\/v2\/users\/86"}],"replies":[{"embeddable":true,"href":"https:\/\/www.estudidelmoble.com\/es\/wp-json\/wp\/v2\/comments?post=57929"}],"version-history":[{"count":0,"href":"https:\/\/www.estudidelmoble.com\/es\/wp-json\/wp\/v2\/posts\/57929\/revisions"}],"wp:featuredmedia":[{"embeddable":true,"href":"https:\/\/www.estudidelmoble.com\/es\/wp-json\/wp\/v2\/media\/57570"}],"wp:attachment":[{"href":"https:\/\/www.estudidelmoble.com\/es\/wp-json\/wp\/v2\/media?parent=57929"}],"wp:term":[{"taxonomy":"category","embeddable":true,"href":"https:\/\/www.estudidelmoble.com\/es\/wp-json\/wp\/v2\/categories?post=57929"},{"taxonomy":"post_tag","embeddable":true,"href":"https:\/\/www.estudidelmoble.com\/es\/wp-json\/wp\/v2\/tags?post=57929"}],"curies":[{"name":"wp","href":"https:\/\/api.w.org\/{rel}","templated":true}]}}