{"id":57951,"date":"2023-05-31T11:39:42","date_gmt":"2023-05-31T09:39:42","guid":{"rendered":"https:\/\/www.estudidelmoble.com\/entrevista-a-monica-piera-en-el-dominical-del-diari-de-girona\/"},"modified":"2023-06-15T13:23:33","modified_gmt":"2023-06-15T11:23:33","slug":"entrevista-a-monica-piera-en-el-dominical-del-diari-de-girona","status":"publish","type":"post","link":"https:\/\/www.estudidelmoble.com\/es\/entrevista-a-monica-piera-en-el-dominical-del-diari-de-girona\/","title":{"rendered":"Entrevista a M\u00f3nica Piera en el Dominical del Diari de Girona"},"content":{"rendered":"\t\t<div data-elementor-type=\"wp-post\" data-elementor-id=\"57951\" class=\"elementor elementor-57951 elementor-57724\" data-elementor-post-type=\"post\">\n\t\t\t\t\t\t<section class=\"elementor-section elementor-top-section elementor-element elementor-element-7a88a09 elementor-section-boxed elementor-section-height-default elementor-section-height-default\" data-id=\"7a88a09\" data-element_type=\"section\" data-e-type=\"section\">\n\t\t\t\t\t\t<div class=\"elementor-container elementor-column-gap-default\">\n\t\t\t\t\t<div class=\"elementor-column elementor-col-100 elementor-top-column elementor-element elementor-element-1da0fd5\" data-id=\"1da0fd5\" data-element_type=\"column\" data-e-type=\"column\">\n\t\t\t<div class=\"elementor-widget-wrap elementor-element-populated\">\n\t\t\t\t\t\t<div class=\"elementor-element elementor-element-d9afd97 elementor-widget elementor-widget-heading\" data-id=\"d9afd97\" data-element_type=\"widget\" data-e-type=\"widget\" data-widget_type=\"heading.default\">\n\t\t\t\t\t<h1 class=\"elementor-heading-title elementor-size-default\">Entrevista a M\u00f3nica Piera en el Dominical del Diari de Girona<\/h1>\t\t\t\t<\/div>\n\t\t\t\t<div class=\"elementor-element elementor-element-fa503a7 elementor-widget elementor-widget-heading\" data-id=\"fa503a7\" data-element_type=\"widget\" data-e-type=\"widget\" data-widget_type=\"heading.default\">\n\t\t\t\t\t<h2 class=\"elementor-heading-title elementor-size-default\">La presidenta de la AEM habla del mueble en Catalunya<\/h2>\t\t\t\t<\/div>\n\t\t\t\t<div class=\"elementor-element elementor-element-58984ef elementor-widget elementor-widget-heading\" data-id=\"58984ef\" data-element_type=\"widget\" data-e-type=\"widget\" data-widget_type=\"heading.default\">\n\t\t\t\t\t<p class=\"elementor-heading-title elementor-size-default\">31 de mayo de 2023<\/p>\t\t\t\t<\/div>\n\t\t\t\t\t<\/div>\n\t\t<\/div>\n\t\t\t\t\t<\/div>\n\t\t<\/section>\n\t\t\t\t<section class=\"elementor-section elementor-top-section elementor-element elementor-element-cb886c0 elementor-section-boxed elementor-section-height-default elementor-section-height-default\" data-id=\"cb886c0\" data-element_type=\"section\" data-e-type=\"section\">\n\t\t\t\t\t\t<div class=\"elementor-container elementor-column-gap-default\">\n\t\t\t\t\t<div class=\"elementor-column elementor-col-100 elementor-top-column elementor-element elementor-element-a662abf\" data-id=\"a662abf\" data-element_type=\"column\" data-e-type=\"column\">\n\t\t\t<div class=\"elementor-widget-wrap elementor-element-populated\">\n\t\t\t\t\t\t<div class=\"elementor-element elementor-element-2809408 elementor-widget elementor-widget-image\" data-id=\"2809408\" data-element_type=\"widget\" data-e-type=\"widget\" data-widget_type=\"image.default\">\n\t\t\t\t\t\t\t\t\t\t\t\t\t\t\t<img fetchpriority=\"high\" decoding=\"async\" width=\"768\" height=\"768\" src=\"https:\/\/www.estudidelmoble.com\/wp-content\/uploads\/2023\/06\/Entrevista-Monica-Piera-Diari-de-Girona-Dominical-768x768.jpg\" class=\"attachment-medium_large size-medium_large wp-image-57745\" alt=\"\" srcset=\"https:\/\/www.estudidelmoble.com\/wp-content\/uploads\/2023\/06\/Entrevista-Monica-Piera-Diari-de-Girona-Dominical-768x768.jpg 768w, https:\/\/www.estudidelmoble.com\/wp-content\/uploads\/2023\/06\/Entrevista-Monica-Piera-Diari-de-Girona-Dominical-300x300.jpg 300w, https:\/\/www.estudidelmoble.com\/wp-content\/uploads\/2023\/06\/Entrevista-Monica-Piera-Diari-de-Girona-Dominical-1024x1024.jpg 1024w, https:\/\/www.estudidelmoble.com\/wp-content\/uploads\/2023\/06\/Entrevista-Monica-Piera-Diari-de-Girona-Dominical-150x150.jpg 150w, https:\/\/www.estudidelmoble.com\/wp-content\/uploads\/2023\/06\/Entrevista-Monica-Piera-Diari-de-Girona-Dominical-600x600.jpg 600w, https:\/\/www.estudidelmoble.com\/wp-content\/uploads\/2023\/06\/Entrevista-Monica-Piera-Diari-de-Girona-Dominical-100x100.jpg 100w, https:\/\/www.estudidelmoble.com\/wp-content\/uploads\/2023\/06\/Entrevista-Monica-Piera-Diari-de-Girona-Dominical.jpg 1200w\" sizes=\"(max-width: 768px) 100vw, 768px\" \/>\t\t\t\t\t\t\t\t\t\t\t\t\t\t\t<\/div>\n\t\t\t\t\t<\/div>\n\t\t<\/div>\n\t\t\t\t\t<\/div>\n\t\t<\/section>\n\t\t\t\t<section class=\"elementor-section elementor-top-section elementor-element elementor-element-1f60971 elementor-section-boxed elementor-section-height-default elementor-section-height-default\" data-id=\"1f60971\" data-element_type=\"section\" data-e-type=\"section\">\n\t\t\t\t\t\t<div class=\"elementor-container elementor-column-gap-default\">\n\t\t\t\t\t<div class=\"elementor-column elementor-col-100 elementor-top-column elementor-element elementor-element-9fddf07\" data-id=\"9fddf07\" data-element_type=\"column\" data-e-type=\"column\">\n\t\t\t<div class=\"elementor-widget-wrap elementor-element-populated\">\n\t\t\t\t\t\t<div class=\"elementor-element elementor-element-656fb7c elementor-widget elementor-widget-text-editor\" data-id=\"656fb7c\" data-element_type=\"widget\" data-e-type=\"widget\" data-widget_type=\"text-editor.default\">\n\t\t\t\t\t\t\t\t\t<p>El domingo 28 de mayo el Dominical del Diari de Girona public\u00f3 una entrevista a M\u00f3nica Piera, la presidenta de la Asociaci\u00f3n para el Estudio del Mueble.<\/p><p>El periodista Llu\u00eds Busquests i Grabulosa fue el encargado de hacer esta entrevista a doble p\u00e1gina, en la que se repasa la vinculaci\u00f3n de M\u00f3nica Piera con el mundo del mueble. As\u00ed, podemos trazar toda una vida dedicada a la investigaci\u00f3n del mobiliario, desde los primeros tiempos de formaci\u00f3n hasta los proyectos actuales, donde destaca el comisariado de\u00a0la exposici\u00f3n\u00a0<a href=\"https:\/\/estudidelmoble.com\/es\/proyecto-madera-mueble-sostenibilidad\/tercera-fase-reflexiones-reutilizacion-diseno-presente-y-futuro\/exposicion-joan-llor-carpintero-natural-de-olot\/\"><em><span style=\"font-size: 13.0pt; font-family: 'Source Sans Pro','sans-serif'; text-decoration: none; text-underline: none;\">Joan Llor, maestro carpintero de Olot (1742-1805)\u00a0<\/span><\/em><\/a>y las actividades paralelas dise\u00f1adas en torno a la exposici\u00f3n.<\/p><p>Por las l\u00edneas del Dominical se hace un recorrido por muchos de los proyecteos que ligan a M\u00f3nica Piera con el mobiliario. Por ejemplo, habla de la Asociaci\u00f3n para el Estudio del Mueble, que define como \u00abuna asociaci\u00f3n privada sin \u00e1nimo de lucro que se autofinancia para estudiar, poner en valor y difundir el mueble antiguo y contempor\u00e1neo as\u00ed como su \u00f3ptima conservaci\u00f3n y restauraci\u00f3n\u00bb.<\/p><p>Tambi\u00e9n se destacan algunos resultados de sus investigaciones, como la\u00a0<a href=\"https:\/\/estudidelmoble.com\/es\/el-secreter-de-josep-francesc-de-caramany-en-la-radio\/\"><span style=\"font-size: 13.0pt; font-family: 'Source Sans Pro','sans-serif';\">historia que hay detr\u00e1s del secreter de Caramany<\/span><\/a>. O el estudio\u00a0que la va llevar a escribir\u00a0<a href=\"https:\/\/estudidelmoble.com\/es\/producte\/audacia-i-delicadesa\/\"><i><span style=\"font-size: 13.0pt; font-family: 'Source Sans Pro','sans-serif';\">Aud\u00e0cia i delicadesa. El moble de Torroella de Montgr\u00ed i de l\u2019Empord\u00e0<\/span><\/i><\/a>. O la singularidad de la publicaci\u00f3n<i>\u00a0<\/i><a href=\"https:\/\/estudidelmoble.com\/es\/producte\/arraigados-en-la-tierra-es\/\"><i><span style=\"font-size: 13.0pt; font-family: 'Source Sans Pro','sans-serif';\">Arraigados en la Tierra. 30 muebles seleccionados de una colecci\u00f3n privada<\/span><\/i><\/a><i>.<\/i><\/p><p>Por supuesto, se menciona el papel de M\u00f3nica Piera como comisaria de exposiciones. Adem\u00e1s de recordar la actual muestra de Olot se recuperan para el gran p\u00fablico algunas hist\u00f3ricas, como la del\u00a0<em>Llibre de Passanties\u00a0del Gremi de Fusters de 1787<\/em>, a partir del hallazgo documental hecho por la presidenta de la AEM. Tambi\u00e9n\u00a0la de\u00a0<i>Dec\u00f2rum. Vestir la casa para la ocasi\u00f3n<\/i>, en el\u00a0<a href=\"https:\/\/cdmt.cat\/es\/\" target=\"_blank\" rel=\"noopener\"><span style=\"font-size: 13.0pt; font-family: 'Source Sans Pro','sans-serif';\">Centro de Documentaci\u00f3n y Museo Textil de Terrassa<\/span><\/a>, de la que queda\u00a0<a href=\"https:\/\/estudidelmoble.com\/es\/producte\/decorum-vestir-la-casa-para-la-ocasion\/\"><span style=\"font-size: 13.0pt; font-family: 'Source Sans Pro','sans-serif';\">una extraordinaria publicaci\u00f3n<\/span><\/a>.<\/p><p>Sin duda, esta entrevista ha permitido que muchos lectores y lectoras del Diari de Girona puedan darse cuenta de la importancia del mobiliario en nuestra sociedad. Y que a\u00fan hay mucho trabajo para que la ciudadan\u00eda pueda valorar estas piezas de nuestra historia.<\/p>\t\t\t\t\t\t\t\t<\/div>\n\t\t\t\t\t<\/div>\n\t\t<\/div>\n\t\t\t\t\t<\/div>\n\t\t<\/section>\n\t\t\t\t<section class=\"elementor-section elementor-top-section elementor-element elementor-element-91c460d elementor-section-boxed elementor-section-height-default elementor-section-height-default\" data-id=\"91c460d\" data-element_type=\"section\" data-e-type=\"section\">\n\t\t\t\t\t\t<div class=\"elementor-container elementor-column-gap-default\">\n\t\t\t\t\t<div class=\"elementor-column elementor-col-100 elementor-top-column elementor-element elementor-element-00d7501\" data-id=\"00d7501\" data-element_type=\"column\" data-e-type=\"column\">\n\t\t\t<div class=\"elementor-widget-wrap elementor-element-populated\">\n\t\t\t\t\t\t<div class=\"elementor-element elementor-element-2def5f7 elementor-widget elementor-widget-text-editor\" data-id=\"2def5f7\" data-element_type=\"widget\" data-e-type=\"widget\" data-widget_type=\"text-editor.default\">\n\t\t\t\t\t\t\t\t\t<p>Aqu\u00ed puedes leer la entrevista completa<br \/>del Dominical del Diari de Girona<\/p>\t\t\t\t\t\t\t\t<\/div>\n\t\t\t\t<div class=\"elementor-element elementor-element-487916c elementor-align-center elementor-widget elementor-widget-button\" data-id=\"487916c\" data-element_type=\"widget\" data-e-type=\"widget\" data-widget_type=\"button.default\">\n\t\t\t\t\t\t\t\t\t\t<a class=\"elementor-button elementor-button-link elementor-size-sm\" href=\"https:\/\/www.estudidelmoble.com\/wp-content\/uploads\/2023\/06\/Entrevista-Monica-Piera-Diari-de-Girona-Dominical.jpg\" target=\"_blank\">\n\t\t\t\t\t\t<span class=\"elementor-button-content-wrapper\">\n\t\t\t\t\t\t\t\t\t<span class=\"elementor-button-text\">Lee la entrevista<\/span>\n\t\t\t\t\t<\/span>\n\t\t\t\t\t<\/a>\n\t\t\t\t\t\t\t\t<\/div>\n\t\t\t\t\t<\/div>\n\t\t<\/div>\n\t\t\t\t\t<\/div>\n\t\t<\/section>\n\t\t\t\t<section class=\"elementor-section elementor-top-section elementor-element elementor-element-b230833 elementor-section-boxed elementor-section-height-default elementor-section-height-default\" data-id=\"b230833\" data-element_type=\"section\" data-e-type=\"section\">\n\t\t\t\t\t\t<div class=\"elementor-container elementor-column-gap-default\">\n\t\t\t\t\t<div class=\"elementor-column elementor-col-100 elementor-top-column elementor-element elementor-element-7d56f25\" data-id=\"7d56f25\" data-element_type=\"column\" data-e-type=\"column\">\n\t\t\t<div class=\"elementor-widget-wrap elementor-element-populated\">\n\t\t\t\t\t\t<div class=\"elementor-element elementor-element-8515ec9 elementor-widget elementor-widget-text-editor\" data-id=\"8515ec9\" data-element_type=\"widget\" data-e-type=\"widget\" data-widget_type=\"text-editor.default\">\n\t\t\t\t\t\t\t\t\t<p>\u00bfQuieres conocer m\u00e1s sobre la exposici\u00f3n\u00a0<em>Joan Llor, maestro carpintero de Olot (1742-1805)?\u00a0<\/em>Encontrar\u00e1s m\u00e1s informaci\u00f3n\u00a0<a href=\"https:\/\/estudidelmoble.com\/es\/proyecto-madera-mueble-sostenibilidad\/tercera-fase-reflexiones-reutilizacion-diseno-presente-y-futuro\/exposicion-joan-llor-carpintero-natural-de-olot\/\">en este enlace<\/a><\/p>\t\t\t\t\t\t\t\t<\/div>\n\t\t\t\t\t<\/div>\n\t\t<\/div>\n\t\t\t\t\t<\/div>\n\t\t<\/section>\n\t\t\t\t<\/div>\n\t\t","protected":false},"excerpt":{"rendered":"<p>Entrevista a M\u00f3nica Piera en el Dominical del Diari de Girona hablando de la exposici\u00f3n Joan Llor maestro carpintero de Olot, de la AEM, de la investigaci\u00f3n del mueble<\/p>\n","protected":false},"author":86,"featured_media":57745,"comment_status":"closed","ping_status":"closed","sticky":false,"template":"","format":"standard","meta":{"_acf_changed":false,"footnotes":""},"categories":[28,309,998,1000],"tags":[1087,388,1084],"class_list":["post-57951","post","type-post","status-publish","format-standard","has-post-thumbnail","hentry","category-blog-es","category-blog","category-premsa","category-prensa","tag-maderas-es","tag-prensa-es","tag-proyectofms-es"],"acf":[],"_links":{"self":[{"href":"https:\/\/www.estudidelmoble.com\/es\/wp-json\/wp\/v2\/posts\/57951","targetHints":{"allow":["GET"]}}],"collection":[{"href":"https:\/\/www.estudidelmoble.com\/es\/wp-json\/wp\/v2\/posts"}],"about":[{"href":"https:\/\/www.estudidelmoble.com\/es\/wp-json\/wp\/v2\/types\/post"}],"author":[{"embeddable":true,"href":"https:\/\/www.estudidelmoble.com\/es\/wp-json\/wp\/v2\/users\/86"}],"replies":[{"embeddable":true,"href":"https:\/\/www.estudidelmoble.com\/es\/wp-json\/wp\/v2\/comments?post=57951"}],"version-history":[{"count":0,"href":"https:\/\/www.estudidelmoble.com\/es\/wp-json\/wp\/v2\/posts\/57951\/revisions"}],"wp:featuredmedia":[{"embeddable":true,"href":"https:\/\/www.estudidelmoble.com\/es\/wp-json\/wp\/v2\/media\/57745"}],"wp:attachment":[{"href":"https:\/\/www.estudidelmoble.com\/es\/wp-json\/wp\/v2\/media?parent=57951"}],"wp:term":[{"taxonomy":"category","embeddable":true,"href":"https:\/\/www.estudidelmoble.com\/es\/wp-json\/wp\/v2\/categories?post=57951"},{"taxonomy":"post_tag","embeddable":true,"href":"https:\/\/www.estudidelmoble.com\/es\/wp-json\/wp\/v2\/tags?post=57951"}],"curies":[{"name":"wp","href":"https:\/\/api.w.org\/{rel}","templated":true}]}}