{"id":58100,"date":"2023-06-30T13:02:23","date_gmt":"2023-06-30T11:02:23","guid":{"rendered":"https:\/\/www.estudidelmoble.com\/el-poblenou-ruta-por-la-arquitectura-y-la-memoria\/"},"modified":"2023-07-25T13:22:11","modified_gmt":"2023-07-25T11:22:11","slug":"el-poblenou-ruta-por-la-arquitectura-y-la-memoria","status":"publish","type":"post","link":"https:\/\/www.estudidelmoble.com\/es\/el-poblenou-ruta-por-la-arquitectura-y-la-memoria\/","title":{"rendered":"El Poblenou. Ruta por la arquitectura y la memoria"},"content":{"rendered":"\t\t<div data-elementor-type=\"wp-post\" data-elementor-id=\"58100\" class=\"elementor elementor-58100\" data-elementor-post-type=\"post\">\n\t\t\t\t\t\t<section class=\"elementor-section elementor-top-section elementor-element elementor-element-5ee75c0 elementor-section-boxed elementor-section-height-default elementor-section-height-default\" data-id=\"5ee75c0\" data-element_type=\"section\" data-e-type=\"section\">\n\t\t\t\t\t\t<div class=\"elementor-container elementor-column-gap-default\">\n\t\t\t\t\t<div class=\"elementor-column elementor-col-100 elementor-top-column elementor-element elementor-element-eb76a7c\" data-id=\"eb76a7c\" data-element_type=\"column\" data-e-type=\"column\">\n\t\t\t<div class=\"elementor-widget-wrap elementor-element-populated\">\n\t\t\t\t\t\t<div class=\"elementor-element elementor-element-af93702 elementor-widget elementor-widget-heading\" data-id=\"af93702\" data-element_type=\"widget\" data-e-type=\"widget\" data-widget_type=\"heading.default\">\n\t\t\t\t\t<h1 class=\"elementor-heading-title elementor-size-default\">Ruta el Poblenou. Arquitectura i mem\u00f2ria<\/h1>\t\t\t\t<\/div>\n\t\t\t\t<div class=\"elementor-element elementor-element-bbef421 elementor-widget elementor-widget-heading\" data-id=\"bbef421\" data-element_type=\"widget\" data-e-type=\"widget\" data-widget_type=\"heading.default\">\n\t\t\t\t\t<h2 class=\"elementor-heading-title elementor-size-default\">Amb N\u00faria Gil i Vicente de la Fuente<\/h2>\t\t\t\t<\/div>\n\t\t\t\t<div class=\"elementor-element elementor-element-7fc85f2 elementor-widget elementor-widget-heading\" data-id=\"7fc85f2\" data-element_type=\"widget\" data-e-type=\"widget\" data-widget_type=\"heading.default\">\n\t\t\t\t\t<h3 class=\"elementor-heading-title elementor-size-default\">Dissabte, 29 d'octubre a les 10.00 h.<\/h3>\t\t\t\t<\/div>\n\t\t\t\t\t<\/div>\n\t\t<\/div>\n\t\t\t\t\t<\/div>\n\t\t<\/section>\n\t\t\t\t<section class=\"elementor-section elementor-top-section elementor-element elementor-element-21bb068 elementor-section-boxed elementor-section-height-default elementor-section-height-default\" data-id=\"21bb068\" data-element_type=\"section\" data-e-type=\"section\">\n\t\t\t\t\t\t<div class=\"elementor-container elementor-column-gap-default\">\n\t\t\t\t\t<div class=\"elementor-column elementor-col-100 elementor-top-column elementor-element elementor-element-577db36\" data-id=\"577db36\" data-element_type=\"column\" data-e-type=\"column\">\n\t\t\t<div class=\"elementor-widget-wrap elementor-element-populated\">\n\t\t\t\t\t\t<div class=\"elementor-element elementor-element-715ac61 elementor-widget elementor-widget-spacer\" data-id=\"715ac61\" data-element_type=\"widget\" data-e-type=\"widget\" data-widget_type=\"spacer.default\">\n\t\t\t\t\t\t\t<div class=\"elementor-spacer\">\n\t\t\t<div class=\"elementor-spacer-inner\"><\/div>\n\t\t<\/div>\n\t\t\t\t\t\t<\/div>\n\t\t\t\t<div class=\"elementor-element elementor-element-d05e5d6 elementor-widget elementor-widget-image\" data-id=\"d05e5d6\" data-element_type=\"widget\" data-e-type=\"widget\" data-widget_type=\"image.default\">\n\t\t\t\t\t\t\t\t\t\t\t\t\t\t\t<img fetchpriority=\"high\" decoding=\"async\" width=\"768\" height=\"768\" src=\"https:\/\/www.estudidelmoble.com\/wp-content\/uploads\/2022\/01\/bon-nadal-cuadrada-768x768.jpg\" class=\"attachment-medium_large size-medium_large wp-image-36981\" alt=\"\" srcset=\"https:\/\/www.estudidelmoble.com\/wp-content\/uploads\/2022\/01\/bon-nadal-cuadrada-768x768.jpg 768w, https:\/\/www.estudidelmoble.com\/wp-content\/uploads\/2022\/01\/bon-nadal-cuadrada-300x300.jpg 300w, https:\/\/www.estudidelmoble.com\/wp-content\/uploads\/2022\/01\/bon-nadal-cuadrada-1024x1024.jpg 1024w, https:\/\/www.estudidelmoble.com\/wp-content\/uploads\/2022\/01\/bon-nadal-cuadrada-150x150.jpg 150w, https:\/\/www.estudidelmoble.com\/wp-content\/uploads\/2022\/01\/bon-nadal-cuadrada-1536x1536.jpg 1536w, https:\/\/www.estudidelmoble.com\/wp-content\/uploads\/2022\/01\/bon-nadal-cuadrada-600x600.jpg 600w, https:\/\/www.estudidelmoble.com\/wp-content\/uploads\/2022\/01\/bon-nadal-cuadrada-100x100.jpg 100w, https:\/\/www.estudidelmoble.com\/wp-content\/uploads\/2022\/01\/bon-nadal-cuadrada.jpg 1939w\" sizes=\"(max-width: 768px) 100vw, 768px\" \/>\t\t\t\t\t\t\t\t\t\t\t\t\t\t\t<\/div>\n\t\t\t\t<div class=\"elementor-element elementor-element-71f06a9 elementor-widget elementor-widget-heading\" data-id=\"71f06a9\" data-element_type=\"widget\" data-e-type=\"widget\" data-widget_type=\"heading.default\">\n\t\t\t\t\t<p class=\"elementor-heading-title elementor-size-default\">Activitat gratu\u00efta amb inscripci\u00f3 pr\u00e8via. <br \/>Duraci\u00f3 aproximada: 75 minuts\n<\/p>\t\t\t\t<\/div>\n\t\t\t\t<div class=\"elementor-element elementor-element-43be064 elementor-widget elementor-widget-read-more\" data-id=\"43be064\" data-element_type=\"widget\" data-e-type=\"widget\" data-widget_type=\"read-more.default\">\n\t\t\t\t\t<\/div><\/div><\/div><\/div><\/section><\/div> <a href=\"https:\/\/www.estudidelmoble.com\/es\/el-poblenou-ruta-por-la-arquitectura-y-la-memoria\/#more-58100\" class=\"more-link elementor-more-link\"><span aria-label=\"Sigue leyendo El Poblenou. Ruta por la arquitectura y la memoria\">Continua llegint<\/span><\/a>","protected":false},"excerpt":{"rendered":"<p>Visita al barri del Poblenou on convivien cases per obrers i menestrals, f\u00e0briques i monuments funeraris dissenyats per importants arquitectes.<\/p>\n","protected":false},"author":458,"featured_media":36981,"comment_status":"closed","ping_status":"closed","sticky":false,"template":"","format":"standard","meta":{"_acf_changed":false,"footnotes":""},"categories":[28,296],"tags":[312,1090,1071,410],"class_list":["post-58100","post","type-post","status-publish","format-standard","has-post-thumbnail","hentry","category-blog-es","category-visitas-guiadas","tag-arquitectura-es","tag-barcelona-es","tag-s-xix-es","tag-s-xx-es"],"acf":[],"_links":{"self":[{"href":"https:\/\/www.estudidelmoble.com\/es\/wp-json\/wp\/v2\/posts\/58100","targetHints":{"allow":["GET"]}}],"collection":[{"href":"https:\/\/www.estudidelmoble.com\/es\/wp-json\/wp\/v2\/posts"}],"about":[{"href":"https:\/\/www.estudidelmoble.com\/es\/wp-json\/wp\/v2\/types\/post"}],"author":[{"embeddable":true,"href":"https:\/\/www.estudidelmoble.com\/es\/wp-json\/wp\/v2\/users\/458"}],"replies":[{"embeddable":true,"href":"https:\/\/www.estudidelmoble.com\/es\/wp-json\/wp\/v2\/comments?post=58100"}],"version-history":[{"count":0,"href":"https:\/\/www.estudidelmoble.com\/es\/wp-json\/wp\/v2\/posts\/58100\/revisions"}],"wp:featuredmedia":[{"embeddable":true,"href":"https:\/\/www.estudidelmoble.com\/es\/wp-json\/wp\/v2\/media\/36981"}],"wp:attachment":[{"href":"https:\/\/www.estudidelmoble.com\/es\/wp-json\/wp\/v2\/media?parent=58100"}],"wp:term":[{"taxonomy":"category","embeddable":true,"href":"https:\/\/www.estudidelmoble.com\/es\/wp-json\/wp\/v2\/categories?post=58100"},{"taxonomy":"post_tag","embeddable":true,"href":"https:\/\/www.estudidelmoble.com\/es\/wp-json\/wp\/v2\/tags?post=58100"}],"curies":[{"name":"wp","href":"https:\/\/api.w.org\/{rel}","templated":true}]}}