{"id":58611,"date":"2023-07-25T12:19:32","date_gmt":"2023-07-25T10:19:32","guid":{"rendered":"https:\/\/www.estudidelmoble.com\/la-aem-gana-el-premio-investiga-coleccion-banco-santander\/"},"modified":"2023-07-26T12:44:05","modified_gmt":"2023-07-26T10:44:05","slug":"la-aem-gana-el-premio-investiga-coleccion-banco-santander","status":"publish","type":"post","link":"https:\/\/www.estudidelmoble.com\/es\/la-aem-gana-el-premio-investiga-coleccion-banco-santander\/","title":{"rendered":"La AEM gana el premio Investiga Colecci\u00f3n Banco Santander"},"content":{"rendered":"\t\t<div data-elementor-type=\"wp-post\" data-elementor-id=\"58611\" class=\"elementor elementor-58611 elementor-58589\" data-elementor-post-type=\"post\">\n\t\t\t\t\t\t<section class=\"elementor-section elementor-top-section elementor-element elementor-element-928a414 elementor-section-boxed elementor-section-height-default elementor-section-height-default\" data-id=\"928a414\" data-element_type=\"section\" data-e-type=\"section\">\n\t\t\t\t\t\t<div class=\"elementor-container elementor-column-gap-default\">\n\t\t\t\t\t<div class=\"elementor-column elementor-col-100 elementor-top-column elementor-element elementor-element-05ea070\" data-id=\"05ea070\" data-element_type=\"column\" data-e-type=\"column\">\n\t\t\t<div class=\"elementor-widget-wrap elementor-element-populated\">\n\t\t\t\t\t\t<div class=\"elementor-element elementor-element-084379f elementor-widget elementor-widget-heading\" data-id=\"084379f\" data-element_type=\"widget\" data-e-type=\"widget\" data-widget_type=\"heading.default\">\n\t\t\t\t\t<h1 class=\"elementor-heading-title elementor-size-default\">L'AEM guanya el premi INVESTIGA Colecci\u00f3n Banco Santander<\/h1>\t\t\t\t<\/div>\n\t\t\t\t<div class=\"elementor-element elementor-element-7041904 elementor-widget elementor-widget-heading\" data-id=\"7041904\" data-element_type=\"widget\" data-e-type=\"widget\" data-widget_type=\"heading.default\">\n\t\t\t\t\t<h2 class=\"elementor-heading-title elementor-size-default\">Estudi dels objectes quotidians de les pintures de Guti\u00e9rrez Solana<\/h2>\t\t\t\t<\/div>\n\t\t\t\t\t<\/div>\n\t\t<\/div>\n\t\t\t\t\t<\/div>\n\t\t<\/section>\n\t\t\t\t<section class=\"elementor-section elementor-top-section elementor-element elementor-element-a65e863 elementor-section-boxed elementor-section-height-default elementor-section-height-default\" data-id=\"a65e863\" data-element_type=\"section\" data-e-type=\"section\">\n\t\t\t\t\t\t<div class=\"elementor-container elementor-column-gap-default\">\n\t\t\t\t\t<div class=\"elementor-column elementor-col-100 elementor-top-column elementor-element elementor-element-55d2947\" data-id=\"55d2947\" data-element_type=\"column\" data-e-type=\"column\">\n\t\t\t<div class=\"elementor-widget-wrap elementor-element-populated\">\n\t\t\t\t\t\t<div class=\"elementor-element elementor-element-295e93d elementor-widget elementor-widget-image\" data-id=\"295e93d\" data-element_type=\"widget\" data-e-type=\"widget\" data-widget_type=\"image.default\">\n\t\t\t\t\t\t\t\t\t\t\t\t\t\t\t<img fetchpriority=\"high\" decoding=\"async\" width=\"768\" height=\"513\" src=\"https:\/\/www.estudidelmoble.com\/wp-content\/uploads\/2023\/07\/Fundacion-Banco-Santander-Gutierrez-Solana-768x513.jpg\" class=\"attachment-medium_large size-medium_large wp-image-58594\" alt=\"Guti\u00e9rrez Solana Colecci\u00f3n Fundaci\u00f3n Banco Santander\" srcset=\"https:\/\/www.estudidelmoble.com\/wp-content\/uploads\/2023\/07\/Fundacion-Banco-Santander-Gutierrez-Solana-768x513.jpg 768w, https:\/\/www.estudidelmoble.com\/wp-content\/uploads\/2023\/07\/Fundacion-Banco-Santander-Gutierrez-Solana-300x200.jpg 300w, https:\/\/www.estudidelmoble.com\/wp-content\/uploads\/2023\/07\/Fundacion-Banco-Santander-Gutierrez-Solana-1024x684.jpg 1024w, https:\/\/www.estudidelmoble.com\/wp-content\/uploads\/2023\/07\/Fundacion-Banco-Santander-Gutierrez-Solana-1536x1025.jpg 1536w, https:\/\/www.estudidelmoble.com\/wp-content\/uploads\/2023\/07\/Fundacion-Banco-Santander-Gutierrez-Solana-2048x1367.jpg 2048w, https:\/\/www.estudidelmoble.com\/wp-content\/uploads\/2023\/07\/Fundacion-Banco-Santander-Gutierrez-Solana-600x401.jpg 600w\" sizes=\"(max-width: 768px) 100vw, 768px\" \/>\t\t\t\t\t\t\t\t\t\t\t\t\t\t\t<\/div>\n\t\t\t\t<div class=\"elementor-element elementor-element-6d04412 elementor-widget elementor-widget-text-editor\" data-id=\"6d04412\" data-element_type=\"widget\" data-e-type=\"widget\" data-widget_type=\"text-editor.default\">\n\t\t\t\t\t\t\t\t\t<p>Fotografia de les obres de la Colecci\u00f3n Banco Santander<\/p>\t\t\t\t\t\t\t\t<\/div>\n\t\t\t\t\t<\/div>\n\t\t<\/div>\n\t\t\t\t\t<\/div>\n\t\t<\/section>\n\t\t\t\t<section class=\"elementor-section elementor-top-section elementor-element elementor-element-94de665 elementor-section-boxed elementor-section-height-default elementor-section-height-default\" data-id=\"94de665\" data-element_type=\"section\" data-e-type=\"section\">\n\t\t\t\t\t\t<div class=\"elementor-container elementor-column-gap-default\">\n\t\t\t\t\t<div class=\"elementor-column elementor-col-100 elementor-top-column elementor-element elementor-element-42e7ee2\" data-id=\"42e7ee2\" data-element_type=\"column\" data-e-type=\"column\">\n\t\t\t<div class=\"elementor-widget-wrap elementor-element-populated\">\n\t\t\t\t\t\t<div class=\"elementor-element elementor-element-f914a5c elementor-widget elementor-widget-spacer\" data-id=\"f914a5c\" data-element_type=\"widget\" data-e-type=\"widget\" data-widget_type=\"spacer.default\">\n\t\t\t\t\t\t\t<div class=\"elementor-spacer\">\n\t\t\t<div class=\"elementor-spacer-inner\"><\/div>\n\t\t<\/div>\n\t\t\t\t\t\t<\/div>\n\t\t\t\t\t<\/div>\n\t\t<\/div>\n\t\t\t\t\t<\/div>\n\t\t<\/section>\n\t\t\t\t<section class=\"elementor-section elementor-top-section elementor-element elementor-element-949e30b elementor-section-boxed elementor-section-height-default elementor-section-height-default\" data-id=\"949e30b\" data-element_type=\"section\" data-e-type=\"section\">\n\t\t\t\t\t\t<div class=\"elementor-container elementor-column-gap-default\">\n\t\t\t\t\t<div class=\"elementor-column elementor-col-100 elementor-top-column elementor-element elementor-element-c851201\" data-id=\"c851201\" data-element_type=\"column\" data-e-type=\"column\">\n\t\t\t<div class=\"elementor-widget-wrap elementor-element-populated\">\n\t\t\t\t\t\t<div class=\"elementor-element elementor-element-d8d8ad2 elementor-widget elementor-widget-text-editor\" data-id=\"d8d8ad2\" data-element_type=\"widget\" data-e-type=\"widget\" data-widget_type=\"text-editor.default\">\n\t\t\t\t\t\t\t\t\t<p>L\u2019Associaci\u00f3 per a l\u2019Estudi del Moble (AEM) ha resultat guanyadora de la <a href=\"https:\/\/www.fundacionbancosantander.com\/es\/cultura\/investiga-coleccion-banco-santander\" target=\"_blank\" rel=\"noopener\">segona convocat\u00f2ria del programa INVESTIGA Colecci\u00f3n Banco Santander de la Fundaci\u00f3n Banco Santander<\/a>. El nostre projecte <em>El universo inmaterial de las pinturas de Jos\u00e9 Guti\u00e9rrez Solana de la colecci\u00f3n Banco Santander<\/em> ha estat un dels dos premiats per aquesta entitat.<\/p><p>El comit\u00e8 de selecci\u00f3 de candidats, format per prestigioses personalitats del m\u00f3n dels museus, les universitats i les galeries, ha especificat a la resoluci\u00f3 que \u201cha valorado la trayectoria de la Asociaci\u00f3n, as\u00ed como los solventes curr\u00edculos de los miembros encargados de llevar a cabo esta investigaci\u00f3n\u201d. La presidenta de l\u2019AEM, M\u00f3nica Piera, liderar\u00e0 un equip on participaran Montse Morgades i Ivette Vilalta, totes dues membres de la Junta i amb experi\u00e8ncia en catalogacions i estudis acad\u00e8mics.<\/p><h3>Estudi dels objectes dels quadres de Guti\u00e9rrez Solana<\/h3><p>El projecte d\u2019investigaci\u00f3 t\u00e9 com a objectiu analitzar els objectes i mobles de disset pintures de Jos\u00e9 Guti\u00e9rrez Solana de la col\u00b7lecci\u00f3 Banco Santander. Aquest artista, un dels referents de l\u2019art espanyol de la primera meitat del segle XX amb obres tan conegudes com <a href=\"https:\/\/www.museoreinasofia.es\/coleccion\/obra\/tertulia-cafe-pombo\" target=\"_blank\" rel=\"noopener\"><i>La tertulia del Caf\u00e8 de Pombo<\/i><\/a><em>\u00a0<\/em>(1920), \u00e9s un gran creador d\u2019escenaris on es situen els personatges protagonistes. Aix\u00ed ho podem veure en obres del cat\u00e0leg que estudiarem, com <a href=\"https:\/\/www.fundacionbancosantander.com\/es\/cultura\/arte\/coleccion-banco-santander\/el-bibliofilo\" target=\"_blank\" rel=\"noopener\"><em>El bibli\u00f3filo<\/em><\/a> o <a href=\"https:\/\/www.fundacionbancosantander.com\/es\/cultura\/arte\/coleccion-banco-santander\/el-capitan-mercante\" target=\"_blank\" rel=\"noopener\"><em>El capit\u00e1n de barco mercante<\/em><\/a>, on els mobles i els estris s\u00f3n elements essencials per crear un ambient prec\u00eds en cada obra i ajuden a definir les atmosferes tan personals i contundents, amb un context temporal i geogr\u00e0fic reconeixible.<\/p><p>L\u2019estudi de l\u2019AEM es centra en aquest univers pl\u00e0stic d\u2019objectes quotidians, artesans, tradicionals, que durant molt temps es van considerar arts menors: des de un c\u00e0ntir a la caixa de cigars, del llibre a les cadires de Vitoria. En la investigaci\u00f3 que uneix pintura, arts decoratives i etnografia identificarem els objectes, els catalogarem segons \u00e8poca i lloc de proced\u00e8ncia, s\u2019estudiaran dins del seu context hist\u00f2ric i, finalment, es relacionaran amb l\u2019obra del pintor. A m\u00e9s, es presentaran exemples d\u2019altres objectes similars que es conserven en col\u00b7leccions p\u00fabliques o privades.<\/p><p>Volem agrair a la Fundaci\u00f3 Santander la confian\u00e7a en aquesta investigaci\u00f3, que sense dubte oferir\u00e0 una nova visi\u00f3 de la pintura de Jos\u00e9 Guti\u00e9rrez Solana.<\/p>\t\t\t\t\t\t\t\t<\/div>\n\t\t\t\t\t<\/div>\n\t\t<\/div>\n\t\t\t\t\t<\/div>\n\t\t<\/section>\n\t\t\t\t<\/div>\n\t\t","protected":false},"excerpt":{"rendered":"<p>La AEM gana el premio Investiga Colecci\u00f3n Banco Santander para estudiar los objetos comunes pintados en los cuadros de Guti\u00e9rrez Solana<\/p>\n","protected":false},"author":458,"featured_media":58591,"comment_status":"closed","ping_status":"closed","sticky":false,"template":"","format":"standard","meta":{"_acf_changed":false,"footnotes":""},"categories":[28],"tags":[1140],"class_list":["post-58611","post","type-post","status-publish","format-standard","has-post-thumbnail","hentry","category-blog-es","tag-instagram-es"],"acf":[],"_links":{"self":[{"href":"https:\/\/www.estudidelmoble.com\/es\/wp-json\/wp\/v2\/posts\/58611","targetHints":{"allow":["GET"]}}],"collection":[{"href":"https:\/\/www.estudidelmoble.com\/es\/wp-json\/wp\/v2\/posts"}],"about":[{"href":"https:\/\/www.estudidelmoble.com\/es\/wp-json\/wp\/v2\/types\/post"}],"author":[{"embeddable":true,"href":"https:\/\/www.estudidelmoble.com\/es\/wp-json\/wp\/v2\/users\/458"}],"replies":[{"embeddable":true,"href":"https:\/\/www.estudidelmoble.com\/es\/wp-json\/wp\/v2\/comments?post=58611"}],"version-history":[{"count":0,"href":"https:\/\/www.estudidelmoble.com\/es\/wp-json\/wp\/v2\/posts\/58611\/revisions"}],"wp:featuredmedia":[{"embeddable":true,"href":"https:\/\/www.estudidelmoble.com\/es\/wp-json\/wp\/v2\/media\/58591"}],"wp:attachment":[{"href":"https:\/\/www.estudidelmoble.com\/es\/wp-json\/wp\/v2\/media?parent=58611"}],"wp:term":[{"taxonomy":"category","embeddable":true,"href":"https:\/\/www.estudidelmoble.com\/es\/wp-json\/wp\/v2\/categories?post=58611"},{"taxonomy":"post_tag","embeddable":true,"href":"https:\/\/www.estudidelmoble.com\/es\/wp-json\/wp\/v2\/tags?post=58611"}],"curies":[{"name":"wp","href":"https:\/\/api.w.org\/{rel}","templated":true}]}}