{"id":58834,"date":"2023-08-30T14:29:20","date_gmt":"2023-08-30T12:29:20","guid":{"rendered":"https:\/\/www.estudidelmoble.com\/la-aem-en-el-iv-congreso-iberoamericano-de-historia-del-mueble\/"},"modified":"2023-09-06T12:37:49","modified_gmt":"2023-09-06T10:37:49","slug":"la-aem-en-el-iv-congreso-iberoamericano-de-historia-del-mueble","status":"publish","type":"post","link":"https:\/\/www.estudidelmoble.com\/es\/la-aem-en-el-iv-congreso-iberoamericano-de-historia-del-mueble\/","title":{"rendered":"La AEM en el IV Congreso Iberoamericano de Historia del Mueble"},"content":{"rendered":"\t\t<div data-elementor-type=\"wp-post\" data-elementor-id=\"58834\" class=\"elementor elementor-58834 elementor-58767\" data-elementor-post-type=\"post\">\n\t\t\t\t\t\t<section class=\"elementor-section elementor-top-section elementor-element elementor-element-0e6c248 elementor-section-boxed elementor-section-height-default elementor-section-height-default\" data-id=\"0e6c248\" data-element_type=\"section\" data-e-type=\"section\">\n\t\t\t\t\t\t<div class=\"elementor-container elementor-column-gap-default\">\n\t\t\t\t\t<div class=\"elementor-column elementor-col-100 elementor-top-column elementor-element elementor-element-e6a0806\" data-id=\"e6a0806\" data-element_type=\"column\" data-e-type=\"column\">\n\t\t\t<div class=\"elementor-widget-wrap elementor-element-populated\">\n\t\t\t\t\t\t<div class=\"elementor-element elementor-element-d9b7ba6 elementor-widget elementor-widget-heading\" data-id=\"d9b7ba6\" data-element_type=\"widget\" data-e-type=\"widget\" data-widget_type=\"heading.default\">\n\t\t\t\t\t<h1 class=\"elementor-heading-title elementor-size-default\">La AEM en l IV Congreso Iberoamericano de Historia del Mueble<\/h1>\t\t\t\t<\/div>\n\t\t\t\t<div class=\"elementor-element elementor-element-b74ea71 elementor-widget elementor-widget-heading\" data-id=\"b74ea71\" data-element_type=\"widget\" data-e-type=\"widget\" data-widget_type=\"heading.default\">\n\t\t\t\t\t<p class=\"elementor-heading-title elementor-size-default\">Ponencia magistral de M\u00f3nica Piera, presidenta de la AEM<\/p>\t\t\t\t<\/div>\n\t\t\t\t\t<\/div>\n\t\t<\/div>\n\t\t\t\t\t<\/div>\n\t\t<\/section>\n\t\t\t\t<section class=\"elementor-section elementor-top-section elementor-element elementor-element-17d18f3 elementor-section-boxed elementor-section-height-default elementor-section-height-default\" data-id=\"17d18f3\" data-element_type=\"section\" data-e-type=\"section\">\n\t\t\t\t\t\t<div class=\"elementor-container elementor-column-gap-default\">\n\t\t\t\t\t<div class=\"elementor-column elementor-col-100 elementor-top-column elementor-element elementor-element-3331333\" data-id=\"3331333\" data-element_type=\"column\" data-e-type=\"column\">\n\t\t\t<div class=\"elementor-widget-wrap elementor-element-populated\">\n\t\t\t\t\t\t<div class=\"elementor-element elementor-element-689c009 elementor-widget elementor-widget-image\" data-id=\"689c009\" data-element_type=\"widget\" data-e-type=\"widget\" data-widget_type=\"image.default\">\n\t\t\t\t\t\t\t\t\t\t\t\t\t\t\t<img fetchpriority=\"high\" decoding=\"async\" width=\"402\" height=\"402\" src=\"https:\/\/www.estudidelmoble.com\/wp-content\/uploads\/2023\/08\/IV-Congreso-Iberoamericano-de-Historia-del-Mueble-cadira.jpg\" class=\"attachment-medium_large size-medium_large wp-image-58772\" alt=\"IV Congreso Iberoamericano de Historia del Mueble\" srcset=\"https:\/\/www.estudidelmoble.com\/wp-content\/uploads\/2023\/08\/IV-Congreso-Iberoamericano-de-Historia-del-Mueble-cadira.jpg 402w, https:\/\/www.estudidelmoble.com\/wp-content\/uploads\/2023\/08\/IV-Congreso-Iberoamericano-de-Historia-del-Mueble-cadira-300x300.jpg 300w, https:\/\/www.estudidelmoble.com\/wp-content\/uploads\/2023\/08\/IV-Congreso-Iberoamericano-de-Historia-del-Mueble-cadira-150x150.jpg 150w, https:\/\/www.estudidelmoble.com\/wp-content\/uploads\/2023\/08\/IV-Congreso-Iberoamericano-de-Historia-del-Mueble-cadira-100x100.jpg 100w\" sizes=\"(max-width: 402px) 100vw, 402px\" \/>\t\t\t\t\t\t\t\t\t\t\t\t\t\t\t<\/div>\n\t\t\t\t<div class=\"elementor-element elementor-element-e43a244 elementor-widget elementor-widget-text-editor\" data-id=\"e43a244\" data-element_type=\"widget\" data-e-type=\"widget\" data-widget_type=\"text-editor.default\">\n\t\t\t\t\t\t\t\t\t<p>Imagen: Detalle de \u00abEl juez don Esteban de Guzm\u00e1n frente al virrey don Luis de Velasco\u201d. C\u00f3dice Osuna.1563-65.\u00a0<span style=\"background-color: var( --e-global-color-9896240 );\">Biblioteca Nacional de Madrid<\/span><\/p>\t\t\t\t\t\t\t\t<\/div>\n\t\t\t\t\t<\/div>\n\t\t<\/div>\n\t\t\t\t\t<\/div>\n\t\t<\/section>\n\t\t\t\t<section class=\"elementor-section elementor-top-section elementor-element elementor-element-712b378 elementor-section-boxed elementor-section-height-default elementor-section-height-default\" data-id=\"712b378\" data-element_type=\"section\" data-e-type=\"section\">\n\t\t\t\t\t\t<div class=\"elementor-container elementor-column-gap-default\">\n\t\t\t\t\t<div class=\"elementor-column elementor-col-100 elementor-top-column elementor-element elementor-element-e09ed6b\" data-id=\"e09ed6b\" data-element_type=\"column\" data-e-type=\"column\">\n\t\t\t<div class=\"elementor-widget-wrap elementor-element-populated\">\n\t\t\t\t\t\t<div class=\"elementor-element elementor-element-b294b99 elementor-widget elementor-widget-text-editor\" data-id=\"b294b99\" data-element_type=\"widget\" data-e-type=\"widget\" data-widget_type=\"text-editor.default\">\n\t\t\t\t\t\t\t\t\t<p><span style=\"background-color: var( --e-global-color-9896240 );\">La presidenta de la AEM, M\u00f3nica Piera, estar\u00e1 presente en el <\/span><a href=\"https:\/\/www.esteticas.unam.mx\/iv-congreso-iberoamericano#:~:text=La%20cuarta%20edici%C3%B3n%20del%20Congreso,8%20de%20septiembre%20de%202023.\" target=\"_blank\" rel=\"noopener\">IV Congreso Iberoamericano de Historia del Mueble<\/a><span style=\"background-color: var( --e-global-color-9896240 );\">.<br \/>Conexiones II, que se celebrar\u00e1 del 5 al 8 de setiembre de 2023 en Ciudad de M\u00e9xico, en el Museo Franz Mayer. Despu\u00e9s de que la AEM haya organizado el <\/span><a href=\"https:\/\/www.congresoestudiodelmueble.com\/\" target=\"_blank\" rel=\"noopener\">III Congreso <\/a><span style=\"background-color: var( --e-global-color-9896240 );\">los a\u00f1os 2020 y 2021, el Instituto de Investigaciones Est\u00e9ticas de la Universidad Nacional Aut\u00f3noma de M\u00e9xico se ocupar\u00e1 de dirigir este imprescindible evento acad\u00e9mico en torno al mueble.<\/span><\/p><h3>Programa del IV Congreso Iberoamericano de Historia del Mueble<\/h3><p>Para consultar el programa del IV Congreso Iberoamericano de Historia del Mueble s\u00f3lo ten\u00e9is que clicar <a href=\"https:\/\/www.estudidelmoble.com\/wp-content\/uploads\/2023\/07\/Programa-del-IV-Congreso-Iberoamericano-de-la-Historia-del-Mueble.pdf\" target=\"_blank\" rel=\"noopener\">en este enlace<\/a>. Las conferencias se han ordenado en cinco mesas tem\u00e1ticas que engloban aspectos diversos de las investigaciones como la arquitectura y el dise\u00f1o, el mobiliario de los <em><span style=\"font-style: normal; mso-bidi-font-style: italic;\">virreinatos<\/span><\/em> o el comercio y la producci\u00f3n de mueble, entre otros.<\/p><p>El comit\u00e9 cient\u00edfico internacional del congreso ha contado por parte espa\u00f1ola con M\u00f3nica Piera y Ana Mar\u00eda Fern\u00e1ndez Garc\u00eda, de la Universidad de Oviedo, que tambi\u00e9n es socia de la AEM.\u00a0<\/p><p>Adem\u00e1s, la presidenta de la AEM, M\u00f3nica Piera, abrir\u00e1 el congreso con la ponencia magistral \u201cMuebles con marqueter\u00eda de Antoine Seux en Girona de \u00e9poca Carlos IV\u201d el d\u00eda 5 de setiembre a las 10:15 horas locales (que ser\u00e1n las 18:15 en Espa\u00f1a). Uno de estos muebles fue protagonista de un programa <a href=\"https:\/\/www.estudidelmoble.com\/el-secreter-de-josep-francesc-de-caramany-a-la-radio\/\" target=\"_blank\" rel=\"noopener\"><em><span style=\"color: blue;\">En gu\u00e0rdia!<\/span><\/em> de Catalunya R\u00e0dio, que pod\u00e9s escuchar aqu\u00ed<\/a>.<\/p><h3>Sigue el Congreso Iberoamericano gratuitamente<\/h3><p>Pod\u00e9is seguir las conferencias en vuestra pantalla <a href=\"https:\/\/www.youtube.com\/@iieunam\" target=\"_blank\" rel=\"noopener\">en el canal de YouTube de la organizaci\u00f3n<\/a> si os registr\u00e1is de manera gratuita <a href=\"https:\/\/docs.google.com\/forms\/d\/e\/1FAIpQLSf_Tg-J_XGrDBwIaGm9i5S3p_XvblHxrPMCKP5gTiyraU1WYw\/viewform\" target=\"_blank\" rel=\"noopener\">AQU\u00cd<\/a>. Recordad que, si lo segu\u00eds desde Espa\u00f1a, ten\u00e9is que sumar 8 horas al horario oficial del programa de M\u00e9xico D.F.<\/p>\t\t\t\t\t\t\t\t<\/div>\n\t\t\t\t\t<\/div>\n\t\t<\/div>\n\t\t\t\t\t<\/div>\n\t\t<\/section>\n\t\t\t\t<\/div>\n\t\t","protected":false},"excerpt":{"rendered":"<p>La AEM en el IV Congreso Iberoamericano de Historia del Mueble con la presencia de M\u00f3nica Piera en la ponencia magistral<\/p>\n","protected":false},"author":458,"featured_media":58772,"comment_status":"closed","ping_status":"closed","sticky":false,"template":"","format":"standard","meta":{"_acf_changed":false,"footnotes":""},"categories":[309],"tags":[778,1085,1086],"class_list":["post-58834","post","type-post","status-publish","format-standard","has-post-thumbnail","hentry","category-blog","tag-congreso-es","tag-historiadelmueble-es","tag-investigacion-es"],"acf":[],"_links":{"self":[{"href":"https:\/\/www.estudidelmoble.com\/es\/wp-json\/wp\/v2\/posts\/58834","targetHints":{"allow":["GET"]}}],"collection":[{"href":"https:\/\/www.estudidelmoble.com\/es\/wp-json\/wp\/v2\/posts"}],"about":[{"href":"https:\/\/www.estudidelmoble.com\/es\/wp-json\/wp\/v2\/types\/post"}],"author":[{"embeddable":true,"href":"https:\/\/www.estudidelmoble.com\/es\/wp-json\/wp\/v2\/users\/458"}],"replies":[{"embeddable":true,"href":"https:\/\/www.estudidelmoble.com\/es\/wp-json\/wp\/v2\/comments?post=58834"}],"version-history":[{"count":0,"href":"https:\/\/www.estudidelmoble.com\/es\/wp-json\/wp\/v2\/posts\/58834\/revisions"}],"wp:featuredmedia":[{"embeddable":true,"href":"https:\/\/www.estudidelmoble.com\/es\/wp-json\/wp\/v2\/media\/58772"}],"wp:attachment":[{"href":"https:\/\/www.estudidelmoble.com\/es\/wp-json\/wp\/v2\/media?parent=58834"}],"wp:term":[{"taxonomy":"category","embeddable":true,"href":"https:\/\/www.estudidelmoble.com\/es\/wp-json\/wp\/v2\/categories?post=58834"},{"taxonomy":"post_tag","embeddable":true,"href":"https:\/\/www.estudidelmoble.com\/es\/wp-json\/wp\/v2\/tags?post=58834"}],"curies":[{"name":"wp","href":"https:\/\/api.w.org\/{rel}","templated":true}]}}