{"id":59688,"date":"2023-11-06T14:16:24","date_gmt":"2023-11-06T12:16:24","guid":{"rendered":"https:\/\/www.estudidelmoble.com\/?p=59688"},"modified":"2023-12-13T12:05:27","modified_gmt":"2023-12-13T10:05:27","slug":"viaje-bruselas-y-tefaf-2024","status":"publish","type":"post","link":"https:\/\/www.estudidelmoble.com\/es\/viaje-bruselas-y-tefaf-2024\/","title":{"rendered":"Viaje Bruselas y TEFAF 2024"},"content":{"rendered":"\t\t<div data-elementor-type=\"wp-post\" data-elementor-id=\"59688\" class=\"elementor elementor-59688 elementor-59647\" data-elementor-post-type=\"post\">\n\t\t\t\t\t\t<section class=\"elementor-section elementor-top-section elementor-element elementor-element-aee56c6 elementor-section-boxed elementor-section-height-default elementor-section-height-default\" data-id=\"aee56c6\" data-element_type=\"section\" data-e-type=\"section\">\n\t\t\t\t\t\t<div class=\"elementor-container elementor-column-gap-default\">\n\t\t\t\t\t<div class=\"elementor-column elementor-col-100 elementor-top-column elementor-element elementor-element-d183d94\" data-id=\"d183d94\" data-element_type=\"column\" data-e-type=\"column\">\n\t\t\t<div class=\"elementor-widget-wrap elementor-element-populated\">\n\t\t\t\t\t\t<div class=\"elementor-element elementor-element-2fc94f2 elementor-widget elementor-widget-heading\" data-id=\"2fc94f2\" data-element_type=\"widget\" data-e-type=\"widget\" data-widget_type=\"heading.default\">\n\t\t\t\t\t<h1 class=\"elementor-heading-title elementor-size-default\">Viaje a Bruselas y Feria TEFAF 2024<\/h1>\t\t\t\t<\/div>\n\t\t\t\t<div class=\"elementor-element elementor-element-45c8722 elementor-widget elementor-widget-heading\" data-id=\"45c8722\" data-element_type=\"widget\" data-e-type=\"widget\" data-widget_type=\"heading.default\">\n\t\t\t\t\t<h2 class=\"elementor-heading-title elementor-size-default\">Redescubre el Art Noveau m\u00e1s singular de  Bruselas y la obra de Josef Hoffmann<\/h2>\t\t\t\t<\/div>\n\t\t\t\t<div class=\"elementor-element elementor-element-5d75759 elementor-widget elementor-widget-heading\" data-id=\"5d75759\" data-element_type=\"widget\" data-e-type=\"widget\" data-widget_type=\"heading.default\">\n\t\t\t\t\t<h3 class=\"elementor-heading-title elementor-size-default\">8, 9 y 10 de marzo de 2024<\/h3>\t\t\t\t<\/div>\n\t\t\t\t\t<\/div>\n\t\t<\/div>\n\t\t\t\t\t<\/div>\n\t\t<\/section>\n\t\t\t\t<section class=\"elementor-section elementor-top-section elementor-element elementor-element-2f02a52 elementor-section-content-middle elementor-section-boxed elementor-section-height-default elementor-section-height-default\" data-id=\"2f02a52\" data-element_type=\"section\" data-e-type=\"section\">\n\t\t\t\t\t\t<div class=\"elementor-container elementor-column-gap-default\">\n\t\t\t\t\t<div class=\"elementor-column elementor-col-100 elementor-top-column elementor-element elementor-element-6cae592\" data-id=\"6cae592\" data-element_type=\"column\" data-e-type=\"column\">\n\t\t\t<div class=\"elementor-widget-wrap elementor-element-populated\">\n\t\t\t\t\t\t<div class=\"elementor-element elementor-element-363c56e elementor-widget elementor-widget-spacer\" data-id=\"363c56e\" data-element_type=\"widget\" data-e-type=\"widget\" data-widget_type=\"spacer.default\">\n\t\t\t\t\t\t\t<div class=\"elementor-spacer\">\n\t\t\t<div class=\"elementor-spacer-inner\"><\/div>\n\t\t<\/div>\n\t\t\t\t\t\t<\/div>\n\t\t\t\t<div class=\"elementor-element elementor-element-a0a89df elementor-widget elementor-widget-image\" data-id=\"a0a89df\" data-element_type=\"widget\" data-e-type=\"widget\" data-widget_type=\"image.default\">\n\t\t\t\t\t\t\t\t\t\t\t\t\t\t\t<img fetchpriority=\"high\" decoding=\"async\" width=\"768\" height=\"768\" src=\"https:\/\/www.estudidelmoble.com\/wp-content\/uploads\/2023\/11\/Maison-Hannon-Bruselas-768x768.jpg\" class=\"attachment-medium_large size-medium_large wp-image-59671\" alt=\"\" srcset=\"https:\/\/www.estudidelmoble.com\/wp-content\/uploads\/2023\/11\/Maison-Hannon-Bruselas-768x768.jpg 768w, https:\/\/www.estudidelmoble.com\/wp-content\/uploads\/2023\/11\/Maison-Hannon-Bruselas-300x300.jpg 300w, https:\/\/www.estudidelmoble.com\/wp-content\/uploads\/2023\/11\/Maison-Hannon-Bruselas-1024x1024.jpg 1024w, https:\/\/www.estudidelmoble.com\/wp-content\/uploads\/2023\/11\/Maison-Hannon-Bruselas-150x150.jpg 150w, https:\/\/www.estudidelmoble.com\/wp-content\/uploads\/2023\/11\/Maison-Hannon-Bruselas-600x600.jpg 600w, https:\/\/www.estudidelmoble.com\/wp-content\/uploads\/2023\/11\/Maison-Hannon-Bruselas-100x100.jpg 100w, https:\/\/www.estudidelmoble.com\/wp-content\/uploads\/2023\/11\/Maison-Hannon-Bruselas.jpg 1196w\" sizes=\"(max-width: 768px) 100vw, 768px\" \/>\t\t\t\t\t\t\t\t\t\t\t\t\t\t\t<\/div>\n\t\t\t\t<div class=\"elementor-element elementor-element-71aa38f elementor-widget elementor-widget-spacer\" data-id=\"71aa38f\" data-element_type=\"widget\" data-e-type=\"widget\" data-widget_type=\"spacer.default\">\n\t\t\t\t\t\t\t<div class=\"elementor-spacer\">\n\t\t\t<div class=\"elementor-spacer-inner\"><\/div>\n\t\t<\/div>\n\t\t\t\t\t\t<\/div>\n\t\t\t\t\t<\/div>\n\t\t<\/div>\n\t\t\t\t\t<\/div>\n\t\t<\/section>\n\t\t\t\t<section class=\"elementor-section elementor-top-section elementor-element elementor-element-d348c5a elementor-section-boxed elementor-section-height-default elementor-section-height-default\" data-id=\"d348c5a\" data-element_type=\"section\" data-e-type=\"section\">\n\t\t\t\t\t\t<div class=\"elementor-container elementor-column-gap-default\">\n\t\t\t\t\t<div class=\"elementor-column elementor-col-100 elementor-top-column elementor-element elementor-element-3d16de5\" data-id=\"3d16de5\" data-element_type=\"column\" data-e-type=\"column\">\n\t\t\t<div class=\"elementor-widget-wrap elementor-element-populated\">\n\t\t\t\t\t\t<div class=\"elementor-element elementor-element-d440628 elementor-widget__width-initial elementor-widget elementor-widget-heading\" data-id=\"d440628\" data-element_type=\"widget\" data-e-type=\"widget\" data-widget_type=\"heading.default\">\n\t\t\t\t\t<p class=\"elementor-heading-title elementor-size-default\">Coordina: N\u00faria Ruiz<\/p>\t\t\t\t<\/div>\n\t\t\t\t\t<\/div>\n\t\t<\/div>\n\t\t\t\t\t<\/div>\n\t\t<\/section>\n\t\t\t\t<section class=\"elementor-section elementor-top-section elementor-element elementor-element-65bf202 elementor-section-boxed elementor-section-height-default elementor-section-height-default\" data-id=\"65bf202\" data-element_type=\"section\" data-e-type=\"section\">\n\t\t\t\t\t\t<div class=\"elementor-container elementor-column-gap-default\">\n\t\t\t\t\t<div class=\"elementor-column elementor-col-100 elementor-top-column elementor-element elementor-element-c492a3d\" data-id=\"c492a3d\" data-element_type=\"column\" data-e-type=\"column\">\n\t\t\t<div class=\"elementor-widget-wrap elementor-element-populated\">\n\t\t\t\t\t\t<div class=\"elementor-element elementor-element-3ed693d elementor-widget__width-initial elementor-widget elementor-widget-text-editor\" data-id=\"3ed693d\" data-element_type=\"widget\" data-e-type=\"widget\" data-widget_type=\"text-editor.default\">\n\t\t\t\t\t\t\t\t\t<h3>Bruselas, capital del Art Noveau<\/h3><p>Acomp\u00e1\u00f1anos a visitar Bruselas, que en el 2023 ha sido la capital del Art Noveau. Entre los m\u00e1s de 1000 edificios modernistas catalogados en la ciudad, se han abierto algunos de los que permanec\u00edan cerrados al p\u00fablico. Entre ellos, descubriremos la Maison Frison, el \u00fanico edificio de V\u00edctor Horta concebido como vivienda y oficina, en una visita privada de la mano de la directora de la Fundaci\u00f3n que gestiona este magn\u00edfico patrimonio. Seguiremos disfrutando del legado de V\u00edctor Horta en su principal obra, el H\u00f4tel Solvay, donde cre\u00f3 con libertad la arquitectura, los muebles y toda la ornamentaci\u00f3n. Y conoceremos la Maison Hannon, en la que Jules Brunfaut concibi\u00f3 un universo on\u00edrico y simbolista donde se resume la arquitectura del modernismo de la capital belga.<\/p><h3>Exposici\u00f3n Josef Hoffman, arquitecto y dise\u00f1ador de la Secesi\u00f3n<\/h3><p>Adem\u00e1s, iremos a la exposici\u00f3n del arquitecto y dise\u00f1ador Josef Hoffman. En la muestra veremos la obra de esta personalidad ligada al movimiento Secesi\u00f3n de Viena. Sin duda, otra visi\u00f3n del modernismo europeo desde su singular producci\u00f3n.<\/p><h3>TEFAF Maastricht 2024, la mejor feria de arte del mundo<\/h3><p>Completaremos el viaje a la cita anual de la AEM en la prestigiosa feria TEFAF de Maastricht, donde nos sorprender\u00e1n les mejores piezas del mercado mundial de arte, desde la antig\u00fcedad al arte contempor\u00e1neo. Aqu\u00ed las galer\u00edas y las obras presentadas pasan por un estricto control de calidad para mostrar solo las piezas m\u00e1s destacadas.<\/p><p>Descucbre c\u00f3mo Bruselas est\u00e1 luchando los \u00faltimos a\u00f1os para reivindicar un estilo que define la ciudad. \u00a1disfruta de un patrimonio art\u00edstico y arquitect\u00f3nico \u00fanico!<\/p>\t\t\t\t\t\t\t\t<\/div>\n\t\t\t\t\t<\/div>\n\t\t<\/div>\n\t\t\t\t\t<\/div>\n\t\t<\/section>\n\t\t\t\t<section class=\"elementor-section elementor-top-section elementor-element elementor-element-e003e8d elementor-section-boxed elementor-section-height-default elementor-section-height-default\" data-id=\"e003e8d\" data-element_type=\"section\" data-e-type=\"section\">\n\t\t\t\t\t\t<div class=\"elementor-container elementor-column-gap-default\">\n\t\t\t\t\t<div class=\"elementor-column elementor-col-100 elementor-top-column elementor-element elementor-element-5d3f81c\" data-id=\"5d3f81c\" data-element_type=\"column\" data-e-type=\"column\">\n\t\t\t<div class=\"elementor-widget-wrap elementor-element-populated\">\n\t\t\t\t\t\t<div class=\"elementor-element elementor-element-171d7f5 elementor-widget elementor-widget-read-more\" data-id=\"171d7f5\" data-element_type=\"widget\" data-e-type=\"widget\" data-widget_type=\"read-more.default\">\n\t\t\t\t\t<\/div><\/div><\/div><\/div><\/section><\/div> <a href=\"https:\/\/www.estudidelmoble.com\/es\/viaje-bruselas-y-tefaf-2024\/#more-59688\" class=\"more-link elementor-more-link\"><span aria-label=\"Sigue leyendo Viaje Bruselas y TEFAF 2024\">Continua llegint<\/span><\/a>","protected":false},"excerpt":{"rendered":"<p>Viaje Bruselas Art Noveau y TEFAF 2024. Modernismo belga de V\u00edctor Horta y la Maison Frison, H\u00f4tel Solvay y Casa Hanonn y Josef Hoffmann<\/p>\n","protected":false},"author":458,"featured_media":59671,"comment_status":"closed","ping_status":"closed","sticky":false,"template":"","format":"standard","meta":{"_acf_changed":false,"footnotes":""},"categories":[38],"tags":[312,1157,1091,340,1100],"class_list":["post-59688","post","type-post","status-publish","format-standard","has-post-thumbnail","hentry","category-viatges","tag-arquitectura-es","tag-art-noveau-es","tag-conservacion-restauracion-es","tag-expertos-es","tag-museos-es"],"acf":[],"_links":{"self":[{"href":"https:\/\/www.estudidelmoble.com\/es\/wp-json\/wp\/v2\/posts\/59688","targetHints":{"allow":["GET"]}}],"collection":[{"href":"https:\/\/www.estudidelmoble.com\/es\/wp-json\/wp\/v2\/posts"}],"about":[{"href":"https:\/\/www.estudidelmoble.com\/es\/wp-json\/wp\/v2\/types\/post"}],"author":[{"embeddable":true,"href":"https:\/\/www.estudidelmoble.com\/es\/wp-json\/wp\/v2\/users\/458"}],"replies":[{"embeddable":true,"href":"https:\/\/www.estudidelmoble.com\/es\/wp-json\/wp\/v2\/comments?post=59688"}],"version-history":[{"count":0,"href":"https:\/\/www.estudidelmoble.com\/es\/wp-json\/wp\/v2\/posts\/59688\/revisions"}],"wp:featuredmedia":[{"embeddable":true,"href":"https:\/\/www.estudidelmoble.com\/es\/wp-json\/wp\/v2\/media\/59671"}],"wp:attachment":[{"href":"https:\/\/www.estudidelmoble.com\/es\/wp-json\/wp\/v2\/media?parent=59688"}],"wp:term":[{"taxonomy":"category","embeddable":true,"href":"https:\/\/www.estudidelmoble.com\/es\/wp-json\/wp\/v2\/categories?post=59688"},{"taxonomy":"post_tag","embeddable":true,"href":"https:\/\/www.estudidelmoble.com\/es\/wp-json\/wp\/v2\/tags?post=59688"}],"curies":[{"name":"wp","href":"https:\/\/api.w.org\/{rel}","templated":true}]}}