{"id":59907,"date":"2023-11-24T15:17:20","date_gmt":"2023-11-24T13:17:20","guid":{"rendered":"https:\/\/www.estudidelmoble.com\/la-aem-al-aparador-de-la-biblioteca-del-clot\/"},"modified":"2024-01-11T13:37:49","modified_gmt":"2024-01-11T11:37:49","slug":"la-aem-al-aparador-de-la-biblioteca-del-clot","status":"publish","type":"post","link":"https:\/\/www.estudidelmoble.com\/es\/la-aem-al-aparador-de-la-biblioteca-del-clot\/","title":{"rendered":"La AEM al aparador de la Biblioteca del Clot"},"content":{"rendered":"\t\t<div data-elementor-type=\"wp-post\" data-elementor-id=\"59907\" class=\"elementor elementor-59907 elementor-59899\" data-elementor-post-type=\"post\">\n\t\t\t\t\t\t<section class=\"elementor-section elementor-top-section elementor-element elementor-element-928a414 elementor-section-boxed elementor-section-height-default elementor-section-height-default\" data-id=\"928a414\" data-element_type=\"section\" data-e-type=\"section\">\n\t\t\t\t\t\t<div class=\"elementor-container elementor-column-gap-default\">\n\t\t\t\t\t<div class=\"elementor-column elementor-col-100 elementor-top-column elementor-element elementor-element-05ea070\" data-id=\"05ea070\" data-element_type=\"column\" data-e-type=\"column\">\n\t\t\t<div class=\"elementor-widget-wrap elementor-element-populated\">\n\t\t\t\t\t\t<div class=\"elementor-element elementor-element-084379f elementor-widget elementor-widget-heading\" data-id=\"084379f\" data-element_type=\"widget\" data-e-type=\"widget\" data-widget_type=\"heading.default\">\n\t\t\t\t\t<h1 class=\"elementor-heading-title elementor-size-default\">Las publicaciones de la AEM, en la Biblioteca del Clot<\/h1>\t\t\t\t<\/div>\n\t\t\t\t<div class=\"elementor-element elementor-element-7041904 elementor-widget elementor-widget-heading\" data-id=\"7041904\" data-element_type=\"widget\" data-e-type=\"widget\" data-widget_type=\"heading.default\">\n\t\t\t\t\t<p class=\"elementor-heading-title elementor-size-default\">Las encontrar\u00e1s hasta final de enero de 2024 en el aparador de la Biblioteca<\/p>\t\t\t\t<\/div>\n\t\t\t\t\t<\/div>\n\t\t<\/div>\n\t\t\t\t\t<\/div>\n\t\t<\/section>\n\t\t\t\t<section class=\"elementor-section elementor-top-section elementor-element elementor-element-a65e863 elementor-section-boxed elementor-section-height-default elementor-section-height-default\" data-id=\"a65e863\" data-element_type=\"section\" data-e-type=\"section\">\n\t\t\t\t\t\t<div class=\"elementor-container elementor-column-gap-default\">\n\t\t\t\t\t<div class=\"elementor-column elementor-col-100 elementor-top-column elementor-element elementor-element-55d2947\" data-id=\"55d2947\" data-element_type=\"column\" data-e-type=\"column\">\n\t\t\t<div class=\"elementor-widget-wrap elementor-element-populated\">\n\t\t\t\t\t\t<div class=\"elementor-element elementor-element-295e93d elementor-widget elementor-widget-image\" data-id=\"295e93d\" data-element_type=\"widget\" data-e-type=\"widget\" data-widget_type=\"image.default\">\n\t\t\t\t\t\t\t\t\t\t\t\t\t\t\t<img fetchpriority=\"high\" decoding=\"async\" width=\"768\" height=\"768\" src=\"https:\/\/www.estudidelmoble.com\/wp-content\/uploads\/2023\/11\/Aparador-Biblioteca-del-Clot-AEM-768x768.jpg\" class=\"attachment-medium_large size-medium_large wp-image-59901\" alt=\"\" srcset=\"https:\/\/www.estudidelmoble.com\/wp-content\/uploads\/2023\/11\/Aparador-Biblioteca-del-Clot-AEM-768x768.jpg 768w, https:\/\/www.estudidelmoble.com\/wp-content\/uploads\/2023\/11\/Aparador-Biblioteca-del-Clot-AEM-300x300.jpg 300w, https:\/\/www.estudidelmoble.com\/wp-content\/uploads\/2023\/11\/Aparador-Biblioteca-del-Clot-AEM-1024x1024.jpg 1024w, https:\/\/www.estudidelmoble.com\/wp-content\/uploads\/2023\/11\/Aparador-Biblioteca-del-Clot-AEM-150x150.jpg 150w, https:\/\/www.estudidelmoble.com\/wp-content\/uploads\/2023\/11\/Aparador-Biblioteca-del-Clot-AEM-1536x1536.jpg 1536w, https:\/\/www.estudidelmoble.com\/wp-content\/uploads\/2023\/11\/Aparador-Biblioteca-del-Clot-AEM-2048x2048.jpg 2048w, https:\/\/www.estudidelmoble.com\/wp-content\/uploads\/2023\/11\/Aparador-Biblioteca-del-Clot-AEM-600x600.jpg 600w, https:\/\/www.estudidelmoble.com\/wp-content\/uploads\/2023\/11\/Aparador-Biblioteca-del-Clot-AEM-100x100.jpg 100w\" sizes=\"(max-width: 768px) 100vw, 768px\" \/>\t\t\t\t\t\t\t\t\t\t\t\t\t\t\t<\/div>\n\t\t\t\t\t<\/div>\n\t\t<\/div>\n\t\t\t\t\t<\/div>\n\t\t<\/section>\n\t\t\t\t<section class=\"elementor-section elementor-top-section elementor-element elementor-element-94de665 elementor-section-boxed elementor-section-height-default elementor-section-height-default\" data-id=\"94de665\" data-element_type=\"section\" data-e-type=\"section\">\n\t\t\t\t\t\t<div class=\"elementor-container elementor-column-gap-default\">\n\t\t\t\t\t<div class=\"elementor-column elementor-col-100 elementor-top-column elementor-element elementor-element-42e7ee2\" data-id=\"42e7ee2\" data-element_type=\"column\" data-e-type=\"column\">\n\t\t\t<div class=\"elementor-widget-wrap elementor-element-populated\">\n\t\t\t\t\t\t<div class=\"elementor-element elementor-element-f914a5c elementor-widget elementor-widget-spacer\" data-id=\"f914a5c\" data-element_type=\"widget\" data-e-type=\"widget\" data-widget_type=\"spacer.default\">\n\t\t\t\t\t\t\t<div class=\"elementor-spacer\">\n\t\t\t<div class=\"elementor-spacer-inner\"><\/div>\n\t\t<\/div>\n\t\t\t\t\t\t<\/div>\n\t\t\t\t\t<\/div>\n\t\t<\/div>\n\t\t\t\t\t<\/div>\n\t\t<\/section>\n\t\t\t\t<section class=\"elementor-section elementor-top-section elementor-element elementor-element-949e30b elementor-section-boxed elementor-section-height-default elementor-section-height-default\" data-id=\"949e30b\" data-element_type=\"section\" data-e-type=\"section\">\n\t\t\t\t\t\t<div class=\"elementor-container elementor-column-gap-default\">\n\t\t\t\t\t<div class=\"elementor-column elementor-col-100 elementor-top-column elementor-element elementor-element-c851201\" data-id=\"c851201\" data-element_type=\"column\" data-e-type=\"column\">\n\t\t\t<div class=\"elementor-widget-wrap elementor-element-populated\">\n\t\t\t\t\t\t<div class=\"elementor-element elementor-element-d8d8ad2 elementor-widget elementor-widget-text-editor\" data-id=\"d8d8ad2\" data-element_type=\"widget\" data-e-type=\"widget\" data-widget_type=\"text-editor.default\">\n\t\t\t\t\t\t\t\t\t<p>Desde esta semana y hasta el final de enero de 2024 la AEM tiene un espacio en la Biblioteca El Clot \u2013 Josep Benet. As\u00ed, la gente que se acerque a la biblioteca que se ubica a la planta 0 del Disseny Hub Barcelona podr\u00e1 ver en uno de los escaparates las publicaciones de la Asociaci\u00f3n para el Estudio del Mueble.<\/p>\n<p>Hemos aprovechado para mostrar nuestras publicaciones, adem\u00e1s de exponer un par de minixilotecas y dos lotes de revistas. Queremos que todo el mundo que pase por esta planta del Disseny Hub Barcelona pueda conocer la tarea editorial que hemos desarrollado a la AEM desde nuestra fundaci\u00f3n en 2004. Gracias a estas publicaciones con art\u00edculos cient\u00edficos hechos por especialistas a partir de sus investigaciones, nuestra Asociaci\u00f3n es un referente en cuanto al conocimiento del mueble. Lo sabemos porque estos libros est\u00e1n en bibliotecas especializadas de Europa y Am\u00e9rica.<\/p>\n<p>Os invitamos a visitar el escaparate y estamos abiertos a vuestros comentarios. Pod\u00e9is compartir vuestras impresiones en las redes y etiquetarnos con nuestro perfil de @estudidelmoble.<\/p>\n<p>Y recuerda: todas estas publicaciones est\u00e1n a la venta en nuestra sede, y tambi\u00e9n en la tienda de nuestra web. Encontrar\u00e1s m\u00e1s art\u00edculos, como los libros donde el AEM ha participado. Puede ser un gran regalo de Navidad para la gente que est\u00e1 interesada en el mundo del mueble en particular y la cultura en general.<\/p>\t\t\t\t\t\t\t\t<\/div>\n\t\t\t\t\t<\/div>\n\t\t<\/div>\n\t\t\t\t\t<\/div>\n\t\t<\/section>\n\t\t\t\t<section class=\"elementor-section elementor-top-section elementor-element elementor-element-2c16711 elementor-section-boxed elementor-section-height-default elementor-section-height-default\" data-id=\"2c16711\" data-element_type=\"section\" data-e-type=\"section\">\n\t\t\t\t\t\t<div class=\"elementor-container elementor-column-gap-default\">\n\t\t\t\t\t<div class=\"elementor-column elementor-col-100 elementor-top-column elementor-element elementor-element-bcc9ce2\" data-id=\"bcc9ce2\" data-element_type=\"column\" data-e-type=\"column\">\n\t\t\t<div class=\"elementor-widget-wrap elementor-element-populated\">\n\t\t\t\t\t\t<div class=\"elementor-element elementor-element-cb33a4b elementor-widget elementor-widget-spacer\" data-id=\"cb33a4b\" data-element_type=\"widget\" data-e-type=\"widget\" data-widget_type=\"spacer.default\">\n\t\t\t\t\t\t\t<div class=\"elementor-spacer\">\n\t\t\t<div class=\"elementor-spacer-inner\"><\/div>\n\t\t<\/div>\n\t\t\t\t\t\t<\/div>\n\t\t\t\t\t<\/div>\n\t\t<\/div>\n\t\t\t\t\t<\/div>\n\t\t<\/section>\n\t\t\t\t<\/div>\n\t\t","protected":false},"excerpt":{"rendered":"<p>La AEM al aparador de la Biblioteca del Clot: exposici\u00f3n de las publicaciones editadas por la Asociaci\u00f3n para el Estudio del Mueble<\/p>\n","protected":false},"author":458,"featured_media":59901,"comment_status":"closed","ping_status":"closed","sticky":false,"template":"","format":"standard","meta":{"_acf_changed":false,"footnotes":""},"categories":[309],"tags":[1085,1086,410],"class_list":["post-59907","post","type-post","status-publish","format-standard","has-post-thumbnail","hentry","category-blog","tag-historiadelmueble-es","tag-investigacion-es","tag-s-xx-es"],"acf":[],"_links":{"self":[{"href":"https:\/\/www.estudidelmoble.com\/es\/wp-json\/wp\/v2\/posts\/59907","targetHints":{"allow":["GET"]}}],"collection":[{"href":"https:\/\/www.estudidelmoble.com\/es\/wp-json\/wp\/v2\/posts"}],"about":[{"href":"https:\/\/www.estudidelmoble.com\/es\/wp-json\/wp\/v2\/types\/post"}],"author":[{"embeddable":true,"href":"https:\/\/www.estudidelmoble.com\/es\/wp-json\/wp\/v2\/users\/458"}],"replies":[{"embeddable":true,"href":"https:\/\/www.estudidelmoble.com\/es\/wp-json\/wp\/v2\/comments?post=59907"}],"version-history":[{"count":0,"href":"https:\/\/www.estudidelmoble.com\/es\/wp-json\/wp\/v2\/posts\/59907\/revisions"}],"wp:featuredmedia":[{"embeddable":true,"href":"https:\/\/www.estudidelmoble.com\/es\/wp-json\/wp\/v2\/media\/59901"}],"wp:attachment":[{"href":"https:\/\/www.estudidelmoble.com\/es\/wp-json\/wp\/v2\/media?parent=59907"}],"wp:term":[{"taxonomy":"category","embeddable":true,"href":"https:\/\/www.estudidelmoble.com\/es\/wp-json\/wp\/v2\/categories?post=59907"},{"taxonomy":"post_tag","embeddable":true,"href":"https:\/\/www.estudidelmoble.com\/es\/wp-json\/wp\/v2\/tags?post=59907"}],"curies":[{"name":"wp","href":"https:\/\/api.w.org\/{rel}","templated":true}]}}