{"id":59955,"date":"2023-08-27T13:56:00","date_gmt":"2023-08-27T11:56:00","guid":{"rendered":"https:\/\/www.estudidelmoble.com\/conversaciones-alrededor-de-la-exposicion-de-joan-llor\/"},"modified":"2023-11-28T11:16:27","modified_gmt":"2023-11-28T09:16:27","slug":"conversaciones-alrededor-de-la-exposicion-de-joan-llor","status":"publish","type":"post","link":"https:\/\/www.estudidelmoble.com\/es\/conversaciones-alrededor-de-la-exposicion-de-joan-llor\/","title":{"rendered":"Conversaciones alrededor de la exposici\u00f3n de Joan Llor"},"content":{"rendered":"\t\t<div data-elementor-type=\"wp-post\" data-elementor-id=\"59955\" class=\"elementor elementor-59955 elementor-59922\" data-elementor-post-type=\"post\">\n\t\t\t\t\t\t<section class=\"elementor-section elementor-top-section elementor-element elementor-element-72c058a elementor-section-boxed elementor-section-height-default elementor-section-height-default\" data-id=\"72c058a\" data-element_type=\"section\" data-e-type=\"section\">\n\t\t\t\t\t\t<div class=\"elementor-container elementor-column-gap-default\">\n\t\t\t\t\t<div class=\"elementor-column elementor-col-100 elementor-top-column elementor-element elementor-element-571fee1\" data-id=\"571fee1\" data-element_type=\"column\" data-e-type=\"column\">\n\t\t\t<div class=\"elementor-widget-wrap elementor-element-populated\">\n\t\t\t\t\t\t<div class=\"elementor-element elementor-element-5e790c2 elementor-widget elementor-widget-heading\" data-id=\"5e790c2\" data-element_type=\"widget\" data-e-type=\"widget\" data-widget_type=\"heading.default\">\n\t\t\t\t\t<h1 class=\"elementor-heading-title elementor-size-default\">Conversaciones alrededor de la exposici\u00f3n de Joan Llor<\/h1>\t\t\t\t<\/div>\n\t\t\t\t<div class=\"elementor-element elementor-element-17ac9f5 elementor-widget elementor-widget-heading\" data-id=\"17ac9f5\" data-element_type=\"widget\" data-e-type=\"widget\" data-widget_type=\"heading.default\">\n\t\t\t\t\t<h2 class=\"elementor-heading-title elementor-size-default\">V\u00eddeos de expertos en gesti\u00f3n forestal, mueble y arquitectura<\/h2>\t\t\t\t<\/div>\n\t\t\t\t<div class=\"elementor-element elementor-element-78c73d4 elementor-widget elementor-widget-heading\" data-id=\"78c73d4\" data-element_type=\"widget\" data-e-type=\"widget\" data-widget_type=\"heading.default\">\n\t\t\t\t\t<h3 class=\"elementor-heading-title elementor-size-default\">Actividades paralelas de Joan Llor. Maestro carpintero de Olot<\/h3>\t\t\t\t<\/div>\n\t\t\t\t\t<\/div>\n\t\t<\/div>\n\t\t\t\t\t<\/div>\n\t\t<\/section>\n\t\t\t\t<section class=\"elementor-section elementor-top-section elementor-element elementor-element-be1e5b5 elementor-section-boxed elementor-section-height-default elementor-section-height-default\" data-id=\"be1e5b5\" data-element_type=\"section\" data-e-type=\"section\">\n\t\t\t\t\t\t<div class=\"elementor-container elementor-column-gap-default\">\n\t\t\t\t\t<div class=\"elementor-column elementor-col-100 elementor-top-column elementor-element elementor-element-420b3e4\" data-id=\"420b3e4\" data-element_type=\"column\" data-e-type=\"column\">\n\t\t\t<div class=\"elementor-widget-wrap elementor-element-populated\">\n\t\t\t\t\t\t<div class=\"elementor-element elementor-element-4eb92db elementor-widget elementor-widget-image\" data-id=\"4eb92db\" data-element_type=\"widget\" data-e-type=\"widget\" data-widget_type=\"image.default\">\n\t\t\t\t\t\t\t\t\t\t\t\t\t\t\t<img fetchpriority=\"high\" decoding=\"async\" width=\"768\" height=\"768\" src=\"https:\/\/www.estudidelmoble.com\/wp-content\/uploads\/2023\/08\/La-gestio-forestal-avui-donara-resposta-als-reptes-de-dema-768x768.jpg\" class=\"attachment-medium_large size-medium_large wp-image-59931\" alt=\"\" srcset=\"https:\/\/www.estudidelmoble.com\/wp-content\/uploads\/2023\/08\/La-gestio-forestal-avui-donara-resposta-als-reptes-de-dema-768x768.jpg 768w, https:\/\/www.estudidelmoble.com\/wp-content\/uploads\/2023\/08\/La-gestio-forestal-avui-donara-resposta-als-reptes-de-dema-300x300.jpg 300w, https:\/\/www.estudidelmoble.com\/wp-content\/uploads\/2023\/08\/La-gestio-forestal-avui-donara-resposta-als-reptes-de-dema-1024x1024.jpg 1024w, https:\/\/www.estudidelmoble.com\/wp-content\/uploads\/2023\/08\/La-gestio-forestal-avui-donara-resposta-als-reptes-de-dema-150x150.jpg 150w, https:\/\/www.estudidelmoble.com\/wp-content\/uploads\/2023\/08\/La-gestio-forestal-avui-donara-resposta-als-reptes-de-dema-600x600.jpg 600w, https:\/\/www.estudidelmoble.com\/wp-content\/uploads\/2023\/08\/La-gestio-forestal-avui-donara-resposta-als-reptes-de-dema-100x100.jpg 100w, https:\/\/www.estudidelmoble.com\/wp-content\/uploads\/2023\/08\/La-gestio-forestal-avui-donara-resposta-als-reptes-de-dema.jpg 1077w\" sizes=\"(max-width: 768px) 100vw, 768px\" \/>\t\t\t\t\t\t\t\t\t\t\t\t\t\t\t<\/div>\n\t\t\t\t\t<\/div>\n\t\t<\/div>\n\t\t\t\t\t<\/div>\n\t\t<\/section>\n\t\t\t\t<section class=\"elementor-section elementor-top-section elementor-element elementor-element-754cc6c elementor-section-boxed elementor-section-height-default elementor-section-height-default\" data-id=\"754cc6c\" data-element_type=\"section\" data-e-type=\"section\">\n\t\t\t\t\t\t<div class=\"elementor-container elementor-column-gap-default\">\n\t\t\t\t\t<div class=\"elementor-column elementor-col-100 elementor-top-column elementor-element elementor-element-03b096a\" data-id=\"03b096a\" data-element_type=\"column\" data-e-type=\"column\">\n\t\t\t<div class=\"elementor-widget-wrap elementor-element-populated\">\n\t\t\t\t\t\t<div class=\"elementor-element elementor-element-71a165c elementor-widget elementor-widget-text-editor\" data-id=\"71a165c\" data-element_type=\"widget\" data-e-type=\"widget\" data-widget_type=\"text-editor.default\">\n\t\t\t\t\t\t\t\t\t<p>La exposici\u00f3n <a href=\"https:\/\/www.estudidelmoble.com\/projecte-fusta-moble-sostenibilitat\/tercera-fase-reflexions-reutilitzacio-disseny-present-i-futur\/exposicio-joan-llor\/\" target=\"_blank\" rel=\"noopener\"><em>Joan Llor. Maestro carpintero de Olot (1742-1805)<\/em><\/a> que se celebr\u00f3 en el Museu de la Garrotxa en Olot cont\u00f3 con una serie de actividades paralelas.<\/p><p>En este post queremos recordar dos de ellas, dentro del ciclo de conversaciones con expertos con mucho conocimiento relacionado con el mobiliario o la gesti\u00f3n forestal. Estos dos temas fueron fundamentales en la muestra dedicada al carpintero hist\u00f3rico de Olot, puesto que aprovechaba las maderas locales para hacer unos muebles de una extraordinaria calidad.<\/p><p>Merc\u00e8 Benavent, asistente de la comisaria de la exposici\u00f3n, ha sido la responsable de las actividades paralelas.<\/p>\t\t\t\t\t\t\t\t<\/div>\n\t\t\t\t<div class=\"elementor-element elementor-element-120025a elementor-widget elementor-widget-text-editor\" data-id=\"120025a\" data-element_type=\"widget\" data-e-type=\"widget\" data-widget_type=\"text-editor.default\">\n\t\t\t\t\t\t\t\t\t<h3>\u00bfLa gesti\u00f3n forestal de hoy dar\u00e1 respuesta a los retos de ma\u00f1ana?<\/h3><p>Jaume Hidalgo, ingeniero de montes y coordinador del ONG S\u00e8lvans y Xavi Dot, formador en Paisajismo y Gesti\u00f3n Forestal dialogaron en esta conversaci\u00f3n. El t\u00edtulo de \u201c\u00bfLa gesti\u00f3n forestal de hoy dar\u00e1 respuesta a los retos de ma\u00f1ana?\u201d abre muchas interrogantes sobre el futuro del bosque. Os invitamos a escuchar la conversaci\u00f3n entre los dos profesionales para conocer la opini\u00f3n de los especialistas.<\/p>\t\t\t\t\t\t\t\t<\/div>\n\t\t\t\t<div class=\"elementor-element elementor-element-2ce84fb elementor-widget elementor-widget-video\" data-id=\"2ce84fb\" data-element_type=\"widget\" data-e-type=\"widget\" data-settings=\"{&quot;youtube_url&quot;:&quot;https:\\\/\\\/youtu.be\\\/RBup8mXmUOg?si=B-x86uB9NWsgnvAw&quot;,&quot;video_type&quot;:&quot;youtube&quot;,&quot;controls&quot;:&quot;yes&quot;}\" data-widget_type=\"video.default\">\n\t\t\t\t\t\t\t<div class=\"elementor-wrapper elementor-open-inline\">\n\t\t\t<div class=\"elementor-video\"><\/div>\t\t<\/div>\n\t\t\t\t\t\t<\/div>\n\t\t\t\t<div class=\"elementor-element elementor-element-bd823f5 elementor-widget elementor-widget-text-editor\" data-id=\"bd823f5\" data-element_type=\"widget\" data-e-type=\"widget\" data-widget_type=\"text-editor.default\">\n\t\t\t\t\t\t\t\t\t<h3>C\u00f3mo el mueble antiguo y viejo puede recuperar su lugar en la arquitectura actual<\/h3><p>Xavier Monteys, catedr\u00e1tico de Proyectos arquitect\u00f3nicos de la UPC hizo un recorrido por la arquitectura del siglo XX y su relaci\u00f3n con el mundo del mobiliario. En la charla \u201cC\u00f3mo el mueble antiguo y viejo puede recuperar su lugar en la arquitectura actual\u201d explic\u00f3 el papel del mobiliario a la decoraci\u00f3n de las casas m\u00e1s ic\u00f3nicas de las arquitectas que marcaron la l\u00ednea racionalista que triunf\u00f3 a la construcci\u00f3n actual.<\/p><p>Si quieres conocer c\u00f3mo eran los muebles que se usaban a los proyectos de Le Corbusier y otros arquitectos, mira este v\u00cddeo. Encontrar\u00e1s im\u00e1genes de la \u00e9poca que ilustran cu\u00e1l era la mirada de las figuras de la contemporaneidad hacia el mobiliario<\/p>\t\t\t\t\t\t\t\t<\/div>\n\t\t\t\t<div class=\"elementor-element elementor-element-f1346de elementor-widget elementor-widget-video\" data-id=\"f1346de\" data-element_type=\"widget\" data-e-type=\"widget\" data-settings=\"{&quot;youtube_url&quot;:&quot;https:\\\/\\\/youtu.be\\\/AY-xI7MiaCE?si=15SIhqkegfS0VndX&quot;,&quot;video_type&quot;:&quot;youtube&quot;,&quot;controls&quot;:&quot;yes&quot;}\" data-widget_type=\"video.default\">\n\t\t\t\t\t\t\t<div class=\"elementor-wrapper elementor-open-inline\">\n\t\t\t<div class=\"elementor-video\"><\/div>\t\t<\/div>\n\t\t\t\t\t\t<\/div>\n\t\t\t\t\t<\/div>\n\t\t<\/div>\n\t\t\t\t\t<\/div>\n\t\t<\/section>\n\t\t\t\t<\/div>\n\t\t","protected":false},"excerpt":{"rendered":"<p>Conversaciones alrededor de la exposici\u00f3n de Joan Llor: gesti\u00f3n forestal con Xavi Dot y Jaume Hidalgo y mueble antiguo con Xavier Monteys<\/p>\n","protected":false},"author":458,"featured_media":0,"comment_status":"closed","ping_status":"closed","sticky":false,"template":"","format":"standard","meta":{"_acf_changed":false,"footnotes":""},"categories":[309],"tags":[340,1138,410],"class_list":["post-59955","post","type-post","status-publish","format-standard","hentry","category-blog","tag-expertos-es","tag-exposicion","tag-s-xx-es"],"acf":[],"_links":{"self":[{"href":"https:\/\/www.estudidelmoble.com\/es\/wp-json\/wp\/v2\/posts\/59955","targetHints":{"allow":["GET"]}}],"collection":[{"href":"https:\/\/www.estudidelmoble.com\/es\/wp-json\/wp\/v2\/posts"}],"about":[{"href":"https:\/\/www.estudidelmoble.com\/es\/wp-json\/wp\/v2\/types\/post"}],"author":[{"embeddable":true,"href":"https:\/\/www.estudidelmoble.com\/es\/wp-json\/wp\/v2\/users\/458"}],"replies":[{"embeddable":true,"href":"https:\/\/www.estudidelmoble.com\/es\/wp-json\/wp\/v2\/comments?post=59955"}],"version-history":[{"count":0,"href":"https:\/\/www.estudidelmoble.com\/es\/wp-json\/wp\/v2\/posts\/59955\/revisions"}],"wp:attachment":[{"href":"https:\/\/www.estudidelmoble.com\/es\/wp-json\/wp\/v2\/media?parent=59955"}],"wp:term":[{"taxonomy":"category","embeddable":true,"href":"https:\/\/www.estudidelmoble.com\/es\/wp-json\/wp\/v2\/categories?post=59955"},{"taxonomy":"post_tag","embeddable":true,"href":"https:\/\/www.estudidelmoble.com\/es\/wp-json\/wp\/v2\/tags?post=59955"}],"curies":[{"name":"wp","href":"https:\/\/api.w.org\/{rel}","templated":true}]}}