{"id":61279,"date":"2024-01-18T14:53:21","date_gmt":"2024-01-18T12:53:21","guid":{"rendered":"https:\/\/www.estudidelmoble.com\/celebracion-20-aniversario-de-la-aem\/"},"modified":"2024-05-02T09:25:26","modified_gmt":"2024-05-02T07:25:26","slug":"celebracion-20-aniversario-de-la-aem","status":"publish","type":"post","link":"https:\/\/www.estudidelmoble.com\/es\/celebracion-20-aniversario-de-la-aem\/","title":{"rendered":"Celebraci\u00f3n 20 aniversario de la AEM"},"content":{"rendered":"\t\t<div data-elementor-type=\"wp-post\" data-elementor-id=\"61279\" class=\"elementor elementor-61279 elementor-60578\" data-elementor-post-type=\"post\">\n\t\t\t\t\t\t<section class=\"elementor-section elementor-top-section elementor-element elementor-element-0c39f64 elementor-section-boxed elementor-section-height-default elementor-section-height-default\" data-id=\"0c39f64\" data-element_type=\"section\" data-e-type=\"section\">\n\t\t\t\t\t\t<div class=\"elementor-container elementor-column-gap-default\">\n\t\t\t\t\t<div class=\"elementor-column elementor-col-100 elementor-top-column elementor-element elementor-element-c02422c\" data-id=\"c02422c\" data-element_type=\"column\" data-e-type=\"column\">\n\t\t\t<div class=\"elementor-widget-wrap elementor-element-populated\">\n\t\t\t\t\t\t<div class=\"elementor-element elementor-element-139ef5b elementor-widget elementor-widget-heading\" data-id=\"139ef5b\" data-element_type=\"widget\" data-e-type=\"widget\" data-widget_type=\"heading.default\">\n\t\t\t\t\t<h1 class=\"elementor-heading-title elementor-size-default\">Celebraci\u00f3n de los 20 a\u00f1os de la AEM<\/h1>\t\t\t\t<\/div>\n\t\t\t\t<div class=\"elementor-element elementor-element-cee92f7 elementor-widget elementor-widget-heading\" data-id=\"cee92f7\" data-element_type=\"widget\" data-e-type=\"widget\" data-widget_type=\"heading.default\">\n\t\t\t\t\t<h2 class=\"elementor-heading-title elementor-size-default\">Con la lecci\u00f3n magistral del escen\u00f3grafo Max Glaenzel<\/h2>\t\t\t\t<\/div>\n\t\t\t\t<div class=\"elementor-element elementor-element-69b1bcf elementor-widget elementor-widget-heading\" data-id=\"69b1bcf\" data-element_type=\"widget\" data-e-type=\"widget\" data-widget_type=\"heading.default\">\n\t\t\t\t\t<p class=\"elementor-heading-title elementor-size-default\">3 de mayo en el auditorio del Disseny Hub Barcelona <\/p>\t\t\t\t<\/div>\n\t\t\t\t\t<\/div>\n\t\t<\/div>\n\t\t\t\t\t<\/div>\n\t\t<\/section>\n\t\t\t\t<section class=\"elementor-section elementor-top-section elementor-element elementor-element-04999d3 elementor-section-boxed elementor-section-height-default elementor-section-height-default\" data-id=\"04999d3\" data-element_type=\"section\" data-e-type=\"section\">\n\t\t\t\t\t\t<div class=\"elementor-container elementor-column-gap-default\">\n\t\t\t\t\t<div class=\"elementor-column elementor-col-100 elementor-top-column elementor-element elementor-element-6cae71e\" data-id=\"6cae71e\" data-element_type=\"column\" data-e-type=\"column\">\n\t\t\t<div class=\"elementor-widget-wrap elementor-element-populated\">\n\t\t\t\t\t\t<div class=\"elementor-element elementor-element-064550a elementor-widget elementor-widget-spacer\" data-id=\"064550a\" data-element_type=\"widget\" data-e-type=\"widget\" data-widget_type=\"spacer.default\">\n\t\t\t\t\t\t\t<div class=\"elementor-spacer\">\n\t\t\t<div class=\"elementor-spacer-inner\"><\/div>\n\t\t<\/div>\n\t\t\t\t\t\t<\/div>\n\t\t\t\t<div class=\"elementor-element elementor-element-c6ce084 elementor-widget elementor-widget-image\" data-id=\"c6ce084\" data-element_type=\"widget\" data-e-type=\"widget\" data-widget_type=\"image.default\">\n\t\t\t\t\t\t\t\t\t\t\t\t\t\t\t<img fetchpriority=\"high\" decoding=\"async\" width=\"768\" height=\"768\" src=\"https:\/\/www.estudidelmoble.com\/wp-content\/uploads\/2024\/01\/20-aniversari-AEM-768x768.jpg\" class=\"attachment-medium_large size-medium_large wp-image-61236\" alt=\"\" srcset=\"https:\/\/www.estudidelmoble.com\/wp-content\/uploads\/2024\/01\/20-aniversari-AEM-768x768.jpg 768w, https:\/\/www.estudidelmoble.com\/wp-content\/uploads\/2024\/01\/20-aniversari-AEM-300x300.jpg 300w, https:\/\/www.estudidelmoble.com\/wp-content\/uploads\/2024\/01\/20-aniversari-AEM-1024x1024.jpg 1024w, https:\/\/www.estudidelmoble.com\/wp-content\/uploads\/2024\/01\/20-aniversari-AEM-150x150.jpg 150w, https:\/\/www.estudidelmoble.com\/wp-content\/uploads\/2024\/01\/20-aniversari-AEM-600x600.jpg 600w, https:\/\/www.estudidelmoble.com\/wp-content\/uploads\/2024\/01\/20-aniversari-AEM-100x100.jpg 100w, https:\/\/www.estudidelmoble.com\/wp-content\/uploads\/2024\/01\/20-aniversari-AEM.jpg 1080w\" sizes=\"(max-width: 768px) 100vw, 768px\" \/>\t\t\t\t\t\t\t\t\t\t\t\t\t\t\t<\/div>\n\t\t\t\t<div class=\"elementor-element elementor-element-1647333 elementor-widget elementor-widget-read-more\" data-id=\"1647333\" data-element_type=\"widget\" data-e-type=\"widget\" data-widget_type=\"read-more.default\">\n\t\t\t\t\t<\/div><\/div><\/div><\/div><\/section><\/div> <a href=\"https:\/\/www.estudidelmoble.com\/es\/celebracion-20-aniversario-de-la-aem\/#more-61279\" class=\"more-link elementor-more-link\"><span aria-label=\"Sigue leyendo Celebraci\u00f3n 20 aniversario de la AEM\">Continua llegint<\/span><\/a>","protected":false},"excerpt":{"rendered":"<p>Celebraci\u00f3n del 20 aniversario de la AEM con lecci\u00f3n magistral del escen\u00f3grafo Max Glaenzel y fiesta con participaci\u00f3n de los asistentes <\/p>\n","protected":false},"author":458,"featured_media":61236,"comment_status":"closed","ping_status":"closed","sticky":false,"template":"","format":"standard","meta":{"_acf_changed":false,"footnotes":""},"categories":[309],"tags":[],"class_list":["post-61279","post","type-post","status-publish","format-standard","has-post-thumbnail","hentry","category-blog"],"acf":[],"_links":{"self":[{"href":"https:\/\/www.estudidelmoble.com\/es\/wp-json\/wp\/v2\/posts\/61279","targetHints":{"allow":["GET"]}}],"collection":[{"href":"https:\/\/www.estudidelmoble.com\/es\/wp-json\/wp\/v2\/posts"}],"about":[{"href":"https:\/\/www.estudidelmoble.com\/es\/wp-json\/wp\/v2\/types\/post"}],"author":[{"embeddable":true,"href":"https:\/\/www.estudidelmoble.com\/es\/wp-json\/wp\/v2\/users\/458"}],"replies":[{"embeddable":true,"href":"https:\/\/www.estudidelmoble.com\/es\/wp-json\/wp\/v2\/comments?post=61279"}],"version-history":[{"count":0,"href":"https:\/\/www.estudidelmoble.com\/es\/wp-json\/wp\/v2\/posts\/61279\/revisions"}],"wp:featuredmedia":[{"embeddable":true,"href":"https:\/\/www.estudidelmoble.com\/es\/wp-json\/wp\/v2\/media\/61236"}],"wp:attachment":[{"href":"https:\/\/www.estudidelmoble.com\/es\/wp-json\/wp\/v2\/media?parent=61279"}],"wp:term":[{"taxonomy":"category","embeddable":true,"href":"https:\/\/www.estudidelmoble.com\/es\/wp-json\/wp\/v2\/categories?post=61279"},{"taxonomy":"post_tag","embeddable":true,"href":"https:\/\/www.estudidelmoble.com\/es\/wp-json\/wp\/v2\/tags?post=61279"}],"curies":[{"name":"wp","href":"https:\/\/api.w.org\/{rel}","templated":true}]}}