{"id":62042,"date":"2024-05-28T11:38:23","date_gmt":"2024-05-28T09:38:23","guid":{"rendered":"https:\/\/www.estudidelmoble.com\/la-aem-en-el-fustival-2024\/"},"modified":"2024-06-25T14:25:32","modified_gmt":"2024-06-25T12:25:32","slug":"la-aem-en-el-fustival-2024","status":"publish","type":"post","link":"https:\/\/www.estudidelmoble.com\/es\/la-aem-en-el-fustival-2024\/","title":{"rendered":"La AEM en el Fustival 2024"},"content":{"rendered":"\t\t<div data-elementor-type=\"wp-post\" data-elementor-id=\"62042\" class=\"elementor elementor-62042 elementor-61936\" data-elementor-post-type=\"post\">\n\t\t\t\t\t\t<section class=\"elementor-section elementor-top-section elementor-element elementor-element-0e6c248 elementor-section-boxed elementor-section-height-default elementor-section-height-default\" data-id=\"0e6c248\" data-element_type=\"section\" data-e-type=\"section\">\n\t\t\t\t\t\t<div class=\"elementor-container elementor-column-gap-default\">\n\t\t\t\t\t<div class=\"elementor-column elementor-col-100 elementor-top-column elementor-element elementor-element-e6a0806\" data-id=\"e6a0806\" data-element_type=\"column\" data-e-type=\"column\">\n\t\t\t<div class=\"elementor-widget-wrap elementor-element-populated\">\n\t\t\t\t\t\t<div class=\"elementor-element elementor-element-d9b7ba6 elementor-widget elementor-widget-heading\" data-id=\"d9b7ba6\" data-element_type=\"widget\" data-e-type=\"widget\" data-widget_type=\"heading.default\">\n\t\t\t\t\t<h1 class=\"elementor-heading-title elementor-size-default\">L'AEM, coorganizadora del Fustival 2024<\/h1>\t\t\t\t<\/div>\n\t\t\t\t<div class=\"elementor-element elementor-element-b74ea71 elementor-widget elementor-widget-heading\" data-id=\"b74ea71\" data-element_type=\"widget\" data-e-type=\"widget\" data-widget_type=\"heading.default\">\n\t\t\t\t\t<p class=\"elementor-heading-title elementor-size-default\">M\u00f3nica Piera, presidenta de la AEM, en las charlas del Fustival<\/p>\t\t\t\t<\/div>\n\t\t\t\t\t<\/div>\n\t\t<\/div>\n\t\t\t\t\t<\/div>\n\t\t<\/section>\n\t\t\t\t<section class=\"elementor-section elementor-top-section elementor-element elementor-element-8538bd5 elementor-section-boxed elementor-section-height-default elementor-section-height-default\" data-id=\"8538bd5\" data-element_type=\"section\" data-e-type=\"section\">\n\t\t\t\t\t\t<div class=\"elementor-container elementor-column-gap-default\">\n\t\t\t\t\t<div class=\"elementor-column elementor-col-100 elementor-top-column elementor-element elementor-element-af3db36\" data-id=\"af3db36\" data-element_type=\"column\" data-e-type=\"column\">\n\t\t\t<div class=\"elementor-widget-wrap elementor-element-populated\">\n\t\t\t\t\t\t<div class=\"elementor-element elementor-element-56761ef elementor-widget elementor-widget-image\" data-id=\"56761ef\" data-element_type=\"widget\" data-e-type=\"widget\" data-widget_type=\"image.default\">\n\t\t\t\t\t\t\t\t\t\t\t\t\t\t\t<img fetchpriority=\"high\" decoding=\"async\" width=\"768\" height=\"768\" src=\"https:\/\/www.estudidelmoble.com\/wp-content\/uploads\/2024\/05\/Llibre-de-passanties-dels-mestres-fusters-768x768.jpg\" class=\"attachment-medium_large size-medium_large wp-image-61939\" alt=\"\" srcset=\"https:\/\/www.estudidelmoble.com\/wp-content\/uploads\/2024\/05\/Llibre-de-passanties-dels-mestres-fusters-768x768.jpg 768w, https:\/\/www.estudidelmoble.com\/wp-content\/uploads\/2024\/05\/Llibre-de-passanties-dels-mestres-fusters-300x300.jpg 300w, https:\/\/www.estudidelmoble.com\/wp-content\/uploads\/2024\/05\/Llibre-de-passanties-dels-mestres-fusters-150x150.jpg 150w, https:\/\/www.estudidelmoble.com\/wp-content\/uploads\/2024\/05\/Llibre-de-passanties-dels-mestres-fusters-600x600.jpg 600w, https:\/\/www.estudidelmoble.com\/wp-content\/uploads\/2024\/05\/Llibre-de-passanties-dels-mestres-fusters-100x100.jpg 100w, https:\/\/www.estudidelmoble.com\/wp-content\/uploads\/2024\/05\/Llibre-de-passanties-dels-mestres-fusters.jpg 814w\" sizes=\"(max-width: 768px) 100vw, 768px\" \/>\t\t\t\t\t\t\t\t\t\t\t\t\t\t\t<\/div>\n\t\t\t\t<div class=\"elementor-element elementor-element-ff9a7c0 elementor-widget elementor-widget-text-editor\" data-id=\"ff9a7c0\" data-element_type=\"widget\" data-e-type=\"widget\" data-widget_type=\"text-editor.default\">\n\t\t\t\t\t\t\t\t\t<p>Imagen: Detalle del <i style=\"background-color: var( --e-global-color-9896240 );\">Llibre de passanties dels mestres fusters comen\u00e7ant en lo any 1778<\/i><\/p>\t\t\t\t\t\t\t\t<\/div>\n\t\t\t\t\t<\/div>\n\t\t<\/div>\n\t\t\t\t\t<\/div>\n\t\t<\/section>\n\t\t\t\t<section class=\"elementor-section elementor-top-section elementor-element elementor-element-712b378 elementor-section-boxed elementor-section-height-default elementor-section-height-default\" data-id=\"712b378\" data-element_type=\"section\" data-e-type=\"section\">\n\t\t\t\t\t\t<div class=\"elementor-container elementor-column-gap-default\">\n\t\t\t\t\t<div class=\"elementor-column elementor-col-100 elementor-top-column elementor-element elementor-element-e09ed6b\" data-id=\"e09ed6b\" data-element_type=\"column\" data-e-type=\"column\">\n\t\t\t<div class=\"elementor-widget-wrap elementor-element-populated\">\n\t\t\t\t\t\t<div class=\"elementor-element elementor-element-b294b99 elementor-widget elementor-widget-text-editor\" data-id=\"b294b99\" data-element_type=\"widget\" data-e-type=\"widget\" data-widget_type=\"text-editor.default\">\n\t\t\t\t\t\t\t\t\t<p class=\"MsoNormal\"><span lang=\"CA\">El <a href=\"https:\/\/www.fustival.org\/\" target=\"_blank\" rel=\"noopener\">Fustival<\/a> son unas jornadas en torno a la ebanister\u00eda artesanal contempor\u00e1nea. Estos encuentros formativos de ebanister\u00eda artesanal est\u00e1n dirigidos por nuestro socio German Peraire, un carpintero comprometido con el estudio de las t\u00e9cnicas tradicionales de ebanister\u00eda en Europa. Lo comprobamos <a href=\"https:\/\/www.estudidelmoble.com\/projecte-fusta-moble-sostenibilitat\/tercera-fase-reflexions-reutilitzacio-disseny-present-i-futur\/visita-taller-de-german-peraire-i-colleccio-de-moble-i-ceramica\/\" target=\"_blank\" rel=\"noopener\">cuando visitamos su taller<\/a> i lo demostr\u00f3 con su pieza de la exposici\u00f3n <a href=\"https:\/\/www.estudidelmoble.com\/exposicio-el-moble-mes-enlla-de-lart\/\" target=\"_blank\" rel=\"noopener\"><em>El mueble m\u00e1s all\u00e1 del arte<\/em><\/a>, un archivador con puerta de persiana. Germ\u00e1n Peraire hizo la construcci\u00f3n, X\u00e8nia Garrof\u00e9 colabor\u00f3 con el dise\u00f1o de la marqueter\u00eda, que despu\u00e9s ejecut\u00f3 Beatriz Zuazo.<\/span><\/p><p class=\"MsoNormal\"><span lang=\"CA\">La Asociaci\u00f3n para el Estudio del Mueble participa en el Fustival como coorganizadora de las charlas del evento en el Disseny Hub Barcelona. As\u00ed, en paralelo a cursos pr\u00e1cticos con profesionales de la carpinter\u00eda europea y a una exposici\u00f3n de muebles contempor\u00e1neos, la tarde del viernes 5 de julio habr\u00e1 una jornada en el DHUB con expertos que ofrecer\u00e1n a los participantes sus conocimientos sobre carpinter\u00eda.<\/span><\/p><p class=\"MsoNormal\"><span lang=\"CA\"><a href=\"https:\/\/www.fustival.org\/xerrades\" target=\"_blank\" rel=\"noopener\">A las charlas<\/a> podr\u00e1s encontrar a especialistas de toda Europa alrededor del mueble y la ebanister\u00eda. La presidenta de la AEM, M\u00f3nica Piera, analizar\u00e1 el <i>Llibre de passanties dels mestres fusters comen\u00e7ant en lo any 1778<\/i>, conservado por los cofrades maestros carpinteros de Barcelona, que recoge los dibujos realizados por los aspirantes a ejercer el oficio de carpintero. A partir de este hist\u00f3rico documento, reflexionaremos sobre la vigencia de las propuestas de hace dos siglos.<\/span><\/p><p class=\"MsoNormal\"><span lang=\"CA\">Adem\u00e1s, tendremos la ocasi\u00f3n de escuchar hablar de biocarpinter\u00eda con Manuel Gayete, observaremos el dise\u00f1o de muebles de construcci\u00f3n artesanal con Israel Mart\u00edn, y veremos la situaci\u00f3n de la ebanister\u00eda contempor\u00e1nea de Italia con el referente Vasko Sotirov. <\/span><\/p><p class=\"MsoNormal\"><span lang=\"CA\">Si quieres asistir a estas interesantes charlas,<a href=\"https:\/\/germanperaire.com\/producto\/jornada-de-charlas-en-el-design-hub\/\" target=\"_blank\" rel=\"noopener\"> puedes reservar ya tu plaza<\/a>.\u00a0<\/span><span style=\"background-color: var( --e-global-color-9896240 );\">Solicita tu c\u00f3digo de descuento del 50% en las charlas y del 15 en los talleres como socio de la AEM en info@estudidelmoble.com.<\/span><\/p>\t\t\t\t\t\t\t\t<\/div>\n\t\t\t\t<div class=\"elementor-element elementor-element-fa0b4a5 elementor-widget elementor-widget-spacer\" data-id=\"fa0b4a5\" data-element_type=\"widget\" data-e-type=\"widget\" data-widget_type=\"spacer.default\">\n\t\t\t\t\t\t\t<div class=\"elementor-spacer\">\n\t\t\t<div class=\"elementor-spacer-inner\"><\/div>\n\t\t<\/div>\n\t\t\t\t\t\t<\/div>\n\t\t\t\t\t<\/div>\n\t\t<\/div>\n\t\t\t\t\t<\/div>\n\t\t<\/section>\n\t\t\t\t<section class=\"elementor-section elementor-top-section elementor-element elementor-element-fcbcc8e elementor-section-boxed elementor-section-height-default elementor-section-height-default\" data-id=\"fcbcc8e\" data-element_type=\"section\" data-e-type=\"section\" data-settings=\"{&quot;background_background&quot;:&quot;classic&quot;}\">\n\t\t\t\t\t\t<div class=\"elementor-container elementor-column-gap-default\">\n\t\t\t\t\t<div class=\"elementor-column elementor-col-100 elementor-top-column elementor-element elementor-element-68fdb05\" data-id=\"68fdb05\" data-element_type=\"column\" data-e-type=\"column\">\n\t\t\t<div class=\"elementor-widget-wrap elementor-element-populated\">\n\t\t\t\t\t\t<div class=\"elementor-element elementor-element-884a5c3 elementor-widget elementor-widget-accordion\" data-id=\"884a5c3\" data-element_type=\"widget\" data-e-type=\"widget\" data-widget_type=\"accordion.default\">\n\t\t\t\t\t\t\t<div class=\"elementor-accordion\">\n\t\t\t\t\t\t\t<div class=\"elementor-accordion-item\">\n\t\t\t\t\t<div id=\"elementor-tab-title-1421\" class=\"elementor-tab-title\" data-tab=\"1\" role=\"button\" aria-controls=\"elementor-tab-content-1421\" aria-expanded=\"false\">\n\t\t\t\t\t\t\t\t\t\t\t\t\t<span class=\"elementor-accordion-icon elementor-accordion-icon-left\" aria-hidden=\"true\">\n\t\t\t\t\t\t\t\t\t\t\t\t\t\t\t<span class=\"elementor-accordion-icon-closed\"><svg class=\"e-font-icon-svg e-fas-plus\" viewBox=\"0 0 448 512\" xmlns=\"http:\/\/www.w3.org\/2000\/svg\"><path d=\"M416 208H272V64c0-17.67-14.33-32-32-32h-32c-17.67 0-32 14.33-32 32v144H32c-17.67 0-32 14.33-32 32v32c0 17.67 14.33 32 32 32h144v144c0 17.67 14.33 32 32 32h32c17.67 0 32-14.33 32-32V304h144c17.67 0 32-14.33 32-32v-32c0-17.67-14.33-32-32-32z\"><\/path><\/svg><\/span>\n\t\t\t\t\t\t\t\t<span class=\"elementor-accordion-icon-opened\"><svg class=\"e-font-icon-svg e-fas-minus\" viewBox=\"0 0 448 512\" xmlns=\"http:\/\/www.w3.org\/2000\/svg\"><path d=\"M416 208H32c-17.67 0-32 14.33-32 32v32c0 17.67 14.33 32 32 32h384c17.67 0 32-14.33 32-32v-32c0-17.67-14.33-32-32-32z\"><\/path><\/svg><\/span>\n\t\t\t\t\t\t\t\t\t\t\t\t\t\t<\/span>\n\t\t\t\t\t\t\t\t\t\t\t\t<a class=\"elementor-accordion-title\" tabindex=\"0\">Informaci\u00f3n pr\u00e1ctica<\/a>\n\t\t\t\t\t<\/div>\n\t\t\t\t\t<div id=\"elementor-tab-content-1421\" class=\"elementor-tab-content elementor-clearfix\" data-tab=\"1\" role=\"region\" aria-labelledby=\"elementor-tab-title-1421\"><p><strong>Fecha y hora:\u00a0<\/strong> Viernes, 5 de juliol\u00a0<\/p><p>A partir de las 17.30 horas<\/p><p>Disseny Hub Barcelona<\/p><div class=\"M2Cv8e hP3ybd\"><div class=\"gqkR3b hP3ybd\">Pl. de les Gl\u00f2ries, 37-38, Barcelona<\/div><\/div><\/div>\n\t\t\t\t<\/div>\n\t\t\t\t\t\t\t<div class=\"elementor-accordion-item\">\n\t\t\t\t\t<div id=\"elementor-tab-title-1422\" class=\"elementor-tab-title\" data-tab=\"2\" role=\"button\" aria-controls=\"elementor-tab-content-1422\" aria-expanded=\"false\">\n\t\t\t\t\t\t\t\t\t\t\t\t\t<span class=\"elementor-accordion-icon elementor-accordion-icon-left\" aria-hidden=\"true\">\n\t\t\t\t\t\t\t\t\t\t\t\t\t\t\t<span class=\"elementor-accordion-icon-closed\"><svg class=\"e-font-icon-svg e-fas-plus\" viewBox=\"0 0 448 512\" xmlns=\"http:\/\/www.w3.org\/2000\/svg\"><path d=\"M416 208H272V64c0-17.67-14.33-32-32-32h-32c-17.67 0-32 14.33-32 32v144H32c-17.67 0-32 14.33-32 32v32c0 17.67 14.33 32 32 32h144v144c0 17.67 14.33 32 32 32h32c17.67 0 32-14.33 32-32V304h144c17.67 0 32-14.33 32-32v-32c0-17.67-14.33-32-32-32z\"><\/path><\/svg><\/span>\n\t\t\t\t\t\t\t\t<span class=\"elementor-accordion-icon-opened\"><svg class=\"e-font-icon-svg e-fas-minus\" viewBox=\"0 0 448 512\" xmlns=\"http:\/\/www.w3.org\/2000\/svg\"><path d=\"M416 208H32c-17.67 0-32 14.33-32 32v32c0 17.67 14.33 32 32 32h384c17.67 0 32-14.33 32-32v-32c0-17.67-14.33-32-32-32z\"><\/path><\/svg><\/span>\n\t\t\t\t\t\t\t\t\t\t\t\t\t\t<\/span>\n\t\t\t\t\t\t\t\t\t\t\t\t<a class=\"elementor-accordion-title\" tabindex=\"0\">Precios<\/a>\n\t\t\t\t\t<\/div>\n\t\t\t\t\t<div id=\"elementor-tab-content-1422\" class=\"elementor-tab-content elementor-clearfix\" data-tab=\"2\" role=\"region\" aria-labelledby=\"elementor-tab-title-1422\"><p>PVP No socio: 12 \u20ac<\/p><p>Socio: 6 \u20ac con un c\u00f3digo de descuento que ten\u00e9is que solicitar en info@estudidelmoble.com o en el 932 56 67 85 (de 9.00 a 15.00 horas)<\/p><\/div>\n\t\t\t\t<\/div>\n\t\t\t\t\t\t\t<div class=\"elementor-accordion-item\">\n\t\t\t\t\t<div id=\"elementor-tab-title-1423\" class=\"elementor-tab-title\" data-tab=\"3\" role=\"button\" aria-controls=\"elementor-tab-content-1423\" aria-expanded=\"false\">\n\t\t\t\t\t\t\t\t\t\t\t\t\t<span class=\"elementor-accordion-icon elementor-accordion-icon-left\" aria-hidden=\"true\">\n\t\t\t\t\t\t\t\t\t\t\t\t\t\t\t<span class=\"elementor-accordion-icon-closed\"><svg class=\"e-font-icon-svg e-fas-plus\" viewBox=\"0 0 448 512\" xmlns=\"http:\/\/www.w3.org\/2000\/svg\"><path d=\"M416 208H272V64c0-17.67-14.33-32-32-32h-32c-17.67 0-32 14.33-32 32v144H32c-17.67 0-32 14.33-32 32v32c0 17.67 14.33 32 32 32h144v144c0 17.67 14.33 32 32 32h32c17.67 0 32-14.33 32-32V304h144c17.67 0 32-14.33 32-32v-32c0-17.67-14.33-32-32-32z\"><\/path><\/svg><\/span>\n\t\t\t\t\t\t\t\t<span class=\"elementor-accordion-icon-opened\"><svg class=\"e-font-icon-svg e-fas-minus\" viewBox=\"0 0 448 512\" xmlns=\"http:\/\/www.w3.org\/2000\/svg\"><path d=\"M416 208H32c-17.67 0-32 14.33-32 32v32c0 17.67 14.33 32 32 32h384c17.67 0 32-14.33 32-32v-32c0-17.67-14.33-32-32-32z\"><\/path><\/svg><\/span>\n\t\t\t\t\t\t\t\t\t\t\t\t\t\t<\/span>\n\t\t\t\t\t\t\t\t\t\t\t\t<a class=\"elementor-accordion-title\" tabindex=\"0\">Inscripciones<\/a>\n\t\t\t\t\t<\/div>\n\t\t\t\t\t<div id=\"elementor-tab-content-1423\" class=\"elementor-tab-content elementor-clearfix\" data-tab=\"3\" role=\"region\" aria-labelledby=\"elementor-tab-title-1423\"><p><strong>Plazas limitadas<\/strong><\/p><p>Inscripciones<a href=\"https:\/\/germanperaire.com\/producto\/jornada-de-charlas-en-el-design-hub\/\" target=\"_blank\" rel=\"noopener\"> en la web del Fustival<\/a><\/p><\/div>\n\t\t\t\t<\/div>\n\t\t\t\t\t\t\t\t<\/div>\n\t\t\t\t\t\t<\/div>\n\t\t\t\t\t<\/div>\n\t\t<\/div>\n\t\t\t\t\t<\/div>\n\t\t<\/section>\n\t\t\t\t<\/div>\n\t\t","protected":false},"excerpt":{"rendered":"<p>La AEM en el Fustival 2024: charlas sobre ebanister\u00eda tradicional en el Disseny Hub Barcelona el 7 de julio con M\u00f3nica Piera y otros<\/p>\n","protected":false},"author":458,"featured_media":61939,"comment_status":"closed","ping_status":"closed","sticky":false,"template":"","format":"standard","meta":{"_acf_changed":false,"footnotes":""},"categories":[309],"tags":[1086],"class_list":["post-62042","post","type-post","status-publish","format-standard","has-post-thumbnail","hentry","category-blog","tag-investigacion-es"],"acf":[],"_links":{"self":[{"href":"https:\/\/www.estudidelmoble.com\/es\/wp-json\/wp\/v2\/posts\/62042","targetHints":{"allow":["GET"]}}],"collection":[{"href":"https:\/\/www.estudidelmoble.com\/es\/wp-json\/wp\/v2\/posts"}],"about":[{"href":"https:\/\/www.estudidelmoble.com\/es\/wp-json\/wp\/v2\/types\/post"}],"author":[{"embeddable":true,"href":"https:\/\/www.estudidelmoble.com\/es\/wp-json\/wp\/v2\/users\/458"}],"replies":[{"embeddable":true,"href":"https:\/\/www.estudidelmoble.com\/es\/wp-json\/wp\/v2\/comments?post=62042"}],"version-history":[{"count":0,"href":"https:\/\/www.estudidelmoble.com\/es\/wp-json\/wp\/v2\/posts\/62042\/revisions"}],"wp:featuredmedia":[{"embeddable":true,"href":"https:\/\/www.estudidelmoble.com\/es\/wp-json\/wp\/v2\/media\/61939"}],"wp:attachment":[{"href":"https:\/\/www.estudidelmoble.com\/es\/wp-json\/wp\/v2\/media?parent=62042"}],"wp:term":[{"taxonomy":"category","embeddable":true,"href":"https:\/\/www.estudidelmoble.com\/es\/wp-json\/wp\/v2\/categories?post=62042"},{"taxonomy":"post_tag","embeddable":true,"href":"https:\/\/www.estudidelmoble.com\/es\/wp-json\/wp\/v2\/tags?post=62042"}],"curies":[{"name":"wp","href":"https:\/\/api.w.org\/{rel}","templated":true}]}}