{"id":62347,"date":"2024-06-20T11:05:40","date_gmt":"2024-06-20T09:05:40","guid":{"rendered":"https:\/\/www.estudidelmoble.com\/viaje-a-granada-tesoros-imprescindibles-y-sorprendentes-2\/"},"modified":"2024-06-20T11:53:58","modified_gmt":"2024-06-20T09:53:58","slug":"viaje-a-granada","status":"publish","type":"post","link":"https:\/\/www.estudidelmoble.com\/es\/viaje-a-granada\/","title":{"rendered":"Viaje a Granada: tesoros imprescindibles y sorprendentes"},"content":{"rendered":"\t\t<div data-elementor-type=\"wp-post\" data-elementor-id=\"62347\" class=\"elementor elementor-62347 elementor-62294\" data-elementor-post-type=\"post\">\n\t\t\t\t\t\t<section class=\"elementor-section elementor-top-section elementor-element elementor-element-82e5fe8 elementor-section-boxed elementor-section-height-default elementor-section-height-default\" data-id=\"82e5fe8\" data-element_type=\"section\" data-e-type=\"section\">\n\t\t\t\t\t\t<div class=\"elementor-container elementor-column-gap-default\">\n\t\t\t\t\t<div class=\"elementor-column elementor-col-100 elementor-top-column elementor-element elementor-element-94aca3d\" data-id=\"94aca3d\" data-element_type=\"column\" data-e-type=\"column\">\n\t\t\t<div class=\"elementor-widget-wrap elementor-element-populated\">\n\t\t\t\t\t\t<div class=\"elementor-element elementor-element-82a2d67 elementor-widget elementor-widget-heading\" data-id=\"82a2d67\" data-element_type=\"widget\" data-e-type=\"widget\" data-widget_type=\"heading.default\">\n\t\t\t\t\t<h1 class=\"elementor-heading-title elementor-size-default\">Viaje a Granada: <br \/>\ntesoros imprescindibles y sorprendentes<\/h1>\t\t\t\t<\/div>\n\t\t\t\t<div class=\"elementor-element elementor-element-ba9ca3b elementor-widget elementor-widget-heading\" data-id=\"ba9ca3b\" data-element_type=\"widget\" data-e-type=\"widget\" data-widget_type=\"heading.default\">\n\t\t\t\t\t<h2 class=\"elementor-heading-title elementor-size-default\">De la riqueza del arte nazar\u00ed a la teatralidad barroca<\/h2>\t\t\t\t<\/div>\n\t\t\t\t<div class=\"elementor-element elementor-element-d07e0d7 elementor-widget elementor-widget-heading\" data-id=\"d07e0d7\" data-element_type=\"widget\" data-e-type=\"widget\" data-widget_type=\"heading.default\">\n\t\t\t\t\t<h3 class=\"elementor-heading-title elementor-size-default\">Del 22 al 24 de noviembre de 2024<\/h3>\t\t\t\t<\/div>\n\t\t\t\t\t<\/div>\n\t\t<\/div>\n\t\t\t\t\t<\/div>\n\t\t<\/section>\n\t\t\t\t<section class=\"elementor-section elementor-top-section elementor-element elementor-element-f86caf6 elementor-section-content-middle elementor-section-boxed elementor-section-height-default elementor-section-height-default\" data-id=\"f86caf6\" data-element_type=\"section\" data-e-type=\"section\">\n\t\t\t\t\t\t<div class=\"elementor-container elementor-column-gap-default\">\n\t\t\t\t\t<div class=\"elementor-column elementor-col-100 elementor-top-column elementor-element elementor-element-74f6b1f\" data-id=\"74f6b1f\" data-element_type=\"column\" data-e-type=\"column\">\n\t\t\t<div class=\"elementor-widget-wrap elementor-element-populated\">\n\t\t\t\t\t\t<div class=\"elementor-element elementor-element-e15d3b4 elementor-widget elementor-widget-spacer\" data-id=\"e15d3b4\" data-element_type=\"widget\" data-e-type=\"widget\" data-widget_type=\"spacer.default\">\n\t\t\t\t\t\t\t<div class=\"elementor-spacer\">\n\t\t\t<div class=\"elementor-spacer-inner\"><\/div>\n\t\t<\/div>\n\t\t\t\t\t\t<\/div>\n\t\t\t\t<div class=\"elementor-element elementor-element-2ceecef elementor-widget elementor-widget-image\" data-id=\"2ceecef\" data-element_type=\"widget\" data-e-type=\"widget\" data-widget_type=\"image.default\">\n\t\t\t\t\t\t\t\t\t\t\t\t\t\t\t<img fetchpriority=\"high\" decoding=\"async\" width=\"768\" height=\"768\" src=\"https:\/\/www.estudidelmoble.com\/wp-content\/uploads\/2022\/09\/Camarin-San-Juan-de-Dios-Granada.jpg\" class=\"attachment-medium_large size-medium_large wp-image-51642\" alt=\"\" srcset=\"https:\/\/www.estudidelmoble.com\/wp-content\/uploads\/2022\/09\/Camarin-San-Juan-de-Dios-Granada.jpg 768w, https:\/\/www.estudidelmoble.com\/wp-content\/uploads\/2022\/09\/Camarin-San-Juan-de-Dios-Granada-300x300.jpg 300w, https:\/\/www.estudidelmoble.com\/wp-content\/uploads\/2022\/09\/Camarin-San-Juan-de-Dios-Granada-150x150.jpg 150w, https:\/\/www.estudidelmoble.com\/wp-content\/uploads\/2022\/09\/Camarin-San-Juan-de-Dios-Granada-600x600.jpg 600w, https:\/\/www.estudidelmoble.com\/wp-content\/uploads\/2022\/09\/Camarin-San-Juan-de-Dios-Granada-100x100.jpg 100w\" sizes=\"(max-width: 768px) 100vw, 768px\" \/>\t\t\t\t\t\t\t\t\t\t\t\t\t\t\t<\/div>\n\t\t\t\t\t<\/div>\n\t\t<\/div>\n\t\t\t\t\t<\/div>\n\t\t<\/section>\n\t\t\t\t<section class=\"elementor-section elementor-top-section elementor-element elementor-element-6d3269d elementor-section-boxed elementor-section-height-default elementor-section-height-default\" data-id=\"6d3269d\" data-element_type=\"section\" data-e-type=\"section\">\n\t\t\t\t\t\t<div class=\"elementor-container elementor-column-gap-default\">\n\t\t\t\t\t<div class=\"elementor-column elementor-col-100 elementor-top-column elementor-element elementor-element-bc160a3\" data-id=\"bc160a3\" data-element_type=\"column\" data-e-type=\"column\">\n\t\t\t<div class=\"elementor-widget-wrap elementor-element-populated\">\n\t\t\t\t\t\t<div class=\"elementor-element elementor-element-ee3cb1f elementor-widget elementor-widget-text-editor\" data-id=\"ee3cb1f\" data-element_type=\"widget\" data-e-type=\"widget\" data-widget_type=\"text-editor.default\">\n\t\t\t\t\t\t\t\t\t<p>Disfruta del incre\u00edble patrimonio art\u00edstico de Granada, entrando en monumentos de diferentes estilos y \u00e9pocas, yde usos religiosos y civiles, todos de gran calidad y belleza. Lo descubrir\u00e1s con los amigos de la AEM en la ciudad andaluza, especialistas en patrimonio, que te explicar\u00e1n cada espacio que visitaremos.<\/p><p>Durante el viaje acceder\u00e1s a la iglesia de San Justo y Pastor, que conserva una magn\u00edfica colecci\u00f3n de espejos en la sacrist\u00eda, con marcos ricamente decorados; en la Casa Porras descubrir\u00e1s su referencia a la carpinter\u00eda mud\u00e9jar; te dejar\u00e1 boquiabierto el espectacular artesonado con una original\u00edsima ornamentaci\u00f3n de la Casa de los Tiros; ver\u00e1s la importante colecci\u00f3n de arte de la Casa Pisa; visitar\u00e1s el Real Monasterio de San Jer\u00f3nimo, joya del Renacimiento granadino; y disfrutar\u00e1s de la siempre incre\u00edble Alhambra.<\/p><p>Entrar\u00e1s en el barroco m\u00e1s deslumbrante con los camarines, obras totales de arquitectura, escultura y teatralidad. Podr\u00e1s comparar el camar\u00edn de la Virgen del Rosario y el de la bas\u00edlica de San Juan de Dios, que se completa con un retablo mec\u00e1nico.La Abad\u00eda del Sacromonte te obrir\u00e1 en exclusiva espacios cerrados al p\u00fablico como el coro o las Cruj\u00edas, donde se conservan muebles de gran inter\u00e9s. Completar\u00e1s la visita con monumentos como el Hospital Real y la Biblioteca de la Universidad de Granada.<\/p><p>\u00a1Prep\u00e1rate para este completo paseo cultural y para m\u00e1s sorpresas! Esperamos ya tu reserva para venir con la AEM a Granada.<\/p>\t\t\t\t\t\t\t\t<\/div>\n\t\t\t\t\t<\/div>\n\t\t<\/div>\n\t\t\t\t\t<\/div>\n\t\t<\/section>\n\t\t\t\t<section class=\"elementor-section elementor-top-section elementor-element elementor-element-56fedeb elementor-section-boxed elementor-section-height-default elementor-section-height-default\" data-id=\"56fedeb\" data-element_type=\"section\" data-e-type=\"section\">\n\t\t\t\t\t\t<div class=\"elementor-container elementor-column-gap-default\">\n\t\t\t\t\t<div class=\"elementor-column elementor-col-100 elementor-top-column elementor-element elementor-element-a69258c\" data-id=\"a69258c\" data-element_type=\"column\" data-e-type=\"column\" data-settings=\"{&quot;background_background&quot;:&quot;classic&quot;}\">\n\t\t\t<div class=\"elementor-widget-wrap elementor-element-populated\">\n\t\t\t\t\t\t<div class=\"elementor-element elementor-element-ae0a1f0 elementor-view-framed elementor-position-inline-start elementor-shape-circle elementor-mobile-position-block-start elementor-widget elementor-widget-icon-box\" data-id=\"ae0a1f0\" data-element_type=\"widget\" data-e-type=\"widget\" data-widget_type=\"icon-box.default\">\n\t\t\t\t\t\t\t<div class=\"elementor-icon-box-wrapper\">\n\n\t\t\t\t\t\t<div class=\"elementor-icon-box-icon\">\n\t\t\t\t<a href=\"https:\/\/www.estudidelmoble.com\/wp-content\/uploads\/2024\/06\/Programa-Viatge-Granada-AEM.pdf\" target=\"_blank\" class=\"elementor-icon\" tabindex=\"-1\" aria-label=\"Descarrega programa catal\u00e0 (PDF)\">\n\t\t\t\t<svg aria-hidden=\"true\" class=\"e-font-icon-svg e-fas-file-download\" viewBox=\"0 0 384 512\" xmlns=\"http:\/\/www.w3.org\/2000\/svg\"><path d=\"M224 136V0H24C10.7 0 0 10.7 0 24v464c0 13.3 10.7 24 24 24h336c13.3 0 24-10.7 24-24V160H248c-13.2 0-24-10.8-24-24zm76.45 211.36l-96.42 95.7c-6.65 6.61-17.39 6.61-24.04 0l-96.42-95.7C73.42 337.29 80.54 320 94.82 320H160v-80c0-8.84 7.16-16 16-16h32c8.84 0 16 7.16 16 16v80h65.18c14.28 0 21.4 17.29 11.27 27.36zM377 105L279.1 7c-4.5-4.5-10.6-7-17-7H256v128h128v-6.1c0-6.3-2.5-12.4-7-16.9z\"><\/path><\/svg>\t\t\t\t<\/a>\n\t\t\t<\/div>\n\t\t\t\n\t\t\t\t\t\t<div class=\"elementor-icon-box-content\">\n\n\t\t\t\t\t\t\t\t\t<p class=\"elementor-icon-box-title\">\n\t\t\t\t\t\t<a href=\"https:\/\/www.estudidelmoble.com\/wp-content\/uploads\/2024\/06\/Programa-Viatge-Granada-AEM.pdf\" target=\"_blank\">\n\t\t\t\t\t\t\tDescarrega programa catal\u00e0 (PDF)\t\t\t\t\t\t<\/a>\n\t\t\t\t\t<\/p>\n\t\t\t\t\n\t\t\t\t\n\t\t\t<\/div>\n\t\t\t\n\t\t<\/div>\n\t\t\t\t\t\t<\/div>\n\t\t\t\t<div class=\"elementor-element elementor-element-bc8f8bb elementor-view-framed elementor-position-inline-start elementor-shape-circle elementor-mobile-position-block-start elementor-widget elementor-widget-icon-box\" data-id=\"bc8f8bb\" data-element_type=\"widget\" data-e-type=\"widget\" data-widget_type=\"icon-box.default\">\n\t\t\t\t\t\t\t<div class=\"elementor-icon-box-wrapper\">\n\n\t\t\t\t\t\t<div class=\"elementor-icon-box-icon\">\n\t\t\t\t<a href=\"https:\/\/www.estudidelmoble.com\/wp-content\/uploads\/2024\/06\/Programa-Viaje-Granada-AEM.pdf\" target=\"_blank\" class=\"elementor-icon\" tabindex=\"-1\" aria-label=\"Descarga programa castellano (PDF)\">\n\t\t\t\t<svg aria-hidden=\"true\" class=\"e-font-icon-svg e-fas-file-download\" viewBox=\"0 0 384 512\" xmlns=\"http:\/\/www.w3.org\/2000\/svg\"><path d=\"M224 136V0H24C10.7 0 0 10.7 0 24v464c0 13.3 10.7 24 24 24h336c13.3 0 24-10.7 24-24V160H248c-13.2 0-24-10.8-24-24zm76.45 211.36l-96.42 95.7c-6.65 6.61-17.39 6.61-24.04 0l-96.42-95.7C73.42 337.29 80.54 320 94.82 320H160v-80c0-8.84 7.16-16 16-16h32c8.84 0 16 7.16 16 16v80h65.18c14.28 0 21.4 17.29 11.27 27.36zM377 105L279.1 7c-4.5-4.5-10.6-7-17-7H256v128h128v-6.1c0-6.3-2.5-12.4-7-16.9z\"><\/path><\/svg>\t\t\t\t<\/a>\n\t\t\t<\/div>\n\t\t\t\n\t\t\t\t\t\t<div class=\"elementor-icon-box-content\">\n\n\t\t\t\t\t\t\t\t\t<p class=\"elementor-icon-box-title\">\n\t\t\t\t\t\t<a href=\"https:\/\/www.estudidelmoble.com\/wp-content\/uploads\/2024\/06\/Programa-Viaje-Granada-AEM.pdf\" target=\"_blank\">\n\t\t\t\t\t\t\tDescarga programa castellano (PDF)\t\t\t\t\t\t<\/a>\n\t\t\t\t\t<\/p>\n\t\t\t\t\n\t\t\t\t\n\t\t\t<\/div>\n\t\t\t\n\t\t<\/div>\n\t\t\t\t\t\t<\/div>\n\t\t\t\t\t<\/div>\n\t\t<\/div>\n\t\t\t\t\t<\/div>\n\t\t<\/section>\n\t\t\t\t<section class=\"elementor-section elementor-top-section elementor-element elementor-element-df3d149 elementor-section-content-middle elementor-section-boxed elementor-section-height-default elementor-section-height-default\" data-id=\"df3d149\" data-element_type=\"section\" data-e-type=\"section\">\n\t\t\t\t\t\t<div class=\"elementor-container elementor-column-gap-default\">\n\t\t\t\t\t<div class=\"elementor-column elementor-col-100 elementor-top-column elementor-element elementor-element-14024a1d\" data-id=\"14024a1d\" data-element_type=\"column\" data-e-type=\"column\">\n\t\t\t<div class=\"elementor-widget-wrap elementor-element-populated\">\n\t\t\t\t\t\t<div class=\"elementor-element elementor-element-12197ff elementor-widget elementor-widget-read-more\" data-id=\"12197ff\" data-element_type=\"widget\" data-e-type=\"widget\" data-widget_type=\"read-more.default\">\n\t\t\t\t\t<\/div><\/div><\/div><\/div><\/section><\/div> <a href=\"https:\/\/www.estudidelmoble.com\/es\/viaje-a-granada\/#more-62347\" class=\"more-link elementor-more-link\"><span aria-label=\"Sigue leyendo Viaje a Granada: tesoros imprescindibles y sorprendentes\">Continua llegint<\/span><\/a>","protected":false},"excerpt":{"rendered":"<p>Viaje a Granada: Alhambra, Generalife y arte nazar\u00ed. Camarines barrocos de la Virgen del Rosario y San Juan de Dios. Artesonados y muebles del patrimonio y museos<\/p>\n","protected":false},"author":458,"featured_media":51642,"comment_status":"closed","ping_status":"closed","sticky":false,"template":"","format":"standard","meta":{"_acf_changed":false,"footnotes":""},"categories":[28,309,295,38],"tags":[312,1100,407,408,1179,1124],"class_list":["post-62347","post","type-post","status-publish","format-standard","has-post-thumbnail","hentry","category-blog-es","category-blog","category-viajes","category-viatges","tag-arquitectura-es","tag-museos-es","tag-s-xvi-es","tag-s-xvii-es","tag-viajes","tag-visitas"],"acf":[],"_links":{"self":[{"href":"https:\/\/www.estudidelmoble.com\/es\/wp-json\/wp\/v2\/posts\/62347","targetHints":{"allow":["GET"]}}],"collection":[{"href":"https:\/\/www.estudidelmoble.com\/es\/wp-json\/wp\/v2\/posts"}],"about":[{"href":"https:\/\/www.estudidelmoble.com\/es\/wp-json\/wp\/v2\/types\/post"}],"author":[{"embeddable":true,"href":"https:\/\/www.estudidelmoble.com\/es\/wp-json\/wp\/v2\/users\/458"}],"replies":[{"embeddable":true,"href":"https:\/\/www.estudidelmoble.com\/es\/wp-json\/wp\/v2\/comments?post=62347"}],"version-history":[{"count":0,"href":"https:\/\/www.estudidelmoble.com\/es\/wp-json\/wp\/v2\/posts\/62347\/revisions"}],"wp:featuredmedia":[{"embeddable":true,"href":"https:\/\/www.estudidelmoble.com\/es\/wp-json\/wp\/v2\/media\/51642"}],"wp:attachment":[{"href":"https:\/\/www.estudidelmoble.com\/es\/wp-json\/wp\/v2\/media?parent=62347"}],"wp:term":[{"taxonomy":"category","embeddable":true,"href":"https:\/\/www.estudidelmoble.com\/es\/wp-json\/wp\/v2\/categories?post=62347"},{"taxonomy":"post_tag","embeddable":true,"href":"https:\/\/www.estudidelmoble.com\/es\/wp-json\/wp\/v2\/tags?post=62347"}],"curies":[{"name":"wp","href":"https:\/\/api.w.org\/{rel}","templated":true}]}}