{"id":62737,"date":"2024-07-11T09:50:33","date_gmt":"2024-07-11T07:50:33","guid":{"rendered":"https:\/\/www.estudidelmoble.com\/la-aem-completa-la-investigacion-sobre-los-objetos-en-la-pintura-de-gutierrez-solana\/"},"modified":"2024-07-11T10:53:38","modified_gmt":"2024-07-11T08:53:38","slug":"la-aem-completa-la-investigacion-sobre-los-objetos-en-la-pintura-de-gutierrez-solana","status":"publish","type":"post","link":"https:\/\/www.estudidelmoble.com\/es\/la-aem-completa-la-investigacion-sobre-los-objetos-en-la-pintura-de-gutierrez-solana\/","title":{"rendered":"La AEM completa la investigaci\u00f3n sobre los objetos en la pintura de Guti\u00e9rrez Solana"},"content":{"rendered":"\t\t<div data-elementor-type=\"wp-post\" data-elementor-id=\"62737\" class=\"elementor elementor-62737 elementor-62715\" data-elementor-post-type=\"post\">\n\t\t\t\t\t\t<section class=\"elementor-section elementor-top-section elementor-element elementor-element-928a414 elementor-section-boxed elementor-section-height-default elementor-section-height-default\" data-id=\"928a414\" data-element_type=\"section\" data-e-type=\"section\">\n\t\t\t\t\t\t<div class=\"elementor-container elementor-column-gap-default\">\n\t\t\t\t\t<div class=\"elementor-column elementor-col-100 elementor-top-column elementor-element elementor-element-05ea070\" data-id=\"05ea070\" data-element_type=\"column\" data-e-type=\"column\">\n\t\t\t<div class=\"elementor-widget-wrap elementor-element-populated\">\n\t\t\t\t\t\t<div class=\"elementor-element elementor-element-084379f elementor-widget elementor-widget-heading\" data-id=\"084379f\" data-element_type=\"widget\" data-e-type=\"widget\" data-widget_type=\"heading.default\">\n\t\t\t\t\t<h1 class=\"elementor-heading-title elementor-size-default\">L'AEM completa la investigaci\u00f3n de los objetos de las pinturas de Guti\u00e9rrez Solana<\/h1>\t\t\t\t<\/div>\n\t\t\t\t<div class=\"elementor-element elementor-element-7041904 elementor-widget elementor-widget-heading\" data-id=\"7041904\" data-element_type=\"widget\" data-e-type=\"widget\" data-widget_type=\"heading.default\">\n\t\t\t\t\t<h2 class=\"elementor-heading-title elementor-size-default\">Un a\u00f1o despu\u00e9s de la concesi\u00f3n del premio INVESTIGA Colecci\u00f3n Banco Santander<\/h2>\t\t\t\t<\/div>\n\t\t\t\t\t<\/div>\n\t\t<\/div>\n\t\t\t\t\t<\/div>\n\t\t<\/section>\n\t\t\t\t<section class=\"elementor-section elementor-top-section elementor-element elementor-element-a65e863 elementor-section-boxed elementor-section-height-default elementor-section-height-default\" data-id=\"a65e863\" data-element_type=\"section\" data-e-type=\"section\">\n\t\t\t\t\t\t<div class=\"elementor-container elementor-column-gap-default\">\n\t\t\t\t\t<div class=\"elementor-column elementor-col-100 elementor-top-column elementor-element elementor-element-55d2947\" data-id=\"55d2947\" data-element_type=\"column\" data-e-type=\"column\">\n\t\t\t<div class=\"elementor-widget-wrap elementor-element-populated\">\n\t\t\t\t\t\t<div class=\"elementor-element elementor-element-295e93d elementor-widget elementor-widget-image\" data-id=\"295e93d\" data-element_type=\"widget\" data-e-type=\"widget\" data-widget_type=\"image.default\">\n\t\t\t\t\t\t\t\t\t\t\t\t\t\t\t<img fetchpriority=\"high\" decoding=\"async\" width=\"768\" height=\"513\" src=\"https:\/\/www.estudidelmoble.com\/wp-content\/uploads\/2023\/07\/Fundacion-Banco-Santander-Gutierrez-Solana-768x513.jpg\" class=\"attachment-medium_large size-medium_large wp-image-58594\" alt=\"Guti\u00e9rrez Solana Colecci\u00f3n Fundaci\u00f3n Banco Santander\" srcset=\"https:\/\/www.estudidelmoble.com\/wp-content\/uploads\/2023\/07\/Fundacion-Banco-Santander-Gutierrez-Solana-768x513.jpg 768w, https:\/\/www.estudidelmoble.com\/wp-content\/uploads\/2023\/07\/Fundacion-Banco-Santander-Gutierrez-Solana-300x200.jpg 300w, https:\/\/www.estudidelmoble.com\/wp-content\/uploads\/2023\/07\/Fundacion-Banco-Santander-Gutierrez-Solana-1024x684.jpg 1024w, https:\/\/www.estudidelmoble.com\/wp-content\/uploads\/2023\/07\/Fundacion-Banco-Santander-Gutierrez-Solana-1536x1025.jpg 1536w, https:\/\/www.estudidelmoble.com\/wp-content\/uploads\/2023\/07\/Fundacion-Banco-Santander-Gutierrez-Solana-2048x1367.jpg 2048w, https:\/\/www.estudidelmoble.com\/wp-content\/uploads\/2023\/07\/Fundacion-Banco-Santander-Gutierrez-Solana-600x401.jpg 600w\" sizes=\"(max-width: 768px) 100vw, 768px\" \/>\t\t\t\t\t\t\t\t\t\t\t\t\t\t\t<\/div>\n\t\t\t\t<div class=\"elementor-element elementor-element-6d04412 elementor-widget elementor-widget-text-editor\" data-id=\"6d04412\" data-element_type=\"widget\" data-e-type=\"widget\" data-widget_type=\"text-editor.default\">\n\t\t\t\t\t\t\t\t\t<p>Fotograf\u00eda de las obras de la Colecci\u00f3n Banco Santander<\/p>\t\t\t\t\t\t\t\t<\/div>\n\t\t\t\t\t<\/div>\n\t\t<\/div>\n\t\t\t\t\t<\/div>\n\t\t<\/section>\n\t\t\t\t<section class=\"elementor-section elementor-top-section elementor-element elementor-element-94de665 elementor-section-boxed elementor-section-height-default elementor-section-height-default\" data-id=\"94de665\" data-element_type=\"section\" data-e-type=\"section\">\n\t\t\t\t\t\t<div class=\"elementor-container elementor-column-gap-default\">\n\t\t\t\t\t<div class=\"elementor-column elementor-col-100 elementor-top-column elementor-element elementor-element-42e7ee2\" data-id=\"42e7ee2\" data-element_type=\"column\" data-e-type=\"column\">\n\t\t\t<div class=\"elementor-widget-wrap elementor-element-populated\">\n\t\t\t\t\t\t<div class=\"elementor-element elementor-element-f914a5c elementor-widget elementor-widget-spacer\" data-id=\"f914a5c\" data-element_type=\"widget\" data-e-type=\"widget\" data-widget_type=\"spacer.default\">\n\t\t\t\t\t\t\t<div class=\"elementor-spacer\">\n\t\t\t<div class=\"elementor-spacer-inner\"><\/div>\n\t\t<\/div>\n\t\t\t\t\t\t<\/div>\n\t\t\t\t\t<\/div>\n\t\t<\/div>\n\t\t\t\t\t<\/div>\n\t\t<\/section>\n\t\t\t\t<section class=\"elementor-section elementor-top-section elementor-element elementor-element-949e30b elementor-section-boxed elementor-section-height-default elementor-section-height-default\" data-id=\"949e30b\" data-element_type=\"section\" data-e-type=\"section\">\n\t\t\t\t\t\t<div class=\"elementor-container elementor-column-gap-default\">\n\t\t\t\t\t<div class=\"elementor-column elementor-col-100 elementor-top-column elementor-element elementor-element-c851201\" data-id=\"c851201\" data-element_type=\"column\" data-e-type=\"column\">\n\t\t\t<div class=\"elementor-widget-wrap elementor-element-populated\">\n\t\t\t\t\t\t<div class=\"elementor-element elementor-element-d8d8ad2 elementor-widget elementor-widget-text-editor\" data-id=\"d8d8ad2\" data-element_type=\"widget\" data-e-type=\"widget\" data-widget_type=\"text-editor.default\">\n\t\t\t\t\t\t\t\t\t<p>En julio de 2024, la Asociaci\u00f3n para el Estudio del Mueble\u00a0era<a href=\"https:\/\/www.estudidelmoble.com\/es\/la-aem-gana-el-premio-investiga-coleccion-banco-santander\/\" target=\"_blank\" rel=\"noopener\"> seleccionada como beneficiaria en la convocatoria\u00a0Investiga Colecci\u00f3n Banco Santander<\/a> con una original propuesta que planteaba la mirada a diecisiete pinturas de Jos\u00e9 Guti\u00e9rrez Solana de la\u00a0<a href=\"https:\/\/www.fundacionbancosantander.com\/es\/cultura\/arte\/coleccion-banco-santander\" target=\"_blank\" rel=\"noopener\">Colecci\u00f3n Banco Santander<\/a>, a partir del estudio de los objetos y muebles representados. Ahora, un a\u00f1o despu\u00e9s, el equipo del AEM formado por M\u00f3nica Piera, Montse Morgades e Ivette Vilalta, ha completado la investigaci\u00f3n.<\/p><p>El objetivo era preguntarse si analizar los cuadros a partir de los utensilios, muebles y espacios escogidos por el pintor pod\u00eda aportar lecturas diferentes a las obras. Para llegar a conclusiones, las investigadoras identificaron uno a uno los objetos de los cuadros, propusieron catalogaciones para situarlos en \u00e9poca y lugar de procedencia, as\u00ed como ofrecieron ejemplos de piezas parecidas conservadas en colecciones p\u00fablicas y privadas. Los resultados del trabajo han sido muy satisfactorios y han demostrado la validez de la propuesta. Sorprendentemente, la mirada a los objetos y muebles ha permitido no solo acercar las pinturas a su contexto, sino tambi\u00e9n ofrecer interpretaciones nuevas a las obras de este gran pintor espa\u00f1ol del siglo XX.<\/p><p>Deseamos leer pronto los resultados que, sin duda, aportar\u00e1n una nueva manera de entender la pintura de Jos\u00e9 Guti\u00e9rrez Solana. Y demostrar\u00e1, una vez m\u00e1s, c\u00f3mo analizar y estudiar el arte a partir de los muebles y objetos de la cotidianidad abre la ventana a lecturas insospechadas, actuales e innovadoras. Aquello que parece irrelevante es en realidad capital.<\/p><p>Desde hace 20 a\u00f1os la Asociaci\u00f3n trabaja desde estos puntos de vista considerados marginales y demuestra la riqueza de contenidos que es capaz de aportar. Los ejemplos son visibles en las investigaciones, cursos y textos dados a conocer y que <a href=\"https:\/\/www.estudidelmoble.com\/es\/servicios\/\" target=\"_blank\" rel=\"noopener\">pod\u00e9is consultar en este enlace<\/a>.<\/p><p>Todo el equipo del AEM aprovechamos estas l\u00edneas para agradecer a la Fundaci\u00f3n Banco Santander por\u00a0la concesi\u00f3n de esta ayuda, a Mar\u00eda Beguiristain y Estrella Palacios, por el acompa\u00f1amiento al grupo de trabajo, y a Nacho Ruiz, el tutor del equipo investigador, por las sugerencias y buena gu\u00eda.<\/p><p>Si quer\u00e9is solicitar los servicios del AEM (<a href=\"https:\/\/www.estudidelmoble.com\/es\/servicios\/estudios\/\" target=\"_blank\" rel=\"noopener\">investigaci\u00f3n<\/a>, <a href=\"https:\/\/www.estudidelmoble.com\/es\/servicios\/asesoria-y-conservacion\/\" target=\"_blank\" rel=\"noopener\">asesor\u00eda<\/a>, <a href=\"https:\/\/www.estudidelmoble.com\/es\/servicios\/tasaciones\/\" target=\"_blank\" rel=\"noopener\">tasaci\u00f3n<\/a>&#8230;) contactad con nosotros al mail, al tel\u00e9fono o mediante nuestro <a href=\"https:\/\/www.estudidelmoble.com\/es\/contacto\/\" target=\"_blank\" rel=\"noopener\">formulario de contacto<\/a>.<\/p>\t\t\t\t\t\t\t\t<\/div>\n\t\t\t\t\t<\/div>\n\t\t<\/div>\n\t\t\t\t\t<\/div>\n\t\t<\/section>\n\t\t\t\t<\/div>\n\t\t","protected":false},"excerpt":{"rendered":"<p>La AEM completa la investigaci\u00f3n sobre los objetos en la pintura de Guti\u00e9rrez Solana de la Colecci\u00f3n Banco Santander<\/p>\n","protected":false},"author":458,"featured_media":58591,"comment_status":"closed","ping_status":"closed","sticky":false,"template":"","format":"standard","meta":{"_acf_changed":false,"footnotes":""},"categories":[28],"tags":[1189,1190,1188],"class_list":["post-62737","post","type-post","status-publish","format-standard","has-post-thumbnail","hentry","category-blog-es","tag-coleccion","tag-gutierrez-solana-es","tag-investigacion"],"acf":[],"_links":{"self":[{"href":"https:\/\/www.estudidelmoble.com\/es\/wp-json\/wp\/v2\/posts\/62737","targetHints":{"allow":["GET"]}}],"collection":[{"href":"https:\/\/www.estudidelmoble.com\/es\/wp-json\/wp\/v2\/posts"}],"about":[{"href":"https:\/\/www.estudidelmoble.com\/es\/wp-json\/wp\/v2\/types\/post"}],"author":[{"embeddable":true,"href":"https:\/\/www.estudidelmoble.com\/es\/wp-json\/wp\/v2\/users\/458"}],"replies":[{"embeddable":true,"href":"https:\/\/www.estudidelmoble.com\/es\/wp-json\/wp\/v2\/comments?post=62737"}],"version-history":[{"count":0,"href":"https:\/\/www.estudidelmoble.com\/es\/wp-json\/wp\/v2\/posts\/62737\/revisions"}],"wp:featuredmedia":[{"embeddable":true,"href":"https:\/\/www.estudidelmoble.com\/es\/wp-json\/wp\/v2\/media\/58591"}],"wp:attachment":[{"href":"https:\/\/www.estudidelmoble.com\/es\/wp-json\/wp\/v2\/media?parent=62737"}],"wp:term":[{"taxonomy":"category","embeddable":true,"href":"https:\/\/www.estudidelmoble.com\/es\/wp-json\/wp\/v2\/categories?post=62737"},{"taxonomy":"post_tag","embeddable":true,"href":"https:\/\/www.estudidelmoble.com\/es\/wp-json\/wp\/v2\/tags?post=62737"}],"curies":[{"name":"wp","href":"https:\/\/api.w.org\/{rel}","templated":true}]}}