{"id":62863,"date":"2024-07-23T10:23:55","date_gmt":"2024-07-23T08:23:55","guid":{"rendered":"https:\/\/www.estudidelmoble.com\/vacaciones-de-verano-2024-en-la-sede-de-la-aem\/"},"modified":"2024-07-23T11:36:40","modified_gmt":"2024-07-23T09:36:40","slug":"vacaciones-de-verano-2024-en-la-sede-de-la-aem","status":"publish","type":"post","link":"https:\/\/www.estudidelmoble.com\/es\/vacaciones-de-verano-2024-en-la-sede-de-la-aem\/","title":{"rendered":"Vacaciones de verano 2024 en la sede de la AEM"},"content":{"rendered":"\t\t<div data-elementor-type=\"wp-post\" data-elementor-id=\"62863\" class=\"elementor elementor-62863 elementor-62855\" data-elementor-post-type=\"post\">\n\t\t\t\t\t\t<section class=\"elementor-section elementor-top-section elementor-element elementor-element-0e6c248 elementor-section-boxed elementor-section-height-default elementor-section-height-default\" data-id=\"0e6c248\" data-element_type=\"section\" data-e-type=\"section\">\n\t\t\t\t\t\t<div class=\"elementor-container elementor-column-gap-default\">\n\t\t\t\t\t<div class=\"elementor-column elementor-col-100 elementor-top-column elementor-element elementor-element-e6a0806\" data-id=\"e6a0806\" data-element_type=\"column\" data-e-type=\"column\">\n\t\t\t<div class=\"elementor-widget-wrap elementor-element-populated\">\n\t\t\t\t\t\t<div class=\"elementor-element elementor-element-d9b7ba6 elementor-widget elementor-widget-heading\" data-id=\"d9b7ba6\" data-element_type=\"widget\" data-e-type=\"widget\" data-widget_type=\"heading.default\">\n\t\t\t\t\t<h1 class=\"elementor-heading-title elementor-size-default\">Vacaciones en la sede de la AEM<\/h1>\t\t\t\t<\/div>\n\t\t\t\t<div class=\"elementor-element elementor-element-b74ea71 elementor-widget elementor-widget-heading\" data-id=\"b74ea71\" data-element_type=\"widget\" data-e-type=\"widget\" data-widget_type=\"heading.default\">\n\t\t\t\t\t<p class=\"elementor-heading-title elementor-size-default\">La sede estar\u00e1 cerrada entre el 3 de agosto y el 1 de setiembre de 2024<\/p>\t\t\t\t<\/div>\n\t\t\t\t\t<\/div>\n\t\t<\/div>\n\t\t\t\t\t<\/div>\n\t\t<\/section>\n\t\t\t\t<section class=\"elementor-section elementor-top-section elementor-element elementor-element-17d18f3 elementor-section-boxed elementor-section-height-default elementor-section-height-default\" data-id=\"17d18f3\" data-element_type=\"section\" data-e-type=\"section\">\n\t\t\t\t\t\t<div class=\"elementor-container elementor-column-gap-default\">\n\t\t\t\t\t<div class=\"elementor-column elementor-col-100 elementor-top-column elementor-element elementor-element-3331333\" data-id=\"3331333\" data-element_type=\"column\" data-e-type=\"column\">\n\t\t\t<div class=\"elementor-widget-wrap elementor-element-populated\">\n\t\t\t\t\t\t<div class=\"elementor-element elementor-element-689c009 elementor-widget elementor-widget-image\" data-id=\"689c009\" data-element_type=\"widget\" data-e-type=\"widget\" data-widget_type=\"image.default\">\n\t\t\t\t\t\t\t\t\t\t\t\t\t\t\t<img fetchpriority=\"high\" decoding=\"async\" width=\"768\" height=\"768\" src=\"https:\/\/www.estudidelmoble.com\/wp-content\/uploads\/2023\/07\/Associacio-per-a-lEstudi-del-moble-768x768.jpg\" class=\"attachment-medium_large size-medium_large wp-image-58456\" alt=\"\" srcset=\"https:\/\/www.estudidelmoble.com\/wp-content\/uploads\/2023\/07\/Associacio-per-a-lEstudi-del-moble-768x768.jpg 768w, https:\/\/www.estudidelmoble.com\/wp-content\/uploads\/2023\/07\/Associacio-per-a-lEstudi-del-moble-300x300.jpg 300w, https:\/\/www.estudidelmoble.com\/wp-content\/uploads\/2023\/07\/Associacio-per-a-lEstudi-del-moble-1024x1024.jpg 1024w, https:\/\/www.estudidelmoble.com\/wp-content\/uploads\/2023\/07\/Associacio-per-a-lEstudi-del-moble-150x150.jpg 150w, https:\/\/www.estudidelmoble.com\/wp-content\/uploads\/2023\/07\/Associacio-per-a-lEstudi-del-moble-1536x1536.jpg 1536w, https:\/\/www.estudidelmoble.com\/wp-content\/uploads\/2023\/07\/Associacio-per-a-lEstudi-del-moble-2048x2048.jpg 2048w, https:\/\/www.estudidelmoble.com\/wp-content\/uploads\/2023\/07\/Associacio-per-a-lEstudi-del-moble-600x600.jpg 600w, https:\/\/www.estudidelmoble.com\/wp-content\/uploads\/2023\/07\/Associacio-per-a-lEstudi-del-moble-100x100.jpg 100w\" sizes=\"(max-width: 768px) 100vw, 768px\" \/>\t\t\t\t\t\t\t\t\t\t\t\t\t\t\t<\/div>\n\t\t\t\t\t<\/div>\n\t\t<\/div>\n\t\t\t\t\t<\/div>\n\t\t<\/section>\n\t\t\t\t<section class=\"elementor-section elementor-top-section elementor-element elementor-element-712b378 elementor-section-boxed elementor-section-height-default elementor-section-height-default\" data-id=\"712b378\" data-element_type=\"section\" data-e-type=\"section\">\n\t\t\t\t\t\t<div class=\"elementor-container elementor-column-gap-default\">\n\t\t\t\t\t<div class=\"elementor-column elementor-col-100 elementor-top-column elementor-element elementor-element-e09ed6b\" data-id=\"e09ed6b\" data-element_type=\"column\" data-e-type=\"column\">\n\t\t\t<div class=\"elementor-widget-wrap elementor-element-populated\">\n\t\t\t\t\t\t<div class=\"elementor-element elementor-element-b294b99 elementor-widget elementor-widget-text-editor\" data-id=\"b294b99\" data-element_type=\"widget\" data-e-type=\"widget\" data-widget_type=\"text-editor.default\">\n\t\t\t\t\t\t\t\t\t<p>Este a\u00f1o la sede de la Asociaci\u00f3n para el Estudio del Mueble estar\u00e1 cerrada por vacaciones entre el 3 de agosto y el 1 de setiembre, los dos d\u00edas inclu\u00eddos.<\/p><h3>Compra a la tienda AEM en el verano de 2024<\/h3><p>Por tanto, te sugerimos que durante estos d\u00edas de julio hagas las compras en nuestra <a href=\"https:\/\/www.estudidelmoble.com\/es\/tienda\/\" target=\"_blank\" rel=\"noopener\">tienda online<\/a>. A partir del viernes 2 de agosto ya no podremos gestionar los env\u00edos de material. Recuerda que tenemos un completo cat\u00e1logo de <a href=\"https:\/\/www.estudidelmoble.com\/es\/tienda\/categoria-publicaciones\/\" target=\"_blank\" rel=\"noopener\">publicaciones<\/a> y\u00a0<a href=\"https:\/\/www.estudidelmoble.com\/es\/tienda\/categoria-libros-y-otros\/\" target=\"_blank\" rel=\"noopener\">libros<\/a> para ti, adem\u00e1s de una pr\u00e1ctica <a href=\"https:\/\/www.estudidelmoble.com\/es\/producto\/minixiloteca\/\" target=\"_blank\" rel=\"noopener\">minixiloteca<\/a>.<\/p><p>En cuanto a las actividades, como ahora el nuevo <a href=\"https:\/\/www.estudidelmoble.com\/es\/curso-de-historia-del-mueble-europeo-hasta-1900-aprende-practica-descubre-2024-2025\/\" target=\"_blank\" rel=\"noopener\">curso de Historia del mueble europeo hasta 1900<\/a>, o el <a href=\"https:\/\/www.estudidelmoble.com\/es\/reencuentro-aem-dos-exposiciones-y-comida\/\" target=\"_blank\" rel=\"noopener\">reecuentro de vacaciones en Sitges<\/a>, tampoco podremos atender vuestras peticiones durante las vacaciones. Tendr\u00e9is que esperara que volvamos el lunes 2 de setiembre para poder apuntaros.<\/p><h3>Contenidos de la AEM disponibles para todos<\/h3><p>Aprovechamos para recordarte que, a pesar de que nuestra sede no estar\u00e1 abierta, tienes muchos contenidos accesibles para disfrutar del mueble durante estas semanas de verano. Los puedes encontrar <a href=\"https:\/\/www.youtube.com\/channel\/UCM2X-ytUiXFWsbYl0vjtJQg\" target=\"_blank\" rel=\"noopener\">en nuestro canal de YouTube<\/a>, con las intervenciones de la primera jornada de <em>\u00a1Se abre el tel\u00f3n!<\/em><\/p><h1 style=\"margin: 0px; padding: 0px; border: 0px; background-image: initial; background-position: initial; background-size: initial; background-repeat: initial; background-attachment: initial; background-origin: initial; background-clip: initial; word-break: break-word; font-family: 'YouTube Sans', Roboto, sans-serif; font-size: 2rem; line-height: 2.8rem; font-weight: 600; overflow: hidden; max-height: 5.6rem; -webkit-line-clamp: 2; display: -webkit-box; -webkit-box-orient: vertical; text-overflow: ellipsis; color: #0f0f0f;\"><span style=\"background-color: var( --e-global-color-9896240 ); color: #333333; font-family: 'Source Sans Pro', sans-serif; font-size: 17px; font-weight: 400;\">\u00a1Os deseamos unas buenas vacaciones de verano!\u00a0<\/span><\/h1>\t\t\t\t\t\t\t\t<\/div>\n\t\t\t\t\t<\/div>\n\t\t<\/div>\n\t\t\t\t\t<\/div>\n\t\t<\/section>\n\t\t\t\t<\/div>\n\t\t","protected":false},"excerpt":{"rendered":"<p>Vacaciones a la sede de la AEM entre el s\u00e1bado 3 de agosto y el domingo 1 de setiembre de 2024. Te esperamos con m\u00e1s actividades en septiembre<\/p>\n","protected":false},"author":458,"featured_media":58456,"comment_status":"closed","ping_status":"closed","sticky":false,"template":"","format":"standard","meta":{"_acf_changed":false,"footnotes":""},"categories":[28],"tags":[],"class_list":["post-62863","post","type-post","status-publish","format-standard","has-post-thumbnail","hentry","category-blog-es"],"acf":[],"_links":{"self":[{"href":"https:\/\/www.estudidelmoble.com\/es\/wp-json\/wp\/v2\/posts\/62863","targetHints":{"allow":["GET"]}}],"collection":[{"href":"https:\/\/www.estudidelmoble.com\/es\/wp-json\/wp\/v2\/posts"}],"about":[{"href":"https:\/\/www.estudidelmoble.com\/es\/wp-json\/wp\/v2\/types\/post"}],"author":[{"embeddable":true,"href":"https:\/\/www.estudidelmoble.com\/es\/wp-json\/wp\/v2\/users\/458"}],"replies":[{"embeddable":true,"href":"https:\/\/www.estudidelmoble.com\/es\/wp-json\/wp\/v2\/comments?post=62863"}],"version-history":[{"count":0,"href":"https:\/\/www.estudidelmoble.com\/es\/wp-json\/wp\/v2\/posts\/62863\/revisions"}],"wp:featuredmedia":[{"embeddable":true,"href":"https:\/\/www.estudidelmoble.com\/es\/wp-json\/wp\/v2\/media\/58456"}],"wp:attachment":[{"href":"https:\/\/www.estudidelmoble.com\/es\/wp-json\/wp\/v2\/media?parent=62863"}],"wp:term":[{"taxonomy":"category","embeddable":true,"href":"https:\/\/www.estudidelmoble.com\/es\/wp-json\/wp\/v2\/categories?post=62863"},{"taxonomy":"post_tag","embeddable":true,"href":"https:\/\/www.estudidelmoble.com\/es\/wp-json\/wp\/v2\/tags?post=62863"}],"curies":[{"name":"wp","href":"https:\/\/api.w.org\/{rel}","templated":true}]}}