{"id":63355,"date":"2024-10-03T14:07:42","date_gmt":"2024-10-03T12:07:42","guid":{"rendered":"https:\/\/www.estudidelmoble.com\/conferencia-inaugural-de-m-paz-aguilo-en-la-nueva-edicion-del-curso-historia-del-mueble-europeo-hasta-1900\/"},"modified":"2024-10-04T13:08:09","modified_gmt":"2024-10-04T11:08:09","slug":"conferencia-inaugural-de-m-paz-aguilo-en-la-nueva-edicion-del-curso-historia-del-mueble-europeo-hasta-1900","status":"publish","type":"post","link":"https:\/\/www.estudidelmoble.com\/es\/conferencia-inaugural-de-m-paz-aguilo-en-la-nueva-edicion-del-curso-historia-del-mueble-europeo-hasta-1900\/","title":{"rendered":"Conferencia inaugural de M. Paz Aguil\u00f3 en la nueva edici\u00f3n del curso Historia del mueble europeo hasta 1900"},"content":{"rendered":"\t\t<div data-elementor-type=\"wp-post\" data-elementor-id=\"63355\" class=\"elementor elementor-63355 elementor-63324\" data-elementor-post-type=\"post\">\n\t\t\t\t\t\t<section class=\"elementor-section elementor-top-section elementor-element elementor-element-0c39f64 elementor-section-boxed elementor-section-height-default elementor-section-height-default\" data-id=\"0c39f64\" data-element_type=\"section\" data-e-type=\"section\">\n\t\t\t\t\t\t<div class=\"elementor-container elementor-column-gap-default\">\n\t\t\t\t\t<div class=\"elementor-column elementor-col-100 elementor-top-column elementor-element elementor-element-c02422c\" data-id=\"c02422c\" data-element_type=\"column\" data-e-type=\"column\">\n\t\t\t<div class=\"elementor-widget-wrap elementor-element-populated\">\n\t\t\t\t\t\t<div class=\"elementor-element elementor-element-139ef5b elementor-widget elementor-widget-heading\" data-id=\"139ef5b\" data-element_type=\"widget\" data-e-type=\"widget\" data-widget_type=\"heading.default\">\n\t\t\t\t\t<h1 class=\"elementor-heading-title elementor-size-default\">Conferencia inaugural de Mar\u00eda Paz Aguil\u00f3<\/h1>\t\t\t\t<\/div>\n\t\t\t\t<div class=\"elementor-element elementor-element-cee92f7 elementor-widget elementor-widget-heading\" data-id=\"cee92f7\" data-element_type=\"widget\" data-e-type=\"widget\" data-widget_type=\"heading.default\">\n\t\t\t\t\t<h2 class=\"elementor-heading-title elementor-size-default\">IX edici\u00f3n del curso \"Historia del mueble europeo hasta 1900\"<\/h2>\t\t\t\t<\/div>\n\t\t\t\t<div class=\"elementor-element elementor-element-69b1bcf elementor-widget elementor-widget-heading\" data-id=\"69b1bcf\" data-element_type=\"widget\" data-e-type=\"widget\" data-widget_type=\"heading.default\">\n\t\t\t\t\t<p class=\"elementor-heading-title elementor-size-default\">15 de octubre de 2024 en el Centro de Documentaci\u00f3 del Disseny Hub Barcelona<\/p>\t\t\t\t<\/div>\n\t\t\t\t\t<\/div>\n\t\t<\/div>\n\t\t\t\t\t<\/div>\n\t\t<\/section>\n\t\t\t\t<section class=\"elementor-section elementor-top-section elementor-element elementor-element-04999d3 elementor-section-boxed elementor-section-height-default elementor-section-height-default\" data-id=\"04999d3\" data-element_type=\"section\" data-e-type=\"section\">\n\t\t\t\t\t\t<div class=\"elementor-container elementor-column-gap-default\">\n\t\t\t\t\t<div class=\"elementor-column elementor-col-100 elementor-top-column elementor-element elementor-element-6cae71e\" data-id=\"6cae71e\" data-element_type=\"column\" data-e-type=\"column\">\n\t\t\t<div class=\"elementor-widget-wrap elementor-element-populated\">\n\t\t\t\t\t\t<div class=\"elementor-element elementor-element-064550a elementor-widget elementor-widget-spacer\" data-id=\"064550a\" data-element_type=\"widget\" data-e-type=\"widget\" data-widget_type=\"spacer.default\">\n\t\t\t\t\t\t\t<div class=\"elementor-spacer\">\n\t\t\t<div class=\"elementor-spacer-inner\"><\/div>\n\t\t<\/div>\n\t\t\t\t\t\t<\/div>\n\t\t\t\t<div class=\"elementor-element elementor-element-c6ce084 elementor-widget elementor-widget-image\" data-id=\"c6ce084\" data-element_type=\"widget\" data-e-type=\"widget\" data-widget_type=\"image.default\">\n\t\t\t\t\t\t\t\t\t\t\t\t\t\t\t<img fetchpriority=\"high\" decoding=\"async\" width=\"768\" height=\"643\" src=\"https:\/\/www.estudidelmoble.com\/wp-content\/uploads\/2024\/10\/Curso-M-Paz-Aguilo-768x643.jpg\" class=\"attachment-medium_large size-medium_large wp-image-63328\" alt=\"\" srcset=\"https:\/\/www.estudidelmoble.com\/wp-content\/uploads\/2024\/10\/Curso-M-Paz-Aguilo-768x643.jpg 768w, https:\/\/www.estudidelmoble.com\/wp-content\/uploads\/2024\/10\/Curso-M-Paz-Aguilo-300x251.jpg 300w, https:\/\/www.estudidelmoble.com\/wp-content\/uploads\/2024\/10\/Curso-M-Paz-Aguilo-600x503.jpg 600w, https:\/\/www.estudidelmoble.com\/wp-content\/uploads\/2024\/10\/Curso-M-Paz-Aguilo.jpg 826w\" sizes=\"(max-width: 768px) 100vw, 768px\" \/>\t\t\t\t\t\t\t\t\t\t\t\t\t\t\t<\/div>\n\t\t\t\t<div class=\"elementor-element elementor-element-1647333 elementor-widget elementor-widget-read-more\" data-id=\"1647333\" data-element_type=\"widget\" data-e-type=\"widget\" data-widget_type=\"read-more.default\">\n\t\t\t\t\t<\/div><\/div><\/div><\/div><\/section><\/div> <a href=\"https:\/\/www.estudidelmoble.com\/es\/conferencia-inaugural-de-m-paz-aguilo-en-la-nueva-edicion-del-curso-historia-del-mueble-europeo-hasta-1900\/#more-63355\" class=\"more-link elementor-more-link\"><span aria-label=\"Sigue leyendo Conferencia inaugural de M. Paz Aguil\u00f3 en la nueva edici\u00f3n del curso Historia del mueble europeo hasta 1900\">Continua llegint<\/span><\/a>","protected":false},"excerpt":{"rendered":"<p>Conferencia inaugural de M. Paz Aguil\u00f3, experta en investigaci\u00f3n del mobiliario en la edici\u00f3n IX del curso Historia del mueble europeo hasta 1900<\/p>\n","protected":false},"author":458,"featured_media":63328,"comment_status":"closed","ping_status":"closed","sticky":false,"template":"","format":"standard","meta":{"_acf_changed":false,"footnotes":""},"categories":[28],"tags":[340,1085],"class_list":["post-63355","post","type-post","status-publish","format-standard","has-post-thumbnail","hentry","category-blog-es","tag-expertos-es","tag-historiadelmueble-es"],"acf":[],"_links":{"self":[{"href":"https:\/\/www.estudidelmoble.com\/es\/wp-json\/wp\/v2\/posts\/63355","targetHints":{"allow":["GET"]}}],"collection":[{"href":"https:\/\/www.estudidelmoble.com\/es\/wp-json\/wp\/v2\/posts"}],"about":[{"href":"https:\/\/www.estudidelmoble.com\/es\/wp-json\/wp\/v2\/types\/post"}],"author":[{"embeddable":true,"href":"https:\/\/www.estudidelmoble.com\/es\/wp-json\/wp\/v2\/users\/458"}],"replies":[{"embeddable":true,"href":"https:\/\/www.estudidelmoble.com\/es\/wp-json\/wp\/v2\/comments?post=63355"}],"version-history":[{"count":0,"href":"https:\/\/www.estudidelmoble.com\/es\/wp-json\/wp\/v2\/posts\/63355\/revisions"}],"wp:featuredmedia":[{"embeddable":true,"href":"https:\/\/www.estudidelmoble.com\/es\/wp-json\/wp\/v2\/media\/63328"}],"wp:attachment":[{"href":"https:\/\/www.estudidelmoble.com\/es\/wp-json\/wp\/v2\/media?parent=63355"}],"wp:term":[{"taxonomy":"category","embeddable":true,"href":"https:\/\/www.estudidelmoble.com\/es\/wp-json\/wp\/v2\/categories?post=63355"},{"taxonomy":"post_tag","embeddable":true,"href":"https:\/\/www.estudidelmoble.com\/es\/wp-json\/wp\/v2\/tags?post=63355"}],"curies":[{"name":"wp","href":"https:\/\/api.w.org\/{rel}","templated":true}]}}