{"id":63902,"date":"2024-11-05T13:54:41","date_gmt":"2024-11-05T11:54:41","guid":{"rendered":"https:\/\/www.estudidelmoble.com\/presentacion-publicacion-y-dossier-aem\/"},"modified":"2024-11-19T10:51:19","modified_gmt":"2024-11-19T08:51:19","slug":"presentacion-publicacion-y-dossier-aem","status":"publish","type":"post","link":"https:\/\/www.estudidelmoble.com\/es\/presentacion-publicacion-y-dossier-aem\/","title":{"rendered":"Presentaci\u00f3n Publicaci\u00f3n y Dossier AEM"},"content":{"rendered":"\t\t<div data-elementor-type=\"wp-post\" data-elementor-id=\"63902\" class=\"elementor elementor-63902 elementor-63857\" data-elementor-post-type=\"post\">\n\t\t\t\t\t\t<section class=\"elementor-section elementor-top-section elementor-element elementor-element-0c39f64 elementor-section-boxed elementor-section-height-default elementor-section-height-default\" data-id=\"0c39f64\" data-element_type=\"section\" data-e-type=\"section\">\n\t\t\t\t\t\t<div class=\"elementor-container elementor-column-gap-default\">\n\t\t\t\t\t<div class=\"elementor-column elementor-col-100 elementor-top-column elementor-element elementor-element-c02422c\" data-id=\"c02422c\" data-element_type=\"column\" data-e-type=\"column\">\n\t\t\t<div class=\"elementor-widget-wrap elementor-element-populated\">\n\t\t\t\t\t\t<div class=\"elementor-element elementor-element-139ef5b elementor-widget elementor-widget-heading\" data-id=\"139ef5b\" data-element_type=\"widget\" data-e-type=\"widget\" data-widget_type=\"heading.default\">\n\t\t\t\t\t<h1 class=\"elementor-heading-title elementor-size-default\"> Presentaci\u00f3n de la Publicaci\u00f3n 19, Moble: territori, tradici\u00f3 i Nova Artesania <\/h1>\t\t\t\t<\/div>\n\t\t\t\t<div class=\"elementor-element elementor-element-cee92f7 elementor-widget elementor-widget-heading\" data-id=\"cee92f7\" data-element_type=\"widget\" data-e-type=\"widget\" data-widget_type=\"heading.default\">\n\t\t\t\t\t<h2 class=\"elementor-heading-title elementor-size-default\"> Con \u00c0ngels Par\u00e9s, coordinadora de las Jornadas<\/h2>\t\t\t\t<\/div>\n\t\t\t\t<div class=\"elementor-element elementor-element-3d83f50 elementor-widget elementor-widget-spacer\" data-id=\"3d83f50\" data-element_type=\"widget\" data-e-type=\"widget\" data-widget_type=\"spacer.default\">\n\t\t\t\t\t\t\t<div class=\"elementor-spacer\">\n\t\t\t<div class=\"elementor-spacer-inner\"><\/div>\n\t\t<\/div>\n\t\t\t\t\t\t<\/div>\n\t\t\t\t<div class=\"elementor-element elementor-element-656aa0a elementor-widget elementor-widget-heading\" data-id=\"656aa0a\" data-element_type=\"widget\" data-e-type=\"widget\" data-widget_type=\"heading.default\">\n\t\t\t\t\t<h1 class=\"elementor-heading-title elementor-size-default\"> Presentaci\u00f3n del Dossier AEM 5: En Ruta! Interiors i mobiliari en mitjans de transport<\/h1>\t\t\t\t<\/div>\n\t\t\t\t<div class=\"elementor-element elementor-element-78b0281 elementor-widget elementor-widget-heading\" data-id=\"78b0281\" data-element_type=\"widget\" data-e-type=\"widget\" data-widget_type=\"heading.default\">\n\t\t\t\t\t<h2 class=\"elementor-heading-title elementor-size-default\">Con N\u00faria Gil, coordinadora de las Jornadas de Hablemos De\u2026<\/h2>\t\t\t\t<\/div>\n\t\t\t\t<div class=\"elementor-element elementor-element-69b1bcf elementor-widget elementor-widget-heading\" data-id=\"69b1bcf\" data-element_type=\"widget\" data-e-type=\"widget\" data-widget_type=\"heading.default\">\n\t\t\t\t\t<p class=\"elementor-heading-title elementor-size-default\">21 de noviembre a las 18:30 horas en Muebles 114<\/p>\t\t\t\t<\/div>\n\t\t\t\t\t<\/div>\n\t\t<\/div>\n\t\t\t\t\t<\/div>\n\t\t<\/section>\n\t\t\t\t<section class=\"elementor-section elementor-top-section elementor-element elementor-element-04999d3 elementor-section-boxed elementor-section-height-default elementor-section-height-default\" data-id=\"04999d3\" data-element_type=\"section\" data-e-type=\"section\">\n\t\t\t\t\t\t<div class=\"elementor-container elementor-column-gap-default\">\n\t\t\t\t\t<div class=\"elementor-column elementor-col-100 elementor-top-column elementor-element elementor-element-6cae71e\" data-id=\"6cae71e\" data-element_type=\"column\" data-e-type=\"column\">\n\t\t\t<div class=\"elementor-widget-wrap elementor-element-populated\">\n\t\t\t\t\t\t<div class=\"elementor-element elementor-element-064550a elementor-widget elementor-widget-spacer\" data-id=\"064550a\" data-element_type=\"widget\" data-e-type=\"widget\" data-widget_type=\"spacer.default\">\n\t\t\t\t\t\t\t<div class=\"elementor-spacer\">\n\t\t\t<div class=\"elementor-spacer-inner\"><\/div>\n\t\t<\/div>\n\t\t\t\t\t\t<\/div>\n\t\t\t\t<div class=\"elementor-element elementor-element-c6ce084 elementor-widget elementor-widget-image\" data-id=\"c6ce084\" data-element_type=\"widget\" data-e-type=\"widget\" data-widget_type=\"image.default\">\n\t\t\t\t\t\t\t\t\t\t\t\t\t\t\t<img fetchpriority=\"high\" decoding=\"async\" width=\"600\" height=\"652\" src=\"https:\/\/www.estudidelmoble.com\/wp-content\/uploads\/2024\/11\/PubliDossier.png\" class=\"attachment-medium_large size-medium_large wp-image-64009\" alt=\"\" srcset=\"https:\/\/www.estudidelmoble.com\/wp-content\/uploads\/2024\/11\/PubliDossier.png 600w, https:\/\/www.estudidelmoble.com\/wp-content\/uploads\/2024\/11\/PubliDossier-276x300.png 276w\" sizes=\"(max-width: 600px) 100vw, 600px\" \/>\t\t\t\t\t\t\t\t\t\t\t\t\t\t\t<\/div>\n\t\t\t\t<div class=\"elementor-element elementor-element-1647333 elementor-widget elementor-widget-read-more\" data-id=\"1647333\" data-element_type=\"widget\" data-e-type=\"widget\" data-widget_type=\"read-more.default\">\n\t\t\t\t\t<\/div><\/div><\/div><\/div><\/section><\/div> <a href=\"https:\/\/www.estudidelmoble.com\/es\/presentacion-publicacion-y-dossier-aem\/#more-63902\" class=\"more-link elementor-more-link\"><span aria-label=\"Sigue leyendo Presentaci\u00f3n Publicaci\u00f3n y Dossier AEM\">Continua llegint<\/span><\/a>","protected":false},"excerpt":{"rendered":"<p>Presentaci\u00f3n Dossier AEM 4 Pioneros de la decoraci\u00f3n con N\u00faria Gil con los autores que investigaron a los primeros decoradores<\/p>\n","protected":false},"author":458,"featured_media":64009,"comment_status":"closed","ping_status":"closed","sticky":false,"template":"","format":"standard","meta":{"_acf_changed":false,"footnotes":""},"categories":[28],"tags":[340,1150,1150],"class_list":["post-63902","post","type-post","status-publish","format-standard","has-post-thumbnail","hentry","category-blog-es","tag-expertos-es","tag-presentacio-es"],"acf":[],"_links":{"self":[{"href":"https:\/\/www.estudidelmoble.com\/es\/wp-json\/wp\/v2\/posts\/63902","targetHints":{"allow":["GET"]}}],"collection":[{"href":"https:\/\/www.estudidelmoble.com\/es\/wp-json\/wp\/v2\/posts"}],"about":[{"href":"https:\/\/www.estudidelmoble.com\/es\/wp-json\/wp\/v2\/types\/post"}],"author":[{"embeddable":true,"href":"https:\/\/www.estudidelmoble.com\/es\/wp-json\/wp\/v2\/users\/458"}],"replies":[{"embeddable":true,"href":"https:\/\/www.estudidelmoble.com\/es\/wp-json\/wp\/v2\/comments?post=63902"}],"version-history":[{"count":0,"href":"https:\/\/www.estudidelmoble.com\/es\/wp-json\/wp\/v2\/posts\/63902\/revisions"}],"wp:featuredmedia":[{"embeddable":true,"href":"https:\/\/www.estudidelmoble.com\/es\/wp-json\/wp\/v2\/media\/64009"}],"wp:attachment":[{"href":"https:\/\/www.estudidelmoble.com\/es\/wp-json\/wp\/v2\/media?parent=63902"}],"wp:term":[{"taxonomy":"category","embeddable":true,"href":"https:\/\/www.estudidelmoble.com\/es\/wp-json\/wp\/v2\/categories?post=63902"},{"taxonomy":"post_tag","embeddable":true,"href":"https:\/\/www.estudidelmoble.com\/es\/wp-json\/wp\/v2\/tags?post=63902"}],"curies":[{"name":"wp","href":"https:\/\/api.w.org\/{rel}","templated":true}]}}