{"id":64559,"date":"2024-11-28T11:38:58","date_gmt":"2024-11-28T09:38:58","guid":{"rendered":"https:\/\/www.estudidelmoble.com\/presentacion-del-proyecto-el-teu-bagul-la-nostra-historia\/"},"modified":"2025-01-24T13:26:39","modified_gmt":"2025-01-24T11:26:39","slug":"presentacion-del-proyecto-el-teu-bagul-la-nostra-historia","status":"publish","type":"post","link":"https:\/\/www.estudidelmoble.com\/es\/presentacion-del-proyecto-el-teu-bagul-la-nostra-historia\/","title":{"rendered":"Presentaci\u00f3n del proyecto: El teu bagul, la nostra hist\u00f2ria"},"content":{"rendered":"\t\t<div data-elementor-type=\"wp-post\" data-elementor-id=\"64559\" class=\"elementor elementor-64559 elementor-64530\" data-elementor-post-type=\"post\">\n\t\t\t\t\t\t<section class=\"elementor-section elementor-top-section elementor-element elementor-element-0c39f64 elementor-section-boxed elementor-section-height-default elementor-section-height-default\" data-id=\"0c39f64\" data-element_type=\"section\" data-e-type=\"section\">\n\t\t\t\t\t\t<div class=\"elementor-container elementor-column-gap-default\">\n\t\t\t\t\t<div class=\"elementor-column elementor-col-100 elementor-top-column elementor-element elementor-element-c02422c\" data-id=\"c02422c\" data-element_type=\"column\" data-e-type=\"column\">\n\t\t\t<div class=\"elementor-widget-wrap elementor-element-populated\">\n\t\t\t\t\t\t<div class=\"elementor-element elementor-element-139ef5b elementor-widget elementor-widget-heading\" data-id=\"139ef5b\" data-element_type=\"widget\" data-e-type=\"widget\" data-widget_type=\"heading.default\">\n\t\t\t\t\t<h1 class=\"elementor-heading-title elementor-size-default\">Presentaci\u00f3n: El teu bagul, la nostra hist\u00f2ria<\/h1>\t\t\t\t<\/div>\n\t\t\t\t<div class=\"elementor-element elementor-element-cee92f7 elementor-widget elementor-widget-heading\" data-id=\"cee92f7\" data-element_type=\"widget\" data-e-type=\"widget\" data-widget_type=\"heading.default\">\n\t\t\t\t\t<h2 class=\"elementor-heading-title elementor-size-default\">Con \u00c0ngels Par\u00e9s y el comit\u00e9 cient\u00edfico <\/h2>\t\t\t\t<\/div>\n\t\t\t\t<div class=\"elementor-element elementor-element-69b1bcf elementor-widget elementor-widget-heading\" data-id=\"69b1bcf\" data-element_type=\"widget\" data-e-type=\"widget\" data-widget_type=\"heading.default\">\n\t\t\t\t\t<p class=\"elementor-heading-title elementor-size-default\">Jueves, 12 de diciembre a les 13:30 horas<\/p>\t\t\t\t<\/div>\n\t\t\t\t\t<\/div>\n\t\t<\/div>\n\t\t\t\t\t<\/div>\n\t\t<\/section>\n\t\t\t\t<section class=\"elementor-section elementor-top-section elementor-element elementor-element-04999d3 elementor-section-boxed elementor-section-height-default elementor-section-height-default\" data-id=\"04999d3\" data-element_type=\"section\" data-e-type=\"section\">\n\t\t\t\t\t\t<div class=\"elementor-container elementor-column-gap-default\">\n\t\t\t\t\t<div class=\"elementor-column elementor-col-100 elementor-top-column elementor-element elementor-element-6cae71e\" data-id=\"6cae71e\" data-element_type=\"column\" data-e-type=\"column\">\n\t\t\t<div class=\"elementor-widget-wrap elementor-element-populated\">\n\t\t\t\t\t\t<div class=\"elementor-element elementor-element-28ea53f elementor-widget__width-initial elementor-widget elementor-widget-image\" data-id=\"28ea53f\" data-element_type=\"widget\" data-e-type=\"widget\" data-widget_type=\"image.default\">\n\t\t\t\t\t\t\t\t\t\t\t\t\t\t\t<img fetchpriority=\"high\" decoding=\"async\" width=\"800\" height=\"450\" src=\"https:\/\/www.estudidelmoble.com\/wp-content\/uploads\/2024\/11\/maxresdefault-1024x576.jpg\" class=\"attachment-large size-large wp-image-66673\" alt=\"\" srcset=\"https:\/\/www.estudidelmoble.com\/wp-content\/uploads\/2024\/11\/maxresdefault-1024x576.jpg 1024w, https:\/\/www.estudidelmoble.com\/wp-content\/uploads\/2024\/11\/maxresdefault-300x169.jpg 300w, https:\/\/www.estudidelmoble.com\/wp-content\/uploads\/2024\/11\/maxresdefault-768x432.jpg 768w, https:\/\/www.estudidelmoble.com\/wp-content\/uploads\/2024\/11\/maxresdefault-600x338.jpg 600w, https:\/\/www.estudidelmoble.com\/wp-content\/uploads\/2024\/11\/maxresdefault.jpg 1280w\" sizes=\"(max-width: 800px) 100vw, 800px\" \/>\t\t\t\t\t\t\t\t\t\t\t\t\t\t\t<\/div>\n\t\t\t\t<div class=\"elementor-element elementor-element-064550a elementor-widget elementor-widget-spacer\" data-id=\"064550a\" data-element_type=\"widget\" data-e-type=\"widget\" data-widget_type=\"spacer.default\">\n\t\t\t\t\t\t\t<div class=\"elementor-spacer\">\n\t\t\t<div class=\"elementor-spacer-inner\"><\/div>\n\t\t<\/div>\n\t\t\t\t\t\t<\/div>\n\t\t\t\t<div class=\"elementor-element elementor-element-bded64a elementor-widget elementor-widget-heading\" data-id=\"bded64a\" data-element_type=\"widget\" data-e-type=\"widget\" data-widget_type=\"heading.default\">\n\t\t\t\t\t<p class=\"elementor-heading-title elementor-size-medium\">Actividad presencial gratuita.<br \/>Con inscripci\u00f3n previa.<\/p>\t\t\t\t<\/div>\n\t\t\t\t<div class=\"elementor-element elementor-element-1647333 elementor-widget elementor-widget-read-more\" data-id=\"1647333\" data-element_type=\"widget\" data-e-type=\"widget\" data-widget_type=\"read-more.default\">\n\t\t\t\t\t<\/div><\/div><\/div><\/div><\/section><\/div> <a href=\"https:\/\/www.estudidelmoble.com\/es\/presentacion-del-proyecto-el-teu-bagul-la-nostra-historia\/#more-64559\" class=\"more-link elementor-more-link\"><span aria-label=\"Sigue leyendo Presentaci\u00f3n del proyecto: El teu bagul, la nostra hist\u00f2ria\">Continua llegint<\/span><\/a>","protected":false},"excerpt":{"rendered":"<p>Damos la bienvenida al proyecto \u00abTu Bagul, nuestra historia\u00bb, un inventario digital para dar voz al mueble m\u00e1s emblem\u00e1tico de Catalu\u00f1a.<\/p>\n","protected":false},"author":458,"featured_media":64536,"comment_status":"closed","ping_status":"closed","sticky":false,"template":"","format":"standard","meta":{"_acf_changed":false,"footnotes":""},"categories":[28],"tags":[],"class_list":["post-64559","post","type-post","status-publish","format-standard","has-post-thumbnail","hentry","category-blog-es"],"acf":[],"_links":{"self":[{"href":"https:\/\/www.estudidelmoble.com\/es\/wp-json\/wp\/v2\/posts\/64559","targetHints":{"allow":["GET"]}}],"collection":[{"href":"https:\/\/www.estudidelmoble.com\/es\/wp-json\/wp\/v2\/posts"}],"about":[{"href":"https:\/\/www.estudidelmoble.com\/es\/wp-json\/wp\/v2\/types\/post"}],"author":[{"embeddable":true,"href":"https:\/\/www.estudidelmoble.com\/es\/wp-json\/wp\/v2\/users\/458"}],"replies":[{"embeddable":true,"href":"https:\/\/www.estudidelmoble.com\/es\/wp-json\/wp\/v2\/comments?post=64559"}],"version-history":[{"count":0,"href":"https:\/\/www.estudidelmoble.com\/es\/wp-json\/wp\/v2\/posts\/64559\/revisions"}],"wp:featuredmedia":[{"embeddable":true,"href":"https:\/\/www.estudidelmoble.com\/es\/wp-json\/wp\/v2\/media\/64536"}],"wp:attachment":[{"href":"https:\/\/www.estudidelmoble.com\/es\/wp-json\/wp\/v2\/media?parent=64559"}],"wp:term":[{"taxonomy":"category","embeddable":true,"href":"https:\/\/www.estudidelmoble.com\/es\/wp-json\/wp\/v2\/categories?post=64559"},{"taxonomy":"post_tag","embeddable":true,"href":"https:\/\/www.estudidelmoble.com\/es\/wp-json\/wp\/v2\/tags?post=64559"}],"curies":[{"name":"wp","href":"https:\/\/api.w.org\/{rel}","templated":true}]}}