{"id":66127,"date":"2024-12-17T12:19:55","date_gmt":"2024-12-17T10:19:55","guid":{"rendered":"https:\/\/www.estudidelmoble.com\/convenio-de-colaboracion-con-coeli-platform-s-l\/"},"modified":"2025-01-21T12:11:22","modified_gmt":"2025-01-21T10:11:22","slug":"convenio-de-colaboracion-con-coeli-platform-s-l","status":"publish","type":"post","link":"https:\/\/www.estudidelmoble.com\/es\/convenio-de-colaboracion-con-coeli-platform-s-l\/","title":{"rendered":"Convenio de colaboraci\u00f3n con Coeli Platform S.L."},"content":{"rendered":"\t\t<div data-elementor-type=\"wp-post\" data-elementor-id=\"66127\" class=\"elementor elementor-66127 elementor-65840\" data-elementor-post-type=\"post\">\n\t\t\t\t\t\t<section class=\"elementor-section elementor-top-section elementor-element elementor-element-0c39f64 elementor-section-boxed elementor-section-height-default elementor-section-height-default\" data-id=\"0c39f64\" data-element_type=\"section\" data-e-type=\"section\">\n\t\t\t\t\t\t<div class=\"elementor-container elementor-column-gap-default\">\n\t\t\t\t\t<div class=\"elementor-column elementor-col-100 elementor-top-column elementor-element elementor-element-c02422c\" data-id=\"c02422c\" data-element_type=\"column\" data-e-type=\"column\">\n\t\t\t<div class=\"elementor-widget-wrap elementor-element-populated\">\n\t\t\t\t\t\t<div class=\"elementor-element elementor-element-139ef5b elementor-widget elementor-widget-heading\" data-id=\"139ef5b\" data-element_type=\"widget\" data-e-type=\"widget\" data-widget_type=\"heading.default\">\n\t\t\t\t\t<h1 class=\"elementor-heading-title elementor-size-default\">Convenio de colaboraci\u00f3n con Coeli Platform S.L.<\/h1>\t\t\t\t<\/div>\n\t\t\t\t<div class=\"elementor-element elementor-element-cee92f7 elementor-widget elementor-widget-heading\" data-id=\"cee92f7\" data-element_type=\"widget\" data-e-type=\"widget\" data-widget_type=\"heading.default\">\n\t\t\t\t\t<h2 class=\"elementor-heading-title elementor-size-default\">Entre Pep Casals Puig y M\u00f3nica Piera Miquel<\/h2>\t\t\t\t<\/div>\n\t\t\t\t<div class=\"elementor-element elementor-element-69b1bcf elementor-widget elementor-widget-heading\" data-id=\"69b1bcf\" data-element_type=\"widget\" data-e-type=\"widget\" data-widget_type=\"heading.default\">\n\t\t\t\t\t<p class=\"elementor-heading-title elementor-size-default\">Barcelona, a 26 de septiembre de 2024<\/p>\t\t\t\t<\/div>\n\t\t\t\t\t<\/div>\n\t\t<\/div>\n\t\t\t\t\t<\/div>\n\t\t<\/section>\n\t\t\t\t<section class=\"elementor-section elementor-top-section elementor-element elementor-element-04999d3 elementor-section-boxed elementor-section-height-default elementor-section-height-default\" data-id=\"04999d3\" data-element_type=\"section\" data-e-type=\"section\">\n\t\t\t\t\t\t<div class=\"elementor-container elementor-column-gap-default\">\n\t\t\t\t\t<div class=\"elementor-column elementor-col-100 elementor-top-column elementor-element elementor-element-6cae71e\" data-id=\"6cae71e\" data-element_type=\"column\" data-e-type=\"column\">\n\t\t\t<div class=\"elementor-widget-wrap elementor-element-populated\">\n\t\t\t\t\t\t<div class=\"elementor-element elementor-element-064550a elementor-widget elementor-widget-spacer\" data-id=\"064550a\" data-element_type=\"widget\" data-e-type=\"widget\" data-widget_type=\"spacer.default\">\n\t\t\t\t\t\t\t<div class=\"elementor-spacer\">\n\t\t\t<div class=\"elementor-spacer-inner\"><\/div>\n\t\t<\/div>\n\t\t\t\t\t\t<\/div>\n\t\t\t\t<div class=\"elementor-element elementor-element-c6ce084 elementor-widget elementor-widget-image\" data-id=\"c6ce084\" data-element_type=\"widget\" data-e-type=\"widget\" data-widget_type=\"image.default\">\n\t\t\t\t\t\t\t\t\t\t\t\t\t\t\t<img fetchpriority=\"high\" decoding=\"async\" width=\"768\" height=\"452\" src=\"https:\/\/www.estudidelmoble.com\/wp-content\/uploads\/2024\/12\/Colaboracio-COELI-768x452.png\" class=\"attachment-medium_large size-medium_large wp-image-65847\" alt=\"\" srcset=\"https:\/\/www.estudidelmoble.com\/wp-content\/uploads\/2024\/12\/Colaboracio-COELI-768x452.png 768w, https:\/\/www.estudidelmoble.com\/wp-content\/uploads\/2024\/12\/Colaboracio-COELI-300x177.png 300w, https:\/\/www.estudidelmoble.com\/wp-content\/uploads\/2024\/12\/Colaboracio-COELI-1024x603.png 1024w, https:\/\/www.estudidelmoble.com\/wp-content\/uploads\/2024\/12\/Colaboracio-COELI-600x353.png 600w, https:\/\/www.estudidelmoble.com\/wp-content\/uploads\/2024\/12\/Colaboracio-COELI.png 1237w\" sizes=\"(max-width: 768px) 100vw, 768px\" \/>\t\t\t\t\t\t\t\t\t\t\t\t\t\t\t<\/div>\n\t\t\t\t<div class=\"elementor-element elementor-element-bded64a elementor-widget elementor-widget-heading\" data-id=\"bded64a\" data-element_type=\"widget\" data-e-type=\"widget\" data-widget_type=\"heading.default\">\n\t\t\t\t\t<p class=\"elementor-heading-title elementor-size-medium\">M\u00f3nica Piera y Pep Casals.    Foto: AEM<\/p>\t\t\t\t<\/div>\n\t\t\t\t<div class=\"elementor-element elementor-element-1647333 elementor-widget elementor-widget-read-more\" data-id=\"1647333\" data-element_type=\"widget\" data-e-type=\"widget\" data-widget_type=\"read-more.default\">\n\t\t\t\t\t<\/div><\/div><\/div><\/div><\/section><\/div> <a href=\"https:\/\/www.estudidelmoble.com\/es\/convenio-de-colaboracion-con-coeli-platform-s-l\/#more-66127\" class=\"more-link elementor-more-link\"><span aria-label=\"Sigue leyendo Convenio de colaboraci\u00f3n con Coeli Platform S.L.\">Continua llegint<\/span><\/a>","protected":false},"excerpt":{"rendered":"<p>Damos la bienvenida al proyecto \u00abEl teu Bagul, la nostra hist\u00f2ria\u00bb, un inventario digital para dar voz al mueble m\u00e1s emblem\u00e1tico de Catalu\u00f1a.<\/p>\n","protected":false},"author":458,"featured_media":65847,"comment_status":"closed","ping_status":"closed","sticky":false,"template":"","format":"standard","meta":{"_acf_changed":false,"footnotes":""},"categories":[28],"tags":[1204,1090,1091,409],"class_list":["post-66127","post","type-post","status-publish","format-standard","has-post-thumbnail","hentry","category-blog-es","tag-amfiteatre-anatomic-gimbernat-es","tag-barcelona-es","tag-conservacion-restauracion-es","tag-s-xviii-es"],"acf":[],"_links":{"self":[{"href":"https:\/\/www.estudidelmoble.com\/es\/wp-json\/wp\/v2\/posts\/66127","targetHints":{"allow":["GET"]}}],"collection":[{"href":"https:\/\/www.estudidelmoble.com\/es\/wp-json\/wp\/v2\/posts"}],"about":[{"href":"https:\/\/www.estudidelmoble.com\/es\/wp-json\/wp\/v2\/types\/post"}],"author":[{"embeddable":true,"href":"https:\/\/www.estudidelmoble.com\/es\/wp-json\/wp\/v2\/users\/458"}],"replies":[{"embeddable":true,"href":"https:\/\/www.estudidelmoble.com\/es\/wp-json\/wp\/v2\/comments?post=66127"}],"version-history":[{"count":0,"href":"https:\/\/www.estudidelmoble.com\/es\/wp-json\/wp\/v2\/posts\/66127\/revisions"}],"wp:featuredmedia":[{"embeddable":true,"href":"https:\/\/www.estudidelmoble.com\/es\/wp-json\/wp\/v2\/media\/65847"}],"wp:attachment":[{"href":"https:\/\/www.estudidelmoble.com\/es\/wp-json\/wp\/v2\/media?parent=66127"}],"wp:term":[{"taxonomy":"category","embeddable":true,"href":"https:\/\/www.estudidelmoble.com\/es\/wp-json\/wp\/v2\/categories?post=66127"},{"taxonomy":"post_tag","embeddable":true,"href":"https:\/\/www.estudidelmoble.com\/es\/wp-json\/wp\/v2\/tags?post=66127"}],"curies":[{"name":"wp","href":"https:\/\/api.w.org\/{rel}","templated":true}]}}