{"id":67754,"date":"2025-02-11T10:54:02","date_gmt":"2025-02-11T08:54:02","guid":{"rendered":"https:\/\/www.estudidelmoble.com\/los-artistas-catalanes-en-la-exposition-internationale-de-paris-de-1925\/"},"modified":"2025-05-15T14:00:42","modified_gmt":"2025-05-15T12:00:42","slug":"los-artistas-catalanes-en-la-exposition-internationale-de-paris-de-1925","status":"publish","type":"post","link":"https:\/\/www.estudidelmoble.com\/es\/los-artistas-catalanes-en-la-exposition-internationale-de-paris-de-1925\/","title":{"rendered":"Los artistas catalanes en la Exposition Internationale de Par\u00eds de 1925"},"content":{"rendered":"\t\t<div data-elementor-type=\"wp-post\" data-elementor-id=\"67754\" class=\"elementor elementor-67754 elementor-66808\" data-elementor-post-type=\"post\">\n\t\t\t\t\t\t<section class=\"elementor-section elementor-top-section elementor-element elementor-element-dbb0b90 elementor-section-boxed elementor-section-height-default elementor-section-height-default\" data-id=\"dbb0b90\" data-element_type=\"section\" data-e-type=\"section\">\n\t\t\t\t\t\t<div class=\"elementor-container elementor-column-gap-default\">\n\t\t\t\t\t<div class=\"elementor-column elementor-col-100 elementor-top-column elementor-element elementor-element-4c54558\" data-id=\"4c54558\" data-element_type=\"column\" data-e-type=\"column\">\n\t\t\t<div class=\"elementor-widget-wrap elementor-element-populated\">\n\t\t\t\t\t\t<div class=\"elementor-element elementor-element-303c4d4 elementor-widget elementor-widget-heading\" data-id=\"303c4d4\" data-element_type=\"widget\" data-e-type=\"widget\" data-widget_type=\"heading.default\">\n\t\t\t\t\t<h1 class=\"elementor-heading-title elementor-size-default\">Los artistas catalanes en la<i>Exposition Internationale<\/i> de Par\u00eds de 1925 <\/h1>\t\t\t\t<\/div>\n\t\t\t\t<div class=\"elementor-element elementor-element-b10ffa3 elementor-widget elementor-widget-heading\" data-id=\"b10ffa3\" data-element_type=\"widget\" data-e-type=\"widget\" data-widget_type=\"heading.default\">\n\t\t\t\t\t<p class=\"elementor-heading-title elementor-size-default\">16 y 17 de mayo de 2025, Disseny Hub Barcelona (DHub)<\/p>\t\t\t\t<\/div>\n\t\t\t\t\t<\/div>\n\t\t<\/div>\n\t\t\t\t\t<\/div>\n\t\t<\/section>\n\t\t\t\t<section class=\"elementor-section elementor-top-section elementor-element elementor-element-56d1f7d elementor-section-boxed elementor-section-height-default elementor-section-height-default\" data-id=\"56d1f7d\" data-element_type=\"section\" data-e-type=\"section\">\n\t\t\t\t\t\t<div class=\"elementor-container elementor-column-gap-default\">\n\t\t\t\t\t<div class=\"elementor-column elementor-col-100 elementor-top-column elementor-element elementor-element-d2d52d1\" data-id=\"d2d52d1\" data-element_type=\"column\" data-e-type=\"column\">\n\t\t\t<div class=\"elementor-widget-wrap elementor-element-populated\">\n\t\t\t\t\t\t<div class=\"elementor-element elementor-element-6dbaa5d elementor-widget__width-initial elementor-widget elementor-widget-image\" data-id=\"6dbaa5d\" data-element_type=\"widget\" data-e-type=\"widget\" data-widget_type=\"image.default\">\n\t\t\t\t\t\t\t\t\t\t\t\t\t\t\t<img fetchpriority=\"high\" decoding=\"async\" width=\"768\" height=\"573\" src=\"https:\/\/www.estudidelmoble.com\/wp-content\/uploads\/2025\/02\/FAD-FT-0063_01-768x573.jpeg\" class=\"attachment-medium_large size-medium_large wp-image-66814\" alt=\"\" srcset=\"https:\/\/www.estudidelmoble.com\/wp-content\/uploads\/2025\/02\/FAD-FT-0063_01-768x573.jpeg 768w, https:\/\/www.estudidelmoble.com\/wp-content\/uploads\/2025\/02\/FAD-FT-0063_01-300x224.jpeg 300w, https:\/\/www.estudidelmoble.com\/wp-content\/uploads\/2025\/02\/FAD-FT-0063_01-1024x764.jpeg 1024w, https:\/\/www.estudidelmoble.com\/wp-content\/uploads\/2025\/02\/FAD-FT-0063_01-1536x1146.jpeg 1536w, https:\/\/www.estudidelmoble.com\/wp-content\/uploads\/2025\/02\/FAD-FT-0063_01-2048x1528.jpeg 2048w, https:\/\/www.estudidelmoble.com\/wp-content\/uploads\/2025\/02\/FAD-FT-0063_01-600x448.jpeg 600w\" sizes=\"(max-width: 768px) 100vw, 768px\" \/>\t\t\t\t\t\t\t\t\t\t\t\t\t\t\t<\/div>\n\t\t\t\t<div class=\"elementor-element elementor-element-c79db6f elementor-widget elementor-widget-heading\" data-id=\"c79db6f\" data-element_type=\"widget\" data-e-type=\"widget\" data-widget_type=\"heading.default\">\n\t\t\t\t\t<p class=\"elementor-heading-title elementor-size-default\"><br>Estand del FAD. Galeries Saint Dominique. Foto per Ch. Bru\u00e8re. Museu del Disseny de Barcelona-DHub. Fons FAD.<\/p>\t\t\t\t<\/div>\n\t\t\t\t\t<\/div>\n\t\t<\/div>\n\t\t\t\t\t<\/div>\n\t\t<\/section>\n\t\t\t\t<section class=\"elementor-section elementor-top-section elementor-element elementor-element-5ddfaa5 elementor-section-boxed elementor-section-height-default elementor-section-height-default\" data-id=\"5ddfaa5\" data-element_type=\"section\" data-e-type=\"section\" data-settings=\"{&quot;background_background&quot;:&quot;classic&quot;}\">\n\t\t\t\t\t\t<div class=\"elementor-container elementor-column-gap-default\">\n\t\t\t\t\t<div class=\"elementor-column elementor-col-100 elementor-top-column elementor-element elementor-element-31b000d\" data-id=\"31b000d\" data-element_type=\"column\" data-e-type=\"column\" data-settings=\"{&quot;background_background&quot;:&quot;classic&quot;}\">\n\t\t\t<div class=\"elementor-widget-wrap elementor-element-populated\">\n\t\t\t\t\t\t<div class=\"elementor-element elementor-element-c2e6052 elementor-widget elementor-widget-text-editor\" data-id=\"c2e6052\" data-element_type=\"widget\" data-e-type=\"widget\" data-widget_type=\"text-editor.default\">\n\t\t\t\t\t\t\t\t\t<p><strong>Coordina: N\u00faria Gil, doctora en Historia del Arte<\/strong><\/p>\n<p>El inventario del fondo documental del Foment de les Arts del Disseny (FAD), depositado en la Bi- blioteca i Arxiu del Disseny del Museu del Disseny-DHub, ha puesto en relieve la modernidad e in- novaci\u00f3n de esta entidad, fundada en 1903, a la vanguardia de los movimientos art\u00edsticos y est\u00e9ti- cos m\u00e1s importantes del siglo XX. La participaci\u00f3n de un gran n\u00famero de artistas catalanes en la Exposici\u00f3n de Artes Decorativas e Industriales de Par\u00eds de 1925, impulsados desde el Foment de les Arts Deco- ratives (desde 2003 del Disseny) y liderados por su presidente Santiago Marco, es una buena muestra de ello.<\/p>\n<p>Las obras presentadas destacan tanto por la modernidad de sus dise\u00f1os como por la utilizaci\u00f3n de nuevos materiales que surgieron en esos a\u00f1os o que se pusieron de moda. Desde la Asociaci\u00f3n para el Estudio del Mueble se quiere poner el fo- co en los artistas que participaron en esta exposici\u00f3n, as\u00ed como en las nuevas t\u00e9cnicas aplicadas. Para ello, en las jornadas se combinar\u00e1n conferencias y talleres donde se explicar\u00e1n y se har\u00e1n demostraciones de algunas de estas t\u00e9cnicas.<\/p>\n<p>Las conferencias se complementar\u00e1n con una exposici\u00f3n de una selecci\u00f3n de piezas de la colecci\u00f3n del Museu del Disseny y de documentaci\u00f3n del fondo FAD de la Biblioteca i Arxiu del Disseny del Museu del Disseny-Hub, comentadas por especialistas.<\/p>\n\t\t\t\t\t\t\t\t<\/div>\n\t\t\t\t\t<\/div>\n\t\t<\/div>\n\t\t\t\t\t<\/div>\n\t\t<\/section>\n\t\t\t\t<section class=\"elementor-section elementor-top-section elementor-element elementor-element-09c907a elementor-section-boxed elementor-section-height-default elementor-section-height-default\" data-id=\"09c907a\" data-element_type=\"section\" data-e-type=\"section\" data-settings=\"{&quot;background_background&quot;:&quot;classic&quot;}\">\n\t\t\t\t\t\t<div class=\"elementor-container elementor-column-gap-default\">\n\t\t\t\t\t<div class=\"elementor-column elementor-col-100 elementor-top-column elementor-element elementor-element-eb3098e\" data-id=\"eb3098e\" data-element_type=\"column\" data-e-type=\"column\" data-settings=\"{&quot;background_background&quot;:&quot;classic&quot;}\">\n\t\t\t<div class=\"elementor-widget-wrap elementor-element-populated\">\n\t\t\t\t\t\t<div class=\"elementor-element elementor-element-76f36ad elementor-align-center elementor-widget elementor-widget-button\" data-id=\"76f36ad\" data-element_type=\"widget\" data-e-type=\"widget\" data-widget_type=\"button.default\">\n\t\t\t\t\t\t\t\t\t\t<a class=\"elementor-button elementor-button-link elementor-size-sm\" href=\"https:\/\/activitats.estudidelmoble.com\/events\/curs-de-maig-exposition-internationale-1925\/\" target=\"_blank\">\n\t\t\t\t\t\t<span class=\"elementor-button-content-wrapper\">\n\t\t\t\t\t\t\t\t\t<span class=\"elementor-button-text\">Inscr\u00edbete<\/span>\n\t\t\t\t\t<\/span>\n\t\t\t\t\t<\/a>\n\t\t\t\t\t\t\t\t<\/div>\n\t\t\t\t\t<\/div>\n\t\t<\/div>\n\t\t\t\t\t<\/div>\n\t\t<\/section>\n\t\t\t\t<section class=\"elementor-section elementor-top-section elementor-element elementor-element-0fe84a6 elementor-section-boxed elementor-section-height-default elementor-section-height-default\" data-id=\"0fe84a6\" data-element_type=\"section\" data-e-type=\"section\">\n\t\t\t\t\t\t<div class=\"elementor-container elementor-column-gap-default\">\n\t\t\t\t\t<div class=\"elementor-column elementor-col-100 elementor-top-column elementor-element elementor-element-6133d1e\" data-id=\"6133d1e\" data-element_type=\"column\" data-e-type=\"column\">\n\t\t\t<div class=\"elementor-widget-wrap elementor-element-populated\">\n\t\t\t\t\t\t<div class=\"elementor-element elementor-element-59f4db9 elementor-widget elementor-widget-gallery\" data-id=\"59f4db9\" data-element_type=\"widget\" data-e-type=\"widget\" data-settings=\"{&quot;gallery_layout&quot;:&quot;justified&quot;,&quot;lazyload&quot;:&quot;yes&quot;,&quot;ideal_row_height&quot;:{&quot;unit&quot;:&quot;px&quot;,&quot;size&quot;:200,&quot;sizes&quot;:[]},&quot;ideal_row_height_tablet&quot;:{&quot;unit&quot;:&quot;px&quot;,&quot;size&quot;:150,&quot;sizes&quot;:[]},&quot;ideal_row_height_mobile&quot;:{&quot;unit&quot;:&quot;px&quot;,&quot;size&quot;:150,&quot;sizes&quot;:[]},&quot;gap&quot;:{&quot;unit&quot;:&quot;px&quot;,&quot;size&quot;:10,&quot;sizes&quot;:[]},&quot;gap_tablet&quot;:{&quot;unit&quot;:&quot;px&quot;,&quot;size&quot;:10,&quot;sizes&quot;:[]},&quot;gap_mobile&quot;:{&quot;unit&quot;:&quot;px&quot;,&quot;size&quot;:10,&quot;sizes&quot;:[]},&quot;link_to&quot;:&quot;file&quot;,&quot;overlay_background&quot;:&quot;yes&quot;,&quot;content_hover_animation&quot;:&quot;fade-in&quot;}\" data-widget_type=\"gallery.default\">\n\t\t\t\t\t\t\t<div class=\"elementor-gallery__container\">\n\t\t\t\t\t\t\t<a class=\"e-gallery-item elementor-gallery-item elementor-animated-content\" href=\"https:\/\/www.estudidelmoble.com\/wp-content\/uploads\/2025\/02\/MCB_25069-scaled.jpg\" data-elementor-open-lightbox=\"yes\" data-elementor-lightbox-slideshow=\"59f4db9\" data-elementor-lightbox-title=\"MCB_25069\" data-e-action-hash=\"#elementor-action%3Aaction%3Dlightbox%26settings%3DeyJpZCI6Njc0NDcsInVybCI6Imh0dHBzOlwvXC93d3cuZXN0dWRpZGVsbW9ibGUuY29tXC93cC1jb250ZW50XC91cGxvYWRzXC8yMDI1XC8wMlwvTUNCXzI1MDY5LXNjYWxlZC5qcGciLCJzbGlkZXNob3ciOiI1OWY0ZGI5In0%3D\">\n\t\t\t\t\t<div class=\"e-gallery-image elementor-gallery-item__image\" data-thumbnail=\"https:\/\/www.estudidelmoble.com\/wp-content\/uploads\/2025\/02\/MCB_25069-300x300.jpg\" data-width=\"300\" data-height=\"300\" aria-label=\"\" role=\"img\" ><\/div>\n\t\t\t\t\t\t\t\t\t\t\t<div class=\"elementor-gallery-item__overlay\"><\/div>\n\t\t\t\t\t\t\t\t\t\t\t\t\t\t<\/a>\n\t\t\t\t\t\t\t<a class=\"e-gallery-item elementor-gallery-item elementor-animated-content\" href=\"https:\/\/www.estudidelmoble.com\/wp-content\/uploads\/2025\/04\/MADB_65665_0-scaled.jpg\" data-elementor-open-lightbox=\"yes\" data-elementor-lightbox-slideshow=\"59f4db9\" data-elementor-lightbox-title=\"B0083P 0059\" data-e-action-hash=\"#elementor-action%3Aaction%3Dlightbox%26settings%3DeyJpZCI6NjgzODUsInVybCI6Imh0dHBzOlwvXC93d3cuZXN0dWRpZGVsbW9ibGUuY29tXC93cC1jb250ZW50XC91cGxvYWRzXC8yMDI1XC8wNFwvTUFEQl82NTY2NV8wLXNjYWxlZC5qcGciLCJzbGlkZXNob3ciOiI1OWY0ZGI5In0%3D\">\n\t\t\t\t\t<div class=\"e-gallery-image elementor-gallery-item__image\" data-thumbnail=\"https:\/\/www.estudidelmoble.com\/wp-content\/uploads\/2025\/04\/MADB_65665_0-213x300.jpg\" data-width=\"213\" data-height=\"300\" aria-label=\"\" role=\"img\" ><\/div>\n\t\t\t\t\t\t\t\t\t\t\t<div class=\"elementor-gallery-item__overlay\"><\/div>\n\t\t\t\t\t\t\t\t\t\t\t\t\t\t<\/a>\n\t\t\t\t\t\t\t<a class=\"e-gallery-item elementor-gallery-item elementor-animated-content\" href=\"https:\/\/www.estudidelmoble.com\/wp-content\/uploads\/2025\/02\/MADB_65663_0-scaled.jpg\" data-elementor-open-lightbox=\"yes\" data-elementor-lightbox-slideshow=\"59f4db9\" data-elementor-lightbox-title=\"B0083P 0070\" data-e-action-hash=\"#elementor-action%3Aaction%3Dlightbox%26settings%3DeyJpZCI6Njc0NTEsInVybCI6Imh0dHBzOlwvXC93d3cuZXN0dWRpZGVsbW9ibGUuY29tXC93cC1jb250ZW50XC91cGxvYWRzXC8yMDI1XC8wMlwvTUFEQl82NTY2M18wLXNjYWxlZC5qcGciLCJzbGlkZXNob3ciOiI1OWY0ZGI5In0%3D\">\n\t\t\t\t\t<div class=\"e-gallery-image elementor-gallery-item__image\" data-thumbnail=\"https:\/\/www.estudidelmoble.com\/wp-content\/uploads\/2025\/02\/MADB_65663_0-239x300.jpg\" data-width=\"239\" data-height=\"300\" aria-label=\"\" role=\"img\" ><\/div>\n\t\t\t\t\t\t\t\t\t\t\t<div class=\"elementor-gallery-item__overlay\"><\/div>\n\t\t\t\t\t\t\t\t\t\t\t\t\t\t<\/a>\n\t\t\t\t\t\t\t<a class=\"e-gallery-item elementor-gallery-item elementor-animated-content\" href=\"https:\/\/www.estudidelmoble.com\/wp-content\/uploads\/2025\/04\/3872-Diana-Cacadora-scaled.jpg\" data-elementor-open-lightbox=\"yes\" data-elementor-lightbox-slideshow=\"59f4db9\" data-elementor-lightbox-title=\"3872 - Diana Ca\u00e7adora\" data-e-action-hash=\"#elementor-action%3Aaction%3Dlightbox%26settings%3DeyJpZCI6NjgzODIsInVybCI6Imh0dHBzOlwvXC93d3cuZXN0dWRpZGVsbW9ibGUuY29tXC93cC1jb250ZW50XC91cGxvYWRzXC8yMDI1XC8wNFwvMzg3Mi1EaWFuYS1DYWNhZG9yYS1zY2FsZWQuanBnIiwic2xpZGVzaG93IjoiNTlmNGRiOSJ9\">\n\t\t\t\t\t<div class=\"e-gallery-image elementor-gallery-item__image\" data-thumbnail=\"https:\/\/www.estudidelmoble.com\/wp-content\/uploads\/2025\/04\/3872-Diana-Cacadora-277x300.jpg\" data-width=\"277\" data-height=\"300\" aria-label=\"\" role=\"img\" ><\/div>\n\t\t\t\t\t\t\t\t\t\t\t<div class=\"elementor-gallery-item__overlay\"><\/div>\n\t\t\t\t\t\t\t\t\t\t\t\t\t\t<\/a>\n\t\t\t\t\t<\/div>\n\t\t\t\t\t<\/div>\n\t\t\t\t<div class=\"elementor-element elementor-element-7f5ebd1 elementor-widget elementor-widget-text-editor\" data-id=\"7f5ebd1\" data-element_type=\"widget\" data-e-type=\"widget\" data-widget_type=\"text-editor.default\">\n\t\t\t\t\t\t\t\t\t<p><span style=\"background-color: var( --e-global-color-9896240 );\">Josep Guardiola. MCB 25069.\u00a0<\/span><span style=\"background-color: var( --e-global-color-9896240 );\">\u00a9 Guillem Fern\u00e1ndez-Huerta. Museu del Disseny &#8211; DHub<\/span><\/p>\n<p><span style=\"background-color: var( --e-global-color-9896240 );\">Xavier Nogu\u00e9s i Ricard Crespo. MADB 65665 \u00a9 La Fotogr\u00e0fica. Museu del Disseny-DHub<\/span><\/p>\n<p><span style=\"background-color: var( --e-global-color-9896240 );\">Estand del FAD. Galeries Saint Dominique. Foto per Ch. Bru\u00e8re. Museu del Disseny de Barcelona-DHub. Fons FAD<\/span><span style=\"background-color: var( --e-global-color-9896240 );\">\u00a0<\/span><\/p>\n<p><span style=\"background-color: var( --e-global-color-9896240 );\">\u00a0<\/span><\/p>\n\t\t\t\t\t\t\t\t<\/div>\n\t\t\t\t\t<\/div>\n\t\t<\/div>\n\t\t\t\t\t<\/div>\n\t\t<\/section>\n\t\t\t\t<section class=\"elementor-section elementor-top-section elementor-element elementor-element-1059f6a elementor-section-content-middle elementor-section-boxed elementor-section-height-default elementor-section-height-default\" data-id=\"1059f6a\" data-element_type=\"section\" data-e-type=\"section\">\n\t\t\t\t\t\t<div class=\"elementor-container elementor-column-gap-default\">\n\t\t\t\t\t<div class=\"elementor-column elementor-col-100 elementor-top-column elementor-element elementor-element-70468fc\" data-id=\"70468fc\" data-element_type=\"column\" data-e-type=\"column\">\n\t\t\t<div class=\"elementor-widget-wrap elementor-element-populated\">\n\t\t\t\t\t\t<div class=\"elementor-element elementor-element-346aa6a elementor-widget elementor-widget-accordion\" data-id=\"346aa6a\" data-element_type=\"widget\" data-e-type=\"widget\" data-widget_type=\"accordion.default\">\n\t\t\t\t\t\t\t<div class=\"elementor-accordion\">\n\t\t\t\t\t\t\t<div class=\"elementor-accordion-item\">\n\t\t\t\t\t<div id=\"elementor-tab-title-5491\" class=\"elementor-tab-title\" data-tab=\"1\" role=\"button\" aria-controls=\"elementor-tab-content-5491\" aria-expanded=\"false\">\n\t\t\t\t\t\t\t\t\t\t\t\t\t<span class=\"elementor-accordion-icon elementor-accordion-icon-left\" aria-hidden=\"true\">\n\t\t\t\t\t\t\t\t\t\t\t\t\t\t\t<span class=\"elementor-accordion-icon-closed\"><svg class=\"e-font-icon-svg e-fas-plus\" viewBox=\"0 0 448 512\" xmlns=\"http:\/\/www.w3.org\/2000\/svg\"><path d=\"M416 208H272V64c0-17.67-14.33-32-32-32h-32c-17.67 0-32 14.33-32 32v144H32c-17.67 0-32 14.33-32 32v32c0 17.67 14.33 32 32 32h144v144c0 17.67 14.33 32 32 32h32c17.67 0 32-14.33 32-32V304h144c17.67 0 32-14.33 32-32v-32c0-17.67-14.33-32-32-32z\"><\/path><\/svg><\/span>\n\t\t\t\t\t\t\t\t<span class=\"elementor-accordion-icon-opened\"><svg class=\"e-font-icon-svg e-fas-minus\" viewBox=\"0 0 448 512\" xmlns=\"http:\/\/www.w3.org\/2000\/svg\"><path d=\"M416 208H32c-17.67 0-32 14.33-32 32v32c0 17.67 14.33 32 32 32h384c17.67 0 32-14.33 32-32v-32c0-17.67-14.33-32-32-32z\"><\/path><\/svg><\/span>\n\t\t\t\t\t\t\t\t\t\t\t\t\t\t<\/span>\n\t\t\t\t\t\t\t\t\t\t\t\t<a class=\"elementor-accordion-title\" tabindex=\"0\">Informaci\u00f3n Pr\u00e1ctica<\/a>\n\t\t\t\t\t<\/div>\n\t\t\t\t\t<div id=\"elementor-tab-content-5491\" class=\"elementor-tab-content elementor-clearfix\" data-tab=\"1\" role=\"region\" aria-labelledby=\"elementor-tab-title-5491\"><p><strong>Viernes, 16 de mayo.<\/strong> De 10:00 h a 14:00 h y de 16:00 h a 18:30 h<br \/>Conferencias y visita. Planta -1, aulas L+M. Disseny Hub Barcelona (DHub)<\/p>\n<p><strong>S\u00e1bado, 17 de mayo.<\/strong> De 10:00 h a 14:00 h<br \/>Talleres. Planta -1. Biblioteca i Arxiu del Disseny del Museu del Disseny (DHub), Barcelona<\/p>\n<\/div>\n\t\t\t\t<\/div>\n\t\t\t\t\t\t\t<div class=\"elementor-accordion-item\">\n\t\t\t\t\t<div id=\"elementor-tab-title-5492\" class=\"elementor-tab-title\" data-tab=\"2\" role=\"button\" aria-controls=\"elementor-tab-content-5492\" aria-expanded=\"false\">\n\t\t\t\t\t\t\t\t\t\t\t\t\t<span class=\"elementor-accordion-icon elementor-accordion-icon-left\" aria-hidden=\"true\">\n\t\t\t\t\t\t\t\t\t\t\t\t\t\t\t<span class=\"elementor-accordion-icon-closed\"><svg class=\"e-font-icon-svg e-fas-plus\" viewBox=\"0 0 448 512\" xmlns=\"http:\/\/www.w3.org\/2000\/svg\"><path d=\"M416 208H272V64c0-17.67-14.33-32-32-32h-32c-17.67 0-32 14.33-32 32v144H32c-17.67 0-32 14.33-32 32v32c0 17.67 14.33 32 32 32h144v144c0 17.67 14.33 32 32 32h32c17.67 0 32-14.33 32-32V304h144c17.67 0 32-14.33 32-32v-32c0-17.67-14.33-32-32-32z\"><\/path><\/svg><\/span>\n\t\t\t\t\t\t\t\t<span class=\"elementor-accordion-icon-opened\"><svg class=\"e-font-icon-svg e-fas-minus\" viewBox=\"0 0 448 512\" xmlns=\"http:\/\/www.w3.org\/2000\/svg\"><path d=\"M416 208H32c-17.67 0-32 14.33-32 32v32c0 17.67 14.33 32 32 32h384c17.67 0 32-14.33 32-32v-32c0-17.67-14.33-32-32-32z\"><\/path><\/svg><\/span>\n\t\t\t\t\t\t\t\t\t\t\t\t\t\t<\/span>\n\t\t\t\t\t\t\t\t\t\t\t\t<a class=\"elementor-accordion-title\" tabindex=\"0\">Programa<\/a>\n\t\t\t\t\t<\/div>\n\t\t\t\t\t<div id=\"elementor-tab-content-5492\" class=\"elementor-tab-content elementor-clearfix\" data-tab=\"2\" role=\"region\" aria-labelledby=\"elementor-tab-title-5492\"><p><strong>Viernes, 16 de mayo, Disseny Hub Barcelona (DHub)<br \/>\n<\/strong><\/p>\n<div>10:00 h <strong>Bienvenida y presentaci\u00f3n<\/strong><br \/>\nM\u00f3nica Piera, presidenta de la Asociaci\u00f3n para el Estudio del Mueble Representante del Museu del Disseny de Barcelona M\u00aa. Llu\u00efsa Samaranch, vocal del FAD. Expresidenta d\u2019A-FAD<\/div>\n<p><\/p>\n<div><\/div>\n<p><\/p>\n<div>10:20 h <strong>L\u2019Exposici\u00f3 de Par\u00eds de 1925 al fons documental del Foment de les Arts del Disseny\u00a0<\/strong><\/div>\n<p><\/p>\n<div>N\u00faria Gil Farr\u00e9, doctora en Historia del Arte. GRACMON. Universitat de Barcelona<\/div>\n<p><\/p>\n<div><\/div>\n<p><\/p>\n<div>10:40 h<strong> \u201cEl bon treball perfecte\u201d. El mobiliario en el pabell\u00f3n del FAD en la Exposition <\/strong><strong>internationale des arts d\u00e9coratifs et industriels modernes. Par\u00eds 1925<\/strong><\/div>\n<p><\/p>\n<div>Pedro Reula, doctor en Historia del Arte<\/div>\n<p><\/p>\n<div><\/div>\n<p><\/p>\n<div>11:00 h <strong>Una vitrina del Grand Palais (1925): Fargnoli, Quer i Soto, tres artistes per <\/strong><strong>reivindicar\u00a0<\/strong><\/div>\n<p><\/p>\n<div>Pilar V\u00e9lez, ex-directora del Museu del Disseny de Barcelona. Miembro de la Reial Acad\u00e8mia Catalana de Belles Arts de Sant Jordi<\/div>\n<p><\/p>\n<div><\/div>\n<p><\/p>\n<div>11:20 h <strong>Pausa &#8211; caf\u00e8\u00a0<\/strong><\/div>\n<p><\/p>\n<div><\/div>\n<p><\/p>\n<div>11:40 h\u00a0<span style=\"font-weight: bolder; background-color: var( --e-global-color-c5b427f ); color: var( --e-global-color-text ); font-family: var( --e-global-typography-cf6bf80-font-family ), Sans-serif; font-size: var( --e-global-typography-cf6bf80-font-size );\">Llu\u00eds Bracons i Enriqueta Benigani: lacadors catalans a l\u2019Exposici\u00f3 d\u2019Arts Decoratives i\u00a0<\/span><span style=\"font-weight: bolder; background-color: var( --e-global-color-c5b427f ); color: var( --e-global-color-text ); font-family: var( --e-global-typography-cf6bf80-font-family ), Sans-serif; font-size: var( --e-global-typography-cf6bf80-font-size );\">Industrials Modernes de Par\u00eds (1925)<\/span><\/div>\n<p><\/p>\n<div>Ricard Bru, doctor en Historia del Arte. Profesor del Departament d\u2019Art i Musicologia de la Universitat Aut\u00f2noma de Barcelona<\/div>\n<p><\/p>\n<div><\/div>\n<p><\/p>\n<div>12:00 h <strong>Josep Guardiola, el decorador de cer\u00e0miques<\/strong><\/div>\n<p><\/p>\n<div>Vicente de la Fuente, historiador del arte<\/div>\n<p><\/p>\n<div><\/div>\n<p><\/p>\n<div>12:20 h <strong>El mosaic. La Ventafocs de les arts guanya una medalla d\u2019or a Par\u00eds<\/strong><\/div>\n<p><\/p>\n<div>Marta Salin\u00e9, doctora en Historia del Arte<\/div>\n<p><\/p>\n<div><\/div>\n<p><\/p>\n<div>12:40 h\u00a0 <strong>Dudas y preguntas<\/strong><\/div>\n<p><\/p>\n<div><\/div>\n<p><\/p>\n<div>13:00 h <strong>Visita comentada a una selecci\u00f3n de piezas de la colecci\u00f3n del Museu del Disseny y documentos del fondo FAD de la Biblioteca i Arxiu del Museu del Disseny-DHub<\/strong><\/div>\n<p><\/p>\n<div><\/div>\n<p><\/p>\n<div>14:00 h <strong>Almuerzo libre<\/strong><\/div>\n<p><\/p>\n<div><\/div>\n<p><\/p>\n<div><strong>Viernes, 16 de mayo, Disseny Hub Barcelona (DHub)<\/strong><\/div>\n<p><\/p>\n<div><\/div>\n<p><\/p>\n<div>16:00 h <strong>Tom\u00e0s Aymat. Consolidant un projecte<\/strong><\/div>\n<p><\/p>\n<div>\n<div>Andreu Dengra Carayol, licenciado en Historia del Arte. Gestor cultural en el<br \/>\nAjuntament de Sant Cugat<\/div>\n<p><\/p>\n<div><\/div>\n<p><\/p>\n<div>16:20 h <strong>El vidre esmaltat a l\u2019Exposici\u00f3 de Par\u00eds de 1925<\/strong><\/div>\n<p><\/p>\n<div>Jordi Carreras, historiador del arte experto en artes decorativas y responsable del<br \/>\nDepartament d\u2019Antiguitats de la Sala de subhastes Balclis<\/div>\n<p><\/div>\n<p><\/p>\n<div><\/div>\n<p><\/p>\n<div>\n<div>16:40 h\u00a0<span style=\"font-weight: bolder; background-color: var( --e-global-color-c5b427f ); color: var( --e-global-color-text ); font-family: var( --e-global-typography-cf6bf80-font-family ), Sans-serif; font-size: var( --e-global-typography-cf6bf80-font-size );\">Josep Clar\u00e0 a l\u2019Exposici\u00f3 de 1925: consagraci\u00f3 d\u2019un escultor cosmopolita<\/span><\/div>\n<p><\/p>\n<div>Cristina Rodr\u00edguez-Samaniego, profesora agregada. Departament d\u2019Hist\u00f2ria de l\u2019Art. Universitat de Barcelona<\/div>\n<p><\/p>\n<div><\/div>\n<p><\/p>\n<div>17:00 h <strong>Miquel Soldevila i el reconeixement de l\u2019esmalt com a disciplina art\u00edstica de creaci\u00f3 pr\u00f2pia\u00a0<\/strong><\/div>\n<p>N\u00faria L\u00f3pez-Ribalta,doctora en Bellas Artes, esmaltadora, catedr\u00e1tica de Artes Pl\u00e1sticas y Dise\u00f1o, docente de la Escola d\u2019Art i Disseny Llotja y miembro de la Reial Acad\u00e8mia Catalana de Belles Arts de Sant Jordi<\/p>\n<div><\/div>\n<p><\/p>\n<div>17:20 h <strong>Pausa<\/strong><\/div>\n<p><\/p>\n<div><\/div>\n<p><\/p>\n<div>17:40 h <strong>Un cubista, Emili Store\u00a0<\/strong><\/div>\n<p><\/p>\n<div>Assumpci\u00f3 Cardona, doctora en Historia del Arte<\/div>\n<p><\/p>\n<div><\/div>\n<p><\/p>\n<div>18:00 h <strong>L\u2019eco de Par\u00eds a Barcelona: l\u2019Exposici\u00f3 Internacional de 1929\u00a0<\/strong><\/div>\n<p><\/p>\n<div>Mari\u00e0ngels Fondevila, conservadora del Museu Nacional d\u2019Art de Catalunya (MNAC)<\/div>\n<p><\/p>\n<div><\/div>\n<p><\/p>\n<div>18:20 h <strong>Dudas y preguntas<\/strong><\/div>\n<p><\/p>\n<div><\/div>\n<p><\/p>\n<div>18:30 h <strong>Clausura de la sesi\u00f3n<\/strong><\/div>\n<p><\/div>\n<p><\/p>\n<div><\/div>\n<p><\/p>\n<div><strong>S\u00e1bado, 17 de mayo, Biblioteca i Arxiu del Disseny del Museu del Disseny<\/strong><\/div>\n<p><\/p>\n<div><\/div>\n<p><\/p>\n<div><strong>Talleres expositivos y t\u00e9cnicas art dec\u00f3<\/strong><\/div>\n<p><\/p>\n<div><\/div>\n<p><\/p>\n<div>10:00 h <strong>Presentaci\u00f3n del acto<\/strong><\/div>\n<p><\/p>\n<div>\n<div><\/div>\n<p><\/p>\n<div><strong>Vidriera art\u00edstica, t\u00e8cniques Art D\u00e9co<\/strong><\/div>\n<p><\/p>\n<div>Jordi Bonet, qu\u00edmico y vidriero. Taller J.M. Bonet SA<\/div>\n<p><\/p>\n<div><\/div>\n<p><\/p>\n<div><strong>Laca Urushi<\/strong><\/div>\n<p><\/p>\n<div>Teresa Sard\u00e0, lacadora y presidenta de la Associaci\u00f3 Cultural pel Coneixement de l\u2019Art de la Laca (ACCAL)<\/div>\n<p><\/p>\n<div><\/div>\n<p><\/p>\n<div><strong>L\u2019esmalt al foc sobre metalls. Un procediment pict\u00f2ric amb vidre, metall i foc<\/strong><\/div>\n<p><\/p>\n<div>N\u00faria L\u00f3pez-Ribalta, doctora en Bellas Artes, esmaltadora, catedr\u00e1tica de Artes Pl\u00e1sticas y Dise\u00f1o, docente de la Escola d\u2019Art i Disseny Llotja y miembro de la Reial Acad\u00e8mia Catalana de Belles Arts de Sant Jordi<\/div>\n<p><\/p>\n<div><\/div>\n<p><\/p>\n<div><strong>Fustes ex\u00f2tiques<\/strong><\/div>\n<p><\/p>\n<div>Joan G\u00fcell, historiador del arte y conservador-restaurador<\/div>\n<p><\/p>\n<div><\/div>\n<p><\/p>\n<div><strong>Els teixits dels anys 20: reconeixement de mat\u00e8ries i t\u00e8cniques<\/strong><\/div>\n<p><\/p>\n<div>S\u00edlvia Carbonell, directora del Centre de Documentaci\u00f3 i Museu T\u00e8xtil<br \/>\nde Terrassa (CDMT)<\/div>\n<p><\/p>\n<div><\/div>\n<p><\/p>\n<div><strong>Nous materials per a les ind\u00fastries modernes (1925)<\/strong><\/div>\n<p><\/p>\n<div>Nat\u00e0lia Herv\u00e1s, conservadora-restauradora<\/div>\n<p><\/p>\n<div><\/div>\n<p><\/p>\n<div>12:30 h &#8211; 13:30 h <strong>Mesa redonda: Q\u00fcestionar la modernitat: L&#8217;Exposici\u00f3 Internationale de Par\u00eds de 1925, 100 anys despr\u00e9s<\/strong><br \/>\nM\u00f3nica Piera, doctora en historia del art, especialista en mueble, Mari\u00e0ngels Fondevila, conservadora del Museu Nacional d&#8217;Art de Catalunya (MNAC), Marisa Garcia Vergara, profesora Serra H\u00fanter de la Universitat de Girona, Albert Corbeto, historiador de la tipograf\u00eda y del libro. Paolo Sustersic, profesor titular, Elisava, UVic-UCC; Director del curso de Hist\u00f2ria del Moble del Segle XX i XXI, AEM; Presidente FHD, moderador.<\/div>\n<p><\/p>\n<div><\/div>\n<p><\/p>\n<div>13:30 h <strong>Clausura del curso<\/strong><\/div>\n<p><\/div>\n<\/div>\n\t\t\t\t<\/div>\n\t\t\t\t\t\t\t<div class=\"elementor-accordion-item\">\n\t\t\t\t\t<div id=\"elementor-tab-title-5493\" class=\"elementor-tab-title\" data-tab=\"3\" role=\"button\" aria-controls=\"elementor-tab-content-5493\" aria-expanded=\"false\">\n\t\t\t\t\t\t\t\t\t\t\t\t\t<span class=\"elementor-accordion-icon elementor-accordion-icon-left\" aria-hidden=\"true\">\n\t\t\t\t\t\t\t\t\t\t\t\t\t\t\t<span class=\"elementor-accordion-icon-closed\"><svg class=\"e-font-icon-svg e-fas-plus\" viewBox=\"0 0 448 512\" xmlns=\"http:\/\/www.w3.org\/2000\/svg\"><path d=\"M416 208H272V64c0-17.67-14.33-32-32-32h-32c-17.67 0-32 14.33-32 32v144H32c-17.67 0-32 14.33-32 32v32c0 17.67 14.33 32 32 32h144v144c0 17.67 14.33 32 32 32h32c17.67 0 32-14.33 32-32V304h144c17.67 0 32-14.33 32-32v-32c0-17.67-14.33-32-32-32z\"><\/path><\/svg><\/span>\n\t\t\t\t\t\t\t\t<span class=\"elementor-accordion-icon-opened\"><svg class=\"e-font-icon-svg e-fas-minus\" viewBox=\"0 0 448 512\" xmlns=\"http:\/\/www.w3.org\/2000\/svg\"><path d=\"M416 208H32c-17.67 0-32 14.33-32 32v32c0 17.67 14.33 32 32 32h384c17.67 0 32-14.33 32-32v-32c0-17.67-14.33-32-32-32z\"><\/path><\/svg><\/span>\n\t\t\t\t\t\t\t\t\t\t\t\t\t\t<\/span>\n\t\t\t\t\t\t\t\t\t\t\t\t<a class=\"elementor-accordion-title\" tabindex=\"0\">Precios y condiciones<\/a>\n\t\t\t\t\t<\/div>\n\t\t\t\t\t<div id=\"elementor-tab-content-5493\" class=\"elementor-tab-content elementor-clearfix\" data-tab=\"3\" role=\"region\" aria-labelledby=\"elementor-tab-title-5493\"><p>Los precios incluyen la asistencia a las conferencias, visitas y talleres. Tambi\u00e9n, la publicaci\u00f3n impresa del curso, coeditada con el Museu del Disseny-DHub.<\/p>\n<p><strong>Precio Socio\/a AEM:<\/strong> 90,00\u20ac<br \/><strong>PVP:<\/strong> 150,00\u20ac<br \/><strong>Precio reducido:<\/strong> 112,50\u20ac (Socios\/as de la Biblioteca i Arxiu del Disseny del Museu del Disseny-DHub, del FAD, del CRAC y de GRACMON)<br \/><strong>Carnet Biblioteques<\/strong>: 127,50<br \/><strong>Estudiantes* y desempleados\/as:<\/strong> 25,00\u20ac<br \/><strong>Becas para asistentes:<\/strong> consulta las condiciones en info@estudidelmoble.com \u2013 +34 932 566 785<\/p>\n<p id=\"tw-target-text\" class=\"tw-data-text tw-text-large tw-ta\" dir=\"ltr\" data-placeholder=\"Traducci\u00f3n\" data-ved=\"2ahUKEwjMj6jiqKKMAxX2QvEDHZ3fAPsQ3ewLegQICBAV\" aria-label=\"Texto traducido: * Equivale a 1 cr\u00e9dito para los estudiantes del Grado en Historia del Arte de la UB\"><span class=\"Y2IQFc\" lang=\"es\">* Equivale a 1 cr\u00e9dito para los estudiantes del <strong>Grado en Historia del Arte de la UB<\/strong><\/span><\/p>\n<\/div>\n\t\t\t\t<\/div>\n\t\t\t\t\t\t\t<div class=\"elementor-accordion-item\">\n\t\t\t\t\t<div id=\"elementor-tab-title-5494\" class=\"elementor-tab-title\" data-tab=\"4\" role=\"button\" aria-controls=\"elementor-tab-content-5494\" aria-expanded=\"false\">\n\t\t\t\t\t\t\t\t\t\t\t\t\t<span class=\"elementor-accordion-icon elementor-accordion-icon-left\" aria-hidden=\"true\">\n\t\t\t\t\t\t\t\t\t\t\t\t\t\t\t<span class=\"elementor-accordion-icon-closed\"><svg class=\"e-font-icon-svg e-fas-plus\" viewBox=\"0 0 448 512\" xmlns=\"http:\/\/www.w3.org\/2000\/svg\"><path d=\"M416 208H272V64c0-17.67-14.33-32-32-32h-32c-17.67 0-32 14.33-32 32v144H32c-17.67 0-32 14.33-32 32v32c0 17.67 14.33 32 32 32h144v144c0 17.67 14.33 32 32 32h32c17.67 0 32-14.33 32-32V304h144c17.67 0 32-14.33 32-32v-32c0-17.67-14.33-32-32-32z\"><\/path><\/svg><\/span>\n\t\t\t\t\t\t\t\t<span class=\"elementor-accordion-icon-opened\"><svg class=\"e-font-icon-svg e-fas-minus\" viewBox=\"0 0 448 512\" xmlns=\"http:\/\/www.w3.org\/2000\/svg\"><path d=\"M416 208H32c-17.67 0-32 14.33-32 32v32c0 17.67 14.33 32 32 32h384c17.67 0 32-14.33 32-32v-32c0-17.67-14.33-32-32-32z\"><\/path><\/svg><\/span>\n\t\t\t\t\t\t\t\t\t\t\t\t\t\t<\/span>\n\t\t\t\t\t\t\t\t\t\t\t\t<a class=\"elementor-accordion-title\" tabindex=\"0\">Inscripciones y consultas<\/a>\n\t\t\t\t\t<\/div>\n\t\t\t\t\t<div id=\"elementor-tab-content-5494\" class=\"elementor-tab-content elementor-clearfix\" data-tab=\"4\" role=\"region\" aria-labelledby=\"elementor-tab-title-5494\"><p>Inscripciones a trav\u00e9s de <a href=\"https:\/\/activitats.estudidelmoble.com\/events\/curs-de-maig-exposition-internationale-1925\/\" target=\"_blank\" rel=\"noopener\">este enlace<\/a><\/p>\n<p>Consultas y dudas en: info@estudidelmoble.com \u2013 +34 932 566 785 &#8211; De lunes a viernes, de 09:00 h a 15:00 h.<\/p>\n<\/div>\n\t\t\t\t<\/div>\n\t\t\t\t\t\t\t\t<\/div>\n\t\t\t\t\t\t<\/div>\n\t\t\t\t\t<\/div>\n\t\t<\/div>\n\t\t\t\t\t<\/div>\n\t\t<\/section>\n\t\t\t\t<section class=\"elementor-section elementor-top-section elementor-element elementor-element-b64a0f2 elementor-section-boxed elementor-section-height-default elementor-section-height-default\" data-id=\"b64a0f2\" data-element_type=\"section\" data-e-type=\"section\">\n\t\t\t\t\t\t<div class=\"elementor-container elementor-column-gap-default\">\n\t\t\t\t\t<div class=\"elementor-column elementor-col-100 elementor-top-column elementor-element elementor-element-20b9006\" data-id=\"20b9006\" data-element_type=\"column\" data-e-type=\"column\">\n\t\t\t<div class=\"elementor-widget-wrap elementor-element-populated\">\n\t\t\t\t\t\t<div class=\"elementor-element elementor-element-0bcc49e elementor-widget elementor-widget-spacer\" data-id=\"0bcc49e\" data-element_type=\"widget\" data-e-type=\"widget\" data-widget_type=\"spacer.default\">\n\t\t\t\t\t\t\t<div class=\"elementor-spacer\">\n\t\t\t<div class=\"elementor-spacer-inner\"><\/div>\n\t\t<\/div>\n\t\t\t\t\t\t<\/div>\n\t\t\t\t\t<\/div>\n\t\t<\/div>\n\t\t\t\t\t<\/div>\n\t\t<\/section>\n\t\t\t\t<section class=\"elementor-section elementor-top-section elementor-element elementor-element-49b8b06 elementor-section-boxed elementor-section-height-default elementor-section-height-default\" data-id=\"49b8b06\" data-element_type=\"section\" data-e-type=\"section\">\n\t\t\t\t\t\t<div class=\"elementor-container elementor-column-gap-default\">\n\t\t\t\t\t<div class=\"elementor-column elementor-col-100 elementor-top-column elementor-element elementor-element-6b98792\" data-id=\"6b98792\" data-element_type=\"column\" data-e-type=\"column\" data-settings=\"{&quot;background_background&quot;:&quot;classic&quot;}\">\n\t\t\t<div class=\"elementor-widget-wrap elementor-element-populated\">\n\t\t\t\t\t\t<div class=\"elementor-element elementor-element-1401386 elementor-view-framed elementor-position-inline-start elementor-shape-circle elementor-mobile-position-block-start elementor-widget elementor-widget-icon-box\" data-id=\"1401386\" data-element_type=\"widget\" data-e-type=\"widget\" data-widget_type=\"icon-box.default\">\n\t\t\t\t\t\t\t<div class=\"elementor-icon-box-wrapper\">\n\n\t\t\t\t\t\t<div class=\"elementor-icon-box-icon\">\n\t\t\t\t<a href=\"https:\/\/www.estudidelmoble.com\/wp-content\/uploads\/2025\/05\/CATCurs_ExposicioInternacional1925.pdf\" target=\"_blank\" class=\"elementor-icon\" tabindex=\"-1\" aria-label=\"Descarrega programa catal\u00e0 (PDF)\">\n\t\t\t\t<svg aria-hidden=\"true\" class=\"e-font-icon-svg e-fas-file-download\" viewBox=\"0 0 384 512\" xmlns=\"http:\/\/www.w3.org\/2000\/svg\"><path d=\"M224 136V0H24C10.7 0 0 10.7 0 24v464c0 13.3 10.7 24 24 24h336c13.3 0 24-10.7 24-24V160H248c-13.2 0-24-10.8-24-24zm76.45 211.36l-96.42 95.7c-6.65 6.61-17.39 6.61-24.04 0l-96.42-95.7C73.42 337.29 80.54 320 94.82 320H160v-80c0-8.84 7.16-16 16-16h32c8.84 0 16 7.16 16 16v80h65.18c14.28 0 21.4 17.29 11.27 27.36zM377 105L279.1 7c-4.5-4.5-10.6-7-17-7H256v128h128v-6.1c0-6.3-2.5-12.4-7-16.9z\"><\/path><\/svg>\t\t\t\t<\/a>\n\t\t\t<\/div>\n\t\t\t\n\t\t\t\t\t\t<div class=\"elementor-icon-box-content\">\n\n\t\t\t\t\t\t\t\t\t<p class=\"elementor-icon-box-title\">\n\t\t\t\t\t\t<a href=\"https:\/\/www.estudidelmoble.com\/wp-content\/uploads\/2025\/05\/CATCurs_ExposicioInternacional1925.pdf\" target=\"_blank\" >\n\t\t\t\t\t\t\tDescarrega programa catal\u00e0 (PDF)\t\t\t\t\t\t<\/a>\n\t\t\t\t\t<\/p>\n\t\t\t\t\n\t\t\t\t\n\t\t\t<\/div>\n\t\t\t\n\t\t<\/div>\n\t\t\t\t\t\t<\/div>\n\t\t\t\t<div class=\"elementor-element elementor-element-bf10178 elementor-view-framed elementor-position-inline-start elementor-shape-circle elementor-mobile-position-block-start elementor-widget elementor-widget-icon-box\" data-id=\"bf10178\" data-element_type=\"widget\" data-e-type=\"widget\" data-widget_type=\"icon-box.default\">\n\t\t\t\t\t\t\t<div class=\"elementor-icon-box-wrapper\">\n\n\t\t\t\t\t\t<div class=\"elementor-icon-box-icon\">\n\t\t\t\t<a href=\"https:\/\/www.estudidelmoble.com\/wp-content\/uploads\/2025\/05\/CASTCurs_ExposicioInternacional1925.pdf\" target=\"_blank\" class=\"elementor-icon\" tabindex=\"-1\" aria-label=\"Descarga programa castellano (PDF)\">\n\t\t\t\t<svg aria-hidden=\"true\" class=\"e-font-icon-svg e-fas-file-download\" viewBox=\"0 0 384 512\" xmlns=\"http:\/\/www.w3.org\/2000\/svg\"><path d=\"M224 136V0H24C10.7 0 0 10.7 0 24v464c0 13.3 10.7 24 24 24h336c13.3 0 24-10.7 24-24V160H248c-13.2 0-24-10.8-24-24zm76.45 211.36l-96.42 95.7c-6.65 6.61-17.39 6.61-24.04 0l-96.42-95.7C73.42 337.29 80.54 320 94.82 320H160v-80c0-8.84 7.16-16 16-16h32c8.84 0 16 7.16 16 16v80h65.18c14.28 0 21.4 17.29 11.27 27.36zM377 105L279.1 7c-4.5-4.5-10.6-7-17-7H256v128h128v-6.1c0-6.3-2.5-12.4-7-16.9z\"><\/path><\/svg>\t\t\t\t<\/a>\n\t\t\t<\/div>\n\t\t\t\n\t\t\t\t\t\t<div class=\"elementor-icon-box-content\">\n\n\t\t\t\t\t\t\t\t\t<p class=\"elementor-icon-box-title\">\n\t\t\t\t\t\t<a href=\"https:\/\/www.estudidelmoble.com\/wp-content\/uploads\/2025\/05\/CASTCurs_ExposicioInternacional1925.pdf\" target=\"_blank\" >\n\t\t\t\t\t\t\tDescarga programa castellano (PDF)\t\t\t\t\t\t<\/a>\n\t\t\t\t\t<\/p>\n\t\t\t\t\n\t\t\t\t\n\t\t\t<\/div>\n\t\t\t\n\t\t<\/div>\n\t\t\t\t\t\t<\/div>\n\t\t\t\t\t<\/div>\n\t\t<\/div>\n\t\t\t\t\t<\/div>\n\t\t<\/section>\n\t\t\t\t<section class=\"elementor-section elementor-top-section elementor-element elementor-element-75d8637 elementor-section-boxed elementor-section-height-default elementor-section-height-default\" data-id=\"75d8637\" data-element_type=\"section\" data-e-type=\"section\">\n\t\t\t\t\t\t<div class=\"elementor-container elementor-column-gap-default\">\n\t\t\t\t\t<div class=\"elementor-column elementor-col-100 elementor-top-column elementor-element elementor-element-ad945e7\" data-id=\"ad945e7\" data-element_type=\"column\" data-e-type=\"column\">\n\t\t\t<div class=\"elementor-widget-wrap elementor-element-populated\">\n\t\t\t\t\t\t<div class=\"elementor-element elementor-element-855742b elementor-widget elementor-widget-spacer\" data-id=\"855742b\" data-element_type=\"widget\" data-e-type=\"widget\" data-widget_type=\"spacer.default\">\n\t\t\t\t\t\t\t<div class=\"elementor-spacer\">\n\t\t\t<div class=\"elementor-spacer-inner\"><\/div>\n\t\t<\/div>\n\t\t\t\t\t\t<\/div>\n\t\t\t\t<div class=\"elementor-element elementor-element-a35efc5 elementor-widget elementor-widget-spacer\" data-id=\"a35efc5\" data-element_type=\"widget\" data-e-type=\"widget\" data-widget_type=\"spacer.default\">\n\t\t\t\t\t\t\t<div class=\"elementor-spacer\">\n\t\t\t<div class=\"elementor-spacer-inner\"><\/div>\n\t\t<\/div>\n\t\t\t\t\t\t<\/div>\n\t\t\t\t<div class=\"elementor-element elementor-element-bf65b93 elementor-align-center elementor-widget elementor-widget-button\" data-id=\"bf65b93\" data-element_type=\"widget\" data-e-type=\"widget\" data-widget_type=\"button.default\">\n\t\t\t\t\t\t\t\t\t\t<a class=\"elementor-button elementor-button-link elementor-size-sm\" href=\"https:\/\/activitats.estudidelmoble.com\/events\/curs-de-maig-exposition-internationale-1925\/\" target=\"_blank\">\n\t\t\t\t\t\t<span class=\"elementor-button-content-wrapper\">\n\t\t\t\t\t\t\t\t\t<span class=\"elementor-button-text\">Inscr\u00edbete<\/span>\n\t\t\t\t\t<\/span>\n\t\t\t\t\t<\/a>\n\t\t\t\t\t\t\t\t<\/div>\n\t\t\t\t<div class=\"elementor-element elementor-element-db6a16a elementor-widget elementor-widget-spacer\" data-id=\"db6a16a\" data-element_type=\"widget\" data-e-type=\"widget\" data-widget_type=\"spacer.default\">\n\t\t\t\t\t\t\t<div class=\"elementor-spacer\">\n\t\t\t<div class=\"elementor-spacer-inner\"><\/div>\n\t\t<\/div>\n\t\t\t\t\t\t<\/div>\n\t\t\t\t<div class=\"elementor-element elementor-element-fdca557 elementor-widget elementor-widget-text-editor\" data-id=\"fdca557\" data-element_type=\"widget\" data-e-type=\"widget\" data-widget_type=\"text-editor.default\">\n\t\t\t\t\t\t\t\t\t<p>Con el apoyo de:<\/p>\n\t\t\t\t\t\t\t\t<\/div>\n\t\t\t\t\t<\/div>\n\t\t<\/div>\n\t\t\t\t\t<\/div>\n\t\t<\/section>\n\t\t\t\t<section class=\"elementor-section elementor-top-section elementor-element elementor-element-7696548 elementor-section-boxed elementor-section-height-default elementor-section-height-default\" data-id=\"7696548\" data-element_type=\"section\" data-e-type=\"section\">\n\t\t\t\t\t\t<div class=\"elementor-container elementor-column-gap-default\">\n\t\t\t\t\t<div class=\"elementor-column elementor-col-33 elementor-top-column elementor-element elementor-element-d335601\" data-id=\"d335601\" data-element_type=\"column\" data-e-type=\"column\">\n\t\t\t<div class=\"elementor-widget-wrap\">\n\t\t\t\t\t\t\t<\/div>\n\t\t<\/div>\n\t\t\t\t<div class=\"elementor-column elementor-col-33 elementor-top-column elementor-element elementor-element-0a10b29\" data-id=\"0a10b29\" data-element_type=\"column\" data-e-type=\"column\">\n\t\t\t<div class=\"elementor-widget-wrap elementor-element-populated\">\n\t\t\t\t\t\t<div class=\"elementor-element elementor-element-a8cda52 elementor-widget elementor-widget-image\" data-id=\"a8cda52\" data-element_type=\"widget\" data-e-type=\"widget\" data-widget_type=\"image.default\">\n\t\t\t\t\t\t\t\t\t\t\t\t\t\t\t\t<a href=\"https:\/\/www.dissenyhub.barcelona\/\" target=\"_blank\" rel=\"noopener\">\n\t\t\t\t\t\t\t<img decoding=\"async\" width=\"768\" height=\"192\" src=\"https:\/\/www.estudidelmoble.com\/wp-content\/uploads\/2023\/06\/DHub-logo-768x192.jpg\" class=\"attachment-medium_large size-medium_large wp-image-59410\" alt=\"\" srcset=\"https:\/\/www.estudidelmoble.com\/wp-content\/uploads\/2023\/06\/DHub-logo-768x192.jpg 768w, https:\/\/www.estudidelmoble.com\/wp-content\/uploads\/2023\/06\/DHub-logo-300x75.jpg 300w, https:\/\/www.estudidelmoble.com\/wp-content\/uploads\/2023\/06\/DHub-logo-1024x255.jpg 1024w, https:\/\/www.estudidelmoble.com\/wp-content\/uploads\/2023\/06\/DHub-logo-1536x383.jpg 1536w, https:\/\/www.estudidelmoble.com\/wp-content\/uploads\/2023\/06\/DHub-logo-2048x511.jpg 2048w, https:\/\/www.estudidelmoble.com\/wp-content\/uploads\/2023\/06\/DHub-logo-600x150.jpg 600w\" sizes=\"(max-width: 768px) 100vw, 768px\" \/>\t\t\t\t\t\t\t\t<\/a>\n\t\t\t\t\t\t\t\t\t\t\t\t\t\t\t<\/div>\n\t\t\t\t\t<\/div>\n\t\t<\/div>\n\t\t\t\t<div class=\"elementor-column elementor-col-33 elementor-top-column elementor-element elementor-element-9408775\" data-id=\"9408775\" data-element_type=\"column\" data-e-type=\"column\">\n\t\t\t<div class=\"elementor-widget-wrap\">\n\t\t\t\t\t\t\t<\/div>\n\t\t<\/div>\n\t\t\t\t\t<\/div>\n\t\t<\/section>\n\t\t\t\t<section class=\"elementor-section elementor-top-section elementor-element elementor-element-2f879dc elementor-section-boxed elementor-section-height-default elementor-section-height-default\" data-id=\"2f879dc\" data-element_type=\"section\" data-e-type=\"section\">\n\t\t\t\t\t\t<div class=\"elementor-container elementor-column-gap-default\">\n\t\t\t\t\t<div class=\"elementor-column elementor-col-100 elementor-top-column elementor-element elementor-element-84532f3\" data-id=\"84532f3\" data-element_type=\"column\" data-e-type=\"column\">\n\t\t\t<div class=\"elementor-widget-wrap elementor-element-populated\">\n\t\t\t\t\t\t<div class=\"elementor-element elementor-element-8ef330f elementor-widget elementor-widget-spacer\" data-id=\"8ef330f\" data-element_type=\"widget\" data-e-type=\"widget\" data-widget_type=\"spacer.default\">\n\t\t\t\t\t\t\t<div class=\"elementor-spacer\">\n\t\t\t<div class=\"elementor-spacer-inner\"><\/div>\n\t\t<\/div>\n\t\t\t\t\t\t<\/div>\n\t\t\t\t<div class=\"elementor-element elementor-element-b3d6410 elementor-widget elementor-widget-text-editor\" data-id=\"b3d6410\" data-element_type=\"widget\" data-e-type=\"widget\" data-widget_type=\"text-editor.default\">\n\t\t\t\t\t\t\t\t\t<p>Con a colaboraci\u00f3n de:<\/p>\n\t\t\t\t\t\t\t\t<\/div>\n\t\t\t\t\t<\/div>\n\t\t<\/div>\n\t\t\t\t\t<\/div>\n\t\t<\/section>\n\t\t\t\t<section class=\"elementor-section elementor-top-section elementor-element elementor-element-c9fae0a elementor-section-boxed elementor-section-height-default elementor-section-height-default\" data-id=\"c9fae0a\" data-element_type=\"section\" data-e-type=\"section\">\n\t\t\t\t\t\t<div class=\"elementor-container elementor-column-gap-default\">\n\t\t\t\t\t<div class=\"elementor-column elementor-col-33 elementor-top-column elementor-element elementor-element-9bf84c6\" data-id=\"9bf84c6\" data-element_type=\"column\" data-e-type=\"column\">\n\t\t\t<div class=\"elementor-widget-wrap\">\n\t\t\t\t\t\t\t<\/div>\n\t\t<\/div>\n\t\t\t\t<div class=\"elementor-column elementor-col-33 elementor-top-column elementor-element elementor-element-699be63\" data-id=\"699be63\" data-element_type=\"column\" data-e-type=\"column\">\n\t\t\t<div class=\"elementor-widget-wrap elementor-element-populated\">\n\t\t\t\t\t\t<div class=\"elementor-element elementor-element-58b7f83 elementor-widget elementor-widget-image\" data-id=\"58b7f83\" data-element_type=\"widget\" data-e-type=\"widget\" data-widget_type=\"image.default\">\n\t\t\t\t\t\t\t\t\t\t\t\t\t\t\t\t<a href=\"https:\/\/www.fad.cat\/\" target=\"_blank\" rel=\"noopener\">\n\t\t\t\t\t\t\t<img decoding=\"async\" width=\"359\" height=\"140\" src=\"https:\/\/www.estudidelmoble.com\/wp-content\/uploads\/2025\/03\/logo-fad.jpg\" class=\"attachment-large size-large wp-image-67757\" alt=\"\" srcset=\"https:\/\/www.estudidelmoble.com\/wp-content\/uploads\/2025\/03\/logo-fad.jpg 359w, https:\/\/www.estudidelmoble.com\/wp-content\/uploads\/2025\/03\/logo-fad-300x117.jpg 300w\" sizes=\"(max-width: 359px) 100vw, 359px\" \/>\t\t\t\t\t\t\t\t<\/a>\n\t\t\t\t\t\t\t\t\t\t\t\t\t\t\t<\/div>\n\t\t\t\t\t<\/div>\n\t\t<\/div>\n\t\t\t\t<div class=\"elementor-column elementor-col-33 elementor-top-column elementor-element elementor-element-0a01f0a\" data-id=\"0a01f0a\" data-element_type=\"column\" data-e-type=\"column\">\n\t\t\t<div class=\"elementor-widget-wrap\">\n\t\t\t\t\t\t\t<\/div>\n\t\t<\/div>\n\t\t\t\t\t<\/div>\n\t\t<\/section>\n\t\t\t\t<section class=\"elementor-section elementor-top-section elementor-element elementor-element-7b04f4a elementor-section-boxed elementor-section-height-default elementor-section-height-default\" data-id=\"7b04f4a\" data-element_type=\"section\" data-e-type=\"section\">\n\t\t\t\t\t\t<div class=\"elementor-container elementor-column-gap-default\">\n\t\t\t\t\t<div class=\"elementor-column elementor-col-33 elementor-top-column elementor-element elementor-element-406836b\" data-id=\"406836b\" data-element_type=\"column\" data-e-type=\"column\">\n\t\t\t<div class=\"elementor-widget-wrap elementor-element-populated\">\n\t\t\t\t\t\t<div class=\"elementor-element elementor-element-2e13574 elementor-widget elementor-widget-image\" data-id=\"2e13574\" data-element_type=\"widget\" data-e-type=\"widget\" data-widget_type=\"image.default\">\n\t\t\t\t\t\t\t\t\t\t\t\t\t\t\t\t<a href=\"https:\/\/www.ub.edu\/gracmon\/\" target=\"_blank\" rel=\"noopener\">\n\t\t\t\t\t\t\t<img loading=\"lazy\" decoding=\"async\" width=\"720\" height=\"340\" src=\"https:\/\/www.estudidelmoble.com\/wp-content\/uploads\/2025\/02\/GRACMON_baner-720x340-1.jpg\" class=\"attachment-large size-large wp-image-68236\" alt=\"\" srcset=\"https:\/\/www.estudidelmoble.com\/wp-content\/uploads\/2025\/02\/GRACMON_baner-720x340-1.jpg 720w, https:\/\/www.estudidelmoble.com\/wp-content\/uploads\/2025\/02\/GRACMON_baner-720x340-1-300x142.jpg 300w, https:\/\/www.estudidelmoble.com\/wp-content\/uploads\/2025\/02\/GRACMON_baner-720x340-1-600x283.jpg 600w\" sizes=\"(max-width: 720px) 100vw, 720px\" \/>\t\t\t\t\t\t\t\t<\/a>\n\t\t\t\t\t\t\t\t\t\t\t\t\t\t\t<\/div>\n\t\t\t\t\t<\/div>\n\t\t<\/div>\n\t\t\t\t<div class=\"elementor-column elementor-col-33 elementor-top-column elementor-element elementor-element-dcdc417\" data-id=\"dcdc417\" data-element_type=\"column\" data-e-type=\"column\">\n\t\t\t<div class=\"elementor-widget-wrap elementor-element-populated\">\n\t\t\t\t\t\t<div class=\"elementor-element elementor-element-459e990 elementor-widget elementor-widget-image\" data-id=\"459e990\" data-element_type=\"widget\" data-e-type=\"widget\" data-widget_type=\"image.default\">\n\t\t\t\t\t\t\t\t\t\t\t\t\t\t\t\t<a href=\"https:\/\/cracpatrimoni.com\/es\/\" target=\"_blank\" rel=\"noopener\">\n\t\t\t\t\t\t\t<img loading=\"lazy\" decoding=\"async\" width=\"800\" height=\"566\" src=\"https:\/\/www.estudidelmoble.com\/wp-content\/uploads\/2025\/04\/logo_CRAC_H_3508x2481-1024x724.png\" class=\"attachment-large size-large wp-image-68421\" alt=\"\" srcset=\"https:\/\/www.estudidelmoble.com\/wp-content\/uploads\/2025\/04\/logo_CRAC_H_3508x2481-1024x724.png 1024w, https:\/\/www.estudidelmoble.com\/wp-content\/uploads\/2025\/04\/logo_CRAC_H_3508x2481-300x212.png 300w, https:\/\/www.estudidelmoble.com\/wp-content\/uploads\/2025\/04\/logo_CRAC_H_3508x2481-768x543.png 768w, https:\/\/www.estudidelmoble.com\/wp-content\/uploads\/2025\/04\/logo_CRAC_H_3508x2481-1536x1086.png 1536w, https:\/\/www.estudidelmoble.com\/wp-content\/uploads\/2025\/04\/logo_CRAC_H_3508x2481-2048x1448.png 2048w, https:\/\/www.estudidelmoble.com\/wp-content\/uploads\/2025\/04\/logo_CRAC_H_3508x2481-600x424.png 600w\" sizes=\"(max-width: 800px) 100vw, 800px\" \/>\t\t\t\t\t\t\t\t<\/a>\n\t\t\t\t\t\t\t\t\t\t\t\t\t\t\t<\/div>\n\t\t\t\t\t<\/div>\n\t\t<\/div>\n\t\t\t\t<div class=\"elementor-column elementor-col-33 elementor-top-column elementor-element elementor-element-d13e6e1\" data-id=\"d13e6e1\" data-element_type=\"column\" data-e-type=\"column\">\n\t\t\t<div class=\"elementor-widget-wrap elementor-element-populated\">\n\t\t\t\t\t\t<div class=\"elementor-element elementor-element-d2b95d7 elementor-widget elementor-widget-image\" data-id=\"d2b95d7\" data-element_type=\"widget\" data-e-type=\"widget\" data-widget_type=\"image.default\">\n\t\t\t\t\t\t\t\t\t\t\t\t\t\t\t<img loading=\"lazy\" decoding=\"async\" width=\"753\" height=\"214\" src=\"https:\/\/www.estudidelmoble.com\/wp-content\/uploads\/2025\/02\/cultura.png\" class=\"attachment-large size-large wp-image-68238\" alt=\"\" srcset=\"https:\/\/www.estudidelmoble.com\/wp-content\/uploads\/2025\/02\/cultura.png 753w, https:\/\/www.estudidelmoble.com\/wp-content\/uploads\/2025\/02\/cultura-300x85.png 300w, https:\/\/www.estudidelmoble.com\/wp-content\/uploads\/2025\/02\/cultura-600x171.png 600w\" sizes=\"(max-width: 753px) 100vw, 753px\" \/>\t\t\t\t\t\t\t\t\t\t\t\t\t\t\t<\/div>\n\t\t\t\t\t<\/div>\n\t\t<\/div>\n\t\t\t\t\t<\/div>\n\t\t<\/section>\n\t\t\t\t<section class=\"elementor-section elementor-top-section elementor-element elementor-element-c024810 elementor-section-boxed elementor-section-height-default elementor-section-height-default\" data-id=\"c024810\" data-element_type=\"section\" data-e-type=\"section\">\n\t\t\t\t\t\t<div class=\"elementor-container elementor-column-gap-default\">\n\t\t\t\t\t<div class=\"elementor-column elementor-col-25 elementor-top-column elementor-element elementor-element-500dfd6\" data-id=\"500dfd6\" data-element_type=\"column\" data-e-type=\"column\">\n\t\t\t<div class=\"elementor-widget-wrap elementor-element-populated\">\n\t\t\t\t\t\t<div class=\"elementor-element elementor-element-d614954 elementor-widget elementor-widget-image\" data-id=\"d614954\" data-element_type=\"widget\" data-e-type=\"widget\" data-widget_type=\"image.default\">\n\t\t\t\t\t\t\t\t\t\t\t\t\t\t\t\t<a href=\"http:\/\/www.amigosmnad.com\/\" target=\"_blank\" rel=\"noopener\">\n\t\t\t\t\t\t\t<img loading=\"lazy\" decoding=\"async\" width=\"482\" height=\"110\" src=\"https:\/\/www.estudidelmoble.com\/wp-content\/uploads\/2025\/04\/unnamed.gif\" class=\"attachment-large size-large wp-image-68624\" alt=\"\" \/>\t\t\t\t\t\t\t\t<\/a>\n\t\t\t\t\t\t\t\t\t\t\t\t\t\t\t<\/div>\n\t\t\t\t\t<\/div>\n\t\t<\/div>\n\t\t\t\t<div class=\"elementor-column elementor-col-25 elementor-top-column elementor-element elementor-element-132e805\" data-id=\"132e805\" data-element_type=\"column\" data-e-type=\"column\">\n\t\t\t<div class=\"elementor-widget-wrap elementor-element-populated\">\n\t\t\t\t\t\t<div class=\"elementor-element elementor-element-59b5003 elementor-widget elementor-widget-image\" data-id=\"59b5003\" data-element_type=\"widget\" data-e-type=\"widget\" data-widget_type=\"image.default\">\n\t\t\t\t\t\t\t\t\t\t\t\t\t\t\t\t<a href=\"https:\/\/www.fundaciocatalunyacultura.cat\/\" target=\"_blank\" rel=\"noopener\">\n\t\t\t\t\t\t\t<img loading=\"lazy\" decoding=\"async\" width=\"500\" height=\"163\" src=\"https:\/\/www.estudidelmoble.com\/wp-content\/uploads\/2025\/04\/logo-f.jpg\" class=\"attachment-large size-large wp-image-68444\" alt=\"\" srcset=\"https:\/\/www.estudidelmoble.com\/wp-content\/uploads\/2025\/04\/logo-f.jpg 500w, https:\/\/www.estudidelmoble.com\/wp-content\/uploads\/2025\/04\/logo-f-300x98.jpg 300w\" sizes=\"(max-width: 500px) 100vw, 500px\" \/>\t\t\t\t\t\t\t\t<\/a>\n\t\t\t\t\t\t\t\t\t\t\t\t\t\t\t<\/div>\n\t\t\t\t\t<\/div>\n\t\t<\/div>\n\t\t\t\t<div class=\"elementor-column elementor-col-25 elementor-top-column elementor-element elementor-element-214faf2\" data-id=\"214faf2\" data-element_type=\"column\" data-e-type=\"column\">\n\t\t\t<div class=\"elementor-widget-wrap elementor-element-populated\">\n\t\t\t\t\t\t<div class=\"elementor-element elementor-element-15e2a3a elementor-widget elementor-widget-image\" data-id=\"15e2a3a\" data-element_type=\"widget\" data-e-type=\"widget\" data-widget_type=\"image.default\">\n\t\t\t\t\t\t\t\t\t\t\t\t\t\t\t\t<a href=\"https:\/\/www.racba.org\/\" target=\"_blank\" rel=\"noopener\">\n\t\t\t\t\t\t\t<img loading=\"lazy\" decoding=\"async\" width=\"256\" height=\"166\" src=\"https:\/\/www.estudidelmoble.com\/wp-content\/uploads\/2025\/04\/logo_427_reial_acast_jordi.jpg\" class=\"attachment-large size-large wp-image-68446\" alt=\"\" \/>\t\t\t\t\t\t\t\t<\/a>\n\t\t\t\t\t\t\t\t\t\t\t\t\t\t\t<\/div>\n\t\t\t\t\t<\/div>\n\t\t<\/div>\n\t\t\t\t<div class=\"elementor-column elementor-col-25 elementor-top-column elementor-element elementor-element-b158b06\" data-id=\"b158b06\" data-element_type=\"column\" data-e-type=\"column\">\n\t\t\t<div class=\"elementor-widget-wrap elementor-element-populated\">\n\t\t\t\t\t\t<div class=\"elementor-element elementor-element-4898e72 elementor-widget elementor-widget-image\" data-id=\"4898e72\" data-element_type=\"widget\" data-e-type=\"widget\" data-widget_type=\"image.default\">\n\t\t\t\t\t\t\t\t\t\t\t\t\t\t\t\t<a href=\"https:\/\/arteceha.es\/\" target=\"_blank\" rel=\"noopener\">\n\t\t\t\t\t\t\t<img loading=\"lazy\" decoding=\"async\" width=\"450\" height=\"200\" src=\"https:\/\/www.estudidelmoble.com\/wp-content\/uploads\/2025\/04\/logo-amarillo-450.png\" class=\"attachment-large size-large wp-image-68653\" alt=\"\" srcset=\"https:\/\/www.estudidelmoble.com\/wp-content\/uploads\/2025\/04\/logo-amarillo-450.png 450w, https:\/\/www.estudidelmoble.com\/wp-content\/uploads\/2025\/04\/logo-amarillo-450-300x133.png 300w\" sizes=\"(max-width: 450px) 100vw, 450px\" \/>\t\t\t\t\t\t\t\t<\/a>\n\t\t\t\t\t\t\t\t\t\t\t\t\t\t\t<\/div>\n\t\t\t\t\t<\/div>\n\t\t<\/div>\n\t\t\t\t\t<\/div>\n\t\t<\/section>\n\t\t\t\t<section class=\"elementor-section elementor-top-section elementor-element elementor-element-8ea6dfb elementor-section-boxed elementor-section-height-default elementor-section-height-default\" data-id=\"8ea6dfb\" data-element_type=\"section\" data-e-type=\"section\">\n\t\t\t\t\t\t<div class=\"elementor-container elementor-column-gap-default\">\n\t\t\t\t\t<div class=\"elementor-column elementor-col-25 elementor-top-column elementor-element elementor-element-fa88147\" data-id=\"fa88147\" data-element_type=\"column\" data-e-type=\"column\">\n\t\t\t<div class=\"elementor-widget-wrap\">\n\t\t\t\t\t\t\t<\/div>\n\t\t<\/div>\n\t\t\t\t<div class=\"elementor-column elementor-col-25 elementor-top-column elementor-element elementor-element-d3cf513\" data-id=\"d3cf513\" data-element_type=\"column\" data-e-type=\"column\">\n\t\t\t<div class=\"elementor-widget-wrap elementor-element-populated\">\n\t\t\t\t\t\t<div class=\"elementor-element elementor-element-c771d09 elementor-widget__width-initial elementor-widget elementor-widget-image\" data-id=\"c771d09\" data-element_type=\"widget\" data-e-type=\"widget\" data-widget_type=\"image.default\">\n\t\t\t\t\t\t\t\t\t\t\t\t\t\t\t\t<a href=\"https:\/\/www.fad.cat\/a-fad\/ca\" target=\"_blank\" rel=\"noopener\">\n\t\t\t\t\t\t\t<img loading=\"lazy\" decoding=\"async\" width=\"358\" height=\"254\" src=\"https:\/\/www.estudidelmoble.com\/wp-content\/uploads\/2025\/04\/312-B1_A-CAT-CAST-ANG-1.png\" class=\"attachment-large size-large wp-image-68661\" alt=\"\" srcset=\"https:\/\/www.estudidelmoble.com\/wp-content\/uploads\/2025\/04\/312-B1_A-CAT-CAST-ANG-1.png 358w, https:\/\/www.estudidelmoble.com\/wp-content\/uploads\/2025\/04\/312-B1_A-CAT-CAST-ANG-1-300x213.png 300w\" sizes=\"(max-width: 358px) 100vw, 358px\" \/>\t\t\t\t\t\t\t\t<\/a>\n\t\t\t\t\t\t\t\t\t\t\t\t\t\t\t<\/div>\n\t\t\t\t\t<\/div>\n\t\t<\/div>\n\t\t\t\t<div class=\"elementor-column elementor-col-25 elementor-top-column elementor-element elementor-element-f94b0d3\" data-id=\"f94b0d3\" data-element_type=\"column\" data-e-type=\"column\">\n\t\t\t<div class=\"elementor-widget-wrap elementor-element-populated\">\n\t\t\t\t\t\t<div class=\"elementor-element elementor-element-a778ee3 elementor-widget elementor-widget-image\" data-id=\"a778ee3\" data-element_type=\"widget\" data-e-type=\"widget\" data-widget_type=\"image.default\">\n\t\t\t\t\t\t\t\t\t\t\t\t\t\t\t\t<a href=\"https:\/\/dondego.es\/barcelona\/\" target=\"_blank\" rel=\"noopener\">\n\t\t\t\t\t\t\t<img loading=\"lazy\" decoding=\"async\" width=\"325\" height=\"72\" src=\"https:\/\/www.estudidelmoble.com\/wp-content\/uploads\/2025\/04\/black-1.png\" class=\"attachment-large size-large wp-image-68767\" alt=\"\" srcset=\"https:\/\/www.estudidelmoble.com\/wp-content\/uploads\/2025\/04\/black-1.png 325w, https:\/\/www.estudidelmoble.com\/wp-content\/uploads\/2025\/04\/black-1-300x66.png 300w\" sizes=\"(max-width: 325px) 100vw, 325px\" \/>\t\t\t\t\t\t\t\t<\/a>\n\t\t\t\t\t\t\t\t\t\t\t\t\t\t\t<\/div>\n\t\t\t\t\t<\/div>\n\t\t<\/div>\n\t\t\t\t<div class=\"elementor-column elementor-col-25 elementor-top-column elementor-element elementor-element-56f1b06\" data-id=\"56f1b06\" data-element_type=\"column\" data-e-type=\"column\">\n\t\t\t<div class=\"elementor-widget-wrap\">\n\t\t\t\t\t\t\t<\/div>\n\t\t<\/div>\n\t\t\t\t\t<\/div>\n\t\t<\/section>\n\t\t\t\t<\/div>\n\t\t","protected":false},"excerpt":{"rendered":"<p>Los artistas catalanes en la Exposition Internationale des Arts D\u00e9coratifs de 1925: conferencias de expertos y selecci\u00f3n de piezas y t\u00e9cnicas<\/p>\n","protected":false},"author":458,"featured_media":67447,"comment_status":"closed","ping_status":"closed","sticky":false,"template":"","format":"standard","meta":{"_acf_changed":false,"footnotes":""},"categories":[293,28],"tags":[340,1104,410],"class_list":["post-67754","post","type-post","status-publish","format-standard","has-post-thumbnail","hentry","category-cursos-es","category-blog-es","tag-expertos-es","tag-historiadelmoble","tag-s-xx-es"],"acf":[],"_links":{"self":[{"href":"https:\/\/www.estudidelmoble.com\/es\/wp-json\/wp\/v2\/posts\/67754","targetHints":{"allow":["GET"]}}],"collection":[{"href":"https:\/\/www.estudidelmoble.com\/es\/wp-json\/wp\/v2\/posts"}],"about":[{"href":"https:\/\/www.estudidelmoble.com\/es\/wp-json\/wp\/v2\/types\/post"}],"author":[{"embeddable":true,"href":"https:\/\/www.estudidelmoble.com\/es\/wp-json\/wp\/v2\/users\/458"}],"replies":[{"embeddable":true,"href":"https:\/\/www.estudidelmoble.com\/es\/wp-json\/wp\/v2\/comments?post=67754"}],"version-history":[{"count":0,"href":"https:\/\/www.estudidelmoble.com\/es\/wp-json\/wp\/v2\/posts\/67754\/revisions"}],"wp:featuredmedia":[{"embeddable":true,"href":"https:\/\/www.estudidelmoble.com\/es\/wp-json\/wp\/v2\/media\/67447"}],"wp:attachment":[{"href":"https:\/\/www.estudidelmoble.com\/es\/wp-json\/wp\/v2\/media?parent=67754"}],"wp:term":[{"taxonomy":"category","embeddable":true,"href":"https:\/\/www.estudidelmoble.com\/es\/wp-json\/wp\/v2\/categories?post=67754"},{"taxonomy":"post_tag","embeddable":true,"href":"https:\/\/www.estudidelmoble.com\/es\/wp-json\/wp\/v2\/tags?post=67754"}],"curies":[{"name":"wp","href":"https:\/\/api.w.org\/{rel}","templated":true}]}}