{"id":68581,"date":"2025-04-09T13:51:52","date_gmt":"2025-04-09T11:51:52","guid":{"rendered":"https:\/\/www.estudidelmoble.com\/sant-jordi-2025-con-la-aem\/"},"modified":"2025-04-30T11:39:49","modified_gmt":"2025-04-30T09:39:49","slug":"sant-jordi-2025-con-la-aem","status":"publish","type":"post","link":"https:\/\/www.estudidelmoble.com\/es\/sant-jordi-2025-con-la-aem\/","title":{"rendered":"Sant Jordi 2025 con la AEM"},"content":{"rendered":"\t\t<div data-elementor-type=\"wp-post\" data-elementor-id=\"68581\" class=\"elementor elementor-68581 elementor-68389\" data-elementor-post-type=\"post\">\n\t\t\t\t\t\t<section class=\"elementor-section elementor-top-section elementor-element elementor-element-928a414 elementor-section-boxed elementor-section-height-default elementor-section-height-default\" data-id=\"928a414\" data-element_type=\"section\" data-e-type=\"section\">\n\t\t\t\t\t\t<div class=\"elementor-container elementor-column-gap-default\">\n\t\t\t\t\t<div class=\"elementor-column elementor-col-100 elementor-top-column elementor-element elementor-element-05ea070\" data-id=\"05ea070\" data-element_type=\"column\" data-e-type=\"column\">\n\t\t\t<div class=\"elementor-widget-wrap elementor-element-populated\">\n\t\t\t\t\t\t<div class=\"elementor-element elementor-element-084379f elementor-widget elementor-widget-heading\" data-id=\"084379f\" data-element_type=\"widget\" data-e-type=\"widget\" data-widget_type=\"heading.default\">\n\t\t\t\t\t<h1 class=\"elementor-heading-title elementor-size-default\"><h1 data-elementor-setting-key=\"title\" data-pen-placeholder=\"Teclea aqu\u00ed...\" style=\", sans-serif;font-weight: var( --e-global-typography-secondary-font-weight );font-size: var( --e-global-typography-secondary-font-size )\">Celebra Sant Jordi 2025 con la AEM<\/h1><\/h1>\t\t\t\t<\/div>\n\t\t\t\t<div class=\"elementor-element elementor-element-7041904 elementor-widget elementor-widget-heading\" data-id=\"7041904\" data-element_type=\"widget\" data-e-type=\"widget\" data-widget_type=\"heading.default\">\n\t\t\t\t\t<p class=\"elementor-heading-title elementor-size-default\"><span style=\"letter-spacing: normal\">Visita nuestro tenderete en el Carrer Girona 144 - 146<\/span><\/p>\t\t\t\t<\/div>\n\t\t\t\t<div class=\"elementor-element elementor-element-a9b64d7 elementor-widget elementor-widget-heading\" data-id=\"a9b64d7\" data-element_type=\"widget\" data-e-type=\"widget\" data-widget_type=\"heading.default\">\n\t\t\t\t\t<p class=\"elementor-heading-title elementor-size-default\"><span style=\"letter-spacing: normal\">Participa en el sorteo de publicaciones en Instagram hasta el 22 de abril<\/span><span style=\"letter-spacing: normal\"><\/span><\/p>\t\t\t\t<\/div>\n\t\t\t\t\t<\/div>\n\t\t<\/div>\n\t\t\t\t\t<\/div>\n\t\t<\/section>\n\t\t\t\t<section class=\"elementor-section elementor-top-section elementor-element elementor-element-a65e863 elementor-section-boxed elementor-section-height-default elementor-section-height-default\" data-id=\"a65e863\" data-element_type=\"section\" data-e-type=\"section\">\n\t\t\t\t\t\t<div class=\"elementor-container elementor-column-gap-default\">\n\t\t\t\t\t<div class=\"elementor-column elementor-col-100 elementor-top-column elementor-element elementor-element-55d2947\" data-id=\"55d2947\" data-element_type=\"column\" data-e-type=\"column\">\n\t\t\t<div class=\"elementor-widget-wrap elementor-element-populated\">\n\t\t\t\t\t\t<div class=\"elementor-element elementor-element-295e93d elementor-widget elementor-widget-image\" data-id=\"295e93d\" data-element_type=\"widget\" data-e-type=\"widget\" data-widget_type=\"image.default\">\n\t\t\t\t\t\t\t\t\t\t\t\t\t\t\t<img fetchpriority=\"high\" decoding=\"async\" width=\"768\" height=\"768\" src=\"https:\/\/www.estudidelmoble.com\/wp-content\/uploads\/2025\/04\/Proyecto-nuevo-25-768x768.png\" class=\"attachment-medium_large size-medium_large wp-image-68525\" alt=\"\" srcset=\"https:\/\/www.estudidelmoble.com\/wp-content\/uploads\/2025\/04\/Proyecto-nuevo-25-768x768.png 768w, https:\/\/www.estudidelmoble.com\/wp-content\/uploads\/2025\/04\/Proyecto-nuevo-25-300x300.png 300w, https:\/\/www.estudidelmoble.com\/wp-content\/uploads\/2025\/04\/Proyecto-nuevo-25-1024x1024.png 1024w, https:\/\/www.estudidelmoble.com\/wp-content\/uploads\/2025\/04\/Proyecto-nuevo-25-150x150.png 150w, https:\/\/www.estudidelmoble.com\/wp-content\/uploads\/2025\/04\/Proyecto-nuevo-25-600x600.png 600w, https:\/\/www.estudidelmoble.com\/wp-content\/uploads\/2025\/04\/Proyecto-nuevo-25-100x100.png 100w, https:\/\/www.estudidelmoble.com\/wp-content\/uploads\/2025\/04\/Proyecto-nuevo-25.png 1080w\" sizes=\"(max-width: 768px) 100vw, 768px\" \/>\t\t\t\t\t\t\t\t\t\t\t\t\t\t\t<\/div>\n\t\t\t\t\t<\/div>\n\t\t<\/div>\n\t\t\t\t\t<\/div>\n\t\t<\/section>\n\t\t\t\t<section class=\"elementor-section elementor-top-section elementor-element elementor-element-94de665 elementor-section-boxed elementor-section-height-default elementor-section-height-default\" data-id=\"94de665\" data-element_type=\"section\" data-e-type=\"section\">\n\t\t\t\t\t\t<div class=\"elementor-container elementor-column-gap-default\">\n\t\t\t\t\t<div class=\"elementor-column elementor-col-100 elementor-top-column elementor-element elementor-element-42e7ee2\" data-id=\"42e7ee2\" data-element_type=\"column\" data-e-type=\"column\">\n\t\t\t<div class=\"elementor-widget-wrap elementor-element-populated\">\n\t\t\t\t\t\t<div class=\"elementor-element elementor-element-f914a5c elementor-widget elementor-widget-spacer\" data-id=\"f914a5c\" data-element_type=\"widget\" data-e-type=\"widget\" data-widget_type=\"spacer.default\">\n\t\t\t\t\t\t\t<div class=\"elementor-spacer\">\n\t\t\t<div class=\"elementor-spacer-inner\"><\/div>\n\t\t<\/div>\n\t\t\t\t\t\t<\/div>\n\t\t\t\t\t<\/div>\n\t\t<\/div>\n\t\t\t\t\t<\/div>\n\t\t<\/section>\n\t\t\t\t<section class=\"elementor-section elementor-top-section elementor-element elementor-element-949e30b elementor-section-boxed elementor-section-height-default elementor-section-height-default\" data-id=\"949e30b\" data-element_type=\"section\" data-e-type=\"section\">\n\t\t\t\t\t\t<div class=\"elementor-container elementor-column-gap-default\">\n\t\t\t\t\t<div class=\"elementor-column elementor-col-100 elementor-top-column elementor-element elementor-element-c851201\" data-id=\"c851201\" data-element_type=\"column\" data-e-type=\"column\">\n\t\t\t<div class=\"elementor-widget-wrap elementor-element-populated\">\n\t\t\t\t\t\t<div class=\"elementor-element elementor-element-d8d8ad2 elementor-widget elementor-widget-text-editor\" data-id=\"d8d8ad2\" data-element_type=\"widget\" data-e-type=\"widget\" data-widget_type=\"text-editor.default\">\n\t\t\t\t\t\t\t\t\t<p id=\"tw-target-text\" class=\"tw-data-text tw-text-large tw-ta\" dir=\"ltr\" data-placeholder=\"Traducci\u00f3n\" data-ved=\"2ahUKEwiS86e1xd6MAxV_VKQEHRsmKCwQ3ewLegQICBAV\" aria-label=\"Texto traducido: \u00a1Este a\u00f1o, la AEM vuelve a la calle para celebrar el d\u00eda de Sant Jordi!\r\n\r\nPor Sant Jordi de 2025 tendremos nuestro puesto con los libros y publicaciones sobre mueble en la siguiente ubicaci\u00f3n de Barcelona:\r\n\r\nC\/ Gerona 144 - 146, MAPA.\r\n\r\nEn nuestra web puedes descubrir nuestras revistas, libros y publicaciones. Si quieres alguna en espec\u00edfico, puedes reservarla escribi\u00e9ndonos a info@estudidelmoble.com.\r\n\r\nAdem\u00e1s, la gente que se haga socia disfrutar\u00e1 de un descuento del 15%.\r\n\r\n\u00a1Os esperamos en nuestro puesto!\"><span class=\"Y2IQFc\" lang=\"es\">\u00a1Este a\u00f1o, la AEM vuelve a la calle para celebrar el d\u00eda de Sant Jordi! <\/span><\/p><br><p class=\"tw-data-text tw-text-large tw-ta\" dir=\"ltr\" data-placeholder=\"Traducci\u00f3n\" data-ved=\"2ahUKEwiS86e1xd6MAxV_VKQEHRsmKCwQ3ewLegQICBAV\" aria-label=\"Texto traducido: \u00a1Este a\u00f1o, la AEM vuelve a la calle para celebrar el d\u00eda de Sant Jordi!\r\n\r\nPor Sant Jordi de 2025 tendremos nuestro puesto con los libros y publicaciones sobre mueble en la siguiente ubicaci\u00f3n de Barcelona:\r\n\r\nC\/ Gerona 144 - 146, MAPA.\r\n\r\nEn nuestra web puedes descubrir nuestras revistas, libros y publicaciones. Si quieres alguna en espec\u00edfico, puedes reservarla escribi\u00e9ndonos a info@estudidelmoble.com.\r\n\r\nAdem\u00e1s, la gente que se haga socia disfrutar\u00e1 de un descuento del 15%.\r\n\r\n\u00a1Os esperamos en nuestro puesto!\"><span class=\"Y2IQFc\" lang=\"es\">Por Sant Jordi de 2025 tendremos nuestro puesto con los libros y publicaciones sobre mueble en la siguiente ubicaci\u00f3n de Barcelona: <\/span><\/p><br><p dir=\"ltr\" data-placeholder=\"Traducci\u00f3n\" data-ved=\"2ahUKEwiS86e1xd6MAxV_VKQEHRsmKCwQ3ewLegQICBAV\" aria-label=\"Texto traducido: \u00a1Este a\u00f1o, la AEM vuelve a la calle para celebrar el d\u00eda de Sant Jordi!\r\n\r\nPor Sant Jordi de 2025 tendremos nuestro puesto con los libros y publicaciones sobre mueble en la siguiente ubicaci\u00f3n de Barcelona:\r\n\r\nC\/ Gerona 144 - 146, MAPA.\r\n\r\nEn nuestra web puedes descubrir nuestras revistas, libros y publicaciones. Si quieres alguna en espec\u00edfico, puedes reservarla escribi\u00e9ndonos a info@estudidelmoble.com.\r\n\r\nAdem\u00e1s, la gente que se haga socia disfrutar\u00e1 de un descuento del 15%.\r\n\r\n\u00a1Os esperamos en nuestro puesto!\"><span style=\"font-weight: 400;\">C\/ Girona 144 &#8211; 146<\/span>, <a href=\"https:\/\/maps.app.goo.gl\/CwjMJSTZPM8fBf7b9\" target=\"_blank\" rel=\"noopener\">MAPA<\/a>.<\/p><br><p class=\"tw-data-text tw-text-large tw-ta\" dir=\"ltr\" data-placeholder=\"Traducci\u00f3n\" data-ved=\"2ahUKEwiS86e1xd6MAxV_VKQEHRsmKCwQ3ewLegQICBAV\" aria-label=\"Texto traducido: \u00a1Este a\u00f1o, la AEM vuelve a la calle para celebrar el d\u00eda de Sant Jordi!\r\n\r\nPor Sant Jordi de 2025 tendremos nuestro puesto con los libros y publicaciones sobre mueble en la siguiente ubicaci\u00f3n de Barcelona:\r\n\r\nC\/ Gerona 144 - 146, MAPA.\r\n\r\nEn nuestra web puedes descubrir nuestras revistas, libros y publicaciones. Si quieres alguna en espec\u00edfico, puedes reservarla escribi\u00e9ndonos a info@estudidelmoble.com.\r\n\r\nAdem\u00e1s, la gente que se haga socia disfrutar\u00e1 de un descuento del 15%.\r\n\r\n\u00a1Os esperamos en nuestro puesto!\"><span class=\"Y2IQFc\" lang=\"es\"> En nuestra web puedes descubrir nuestras <a href=\"https:\/\/estudidelmoble.com\/edicions\/revista\/\" target=\"_blank\" rel=\"noopener\">revistas<\/a>,\u00a0<a href=\"https:\/\/estudidelmoble.com\/edicions\/llibres-i-altres\/\" target=\"_blank\" rel=\"noopener\">libros <\/a>i\u00a0<a href=\"https:\/\/estudidelmoble.com\/edicions\/publicacions\/\" target=\"_blank\" rel=\"noopener\">publicaciones<\/a>. Si quieres alguna en espec\u00edfico, puedes reservarla escribi\u00e9ndonos a info@estudidelmoble.com. <\/span><\/p><br><p class=\"tw-data-text tw-text-large tw-ta\" dir=\"ltr\" data-placeholder=\"Traducci\u00f3n\" data-ved=\"2ahUKEwiS86e1xd6MAxV_VKQEHRsmKCwQ3ewLegQICBAV\" aria-label=\"Texto traducido: \u00a1Este a\u00f1o, la AEM vuelve a la calle para celebrar el d\u00eda de Sant Jordi!\r\n\r\nPor Sant Jordi de 2025 tendremos nuestro puesto con los libros y publicaciones sobre mueble en la siguiente ubicaci\u00f3n de Barcelona:\r\n\r\nC\/ Gerona 144 - 146, MAPA.\r\n\r\nEn nuestra web puedes descubrir nuestras revistas, libros y publicaciones. Si quieres alguna en espec\u00edfico, puedes reservarla escribi\u00e9ndonos a info@estudidelmoble.com.\r\n\r\nAdem\u00e1s, la gente que se haga socia disfrutar\u00e1 de un descuento del 15%.\r\n\r\n\u00a1Os esperamos en nuestro puesto!\"><span class=\"Y2IQFc\" lang=\"es\">Adem\u00e1s, la gente que se haga socia disfrutar\u00e1 de un descuento del 15%. <\/span><\/p><br><p class=\"tw-data-text tw-text-large tw-ta\" dir=\"ltr\" data-placeholder=\"Traducci\u00f3n\" data-ved=\"2ahUKEwiS86e1xd6MAxV_VKQEHRsmKCwQ3ewLegQICBAV\" aria-label=\"Texto traducido: \u00a1Este a\u00f1o, la AEM vuelve a la calle para celebrar el d\u00eda de Sant Jordi!\r\n\r\nPor Sant Jordi de 2025 tendremos nuestro puesto con los libros y publicaciones sobre mueble en la siguiente ubicaci\u00f3n de Barcelona:\r\n\r\nC\/ Gerona 144 - 146, MAPA.\r\n\r\nEn nuestra web puedes descubrir nuestras revistas, libros y publicaciones. Si quieres alguna en espec\u00edfico, puedes reservarla escribi\u00e9ndonos a info@estudidelmoble.com.\r\n\r\nAdem\u00e1s, la gente que se haga socia disfrutar\u00e1 de un descuento del 15%.\r\n\r\n\u00a1Os esperamos en nuestro puesto!\"><span class=\"Y2IQFc\" lang=\"es\">\u00a1Os esperamos en nuestro puesto!<\/span><\/p>\t\t\t\t\t\t\t\t<\/div>\n\t\t\t\t<div class=\"elementor-element elementor-element-989b1e7 elementor-widget elementor-widget-text-editor\" data-id=\"989b1e7\" data-element_type=\"widget\" data-e-type=\"widget\" data-widget_type=\"text-editor.default\">\n\t\t\t\t\t\t\t\t\t<p>Sorteig de publicaci\u00f3ns per Sant Jordi\u00a0<\/p>\n<p>\ud83d\udce3 A l&#8217;AEM ja celebrem Sant Jordi amb descomptes i un sorteig exclusiu! #SantJordiAEM\u00a0<\/p>\n<p>Ens encanta aquesta data: el bullici del carrer, les roses, els llibres i els colors d\u2019abril ens fan vibrar. Per aix\u00f2, volem celebrar-ho amb vosaltres sortejant tres de les nostres publicacions (una per cada guanyador\/a) exclusivament a Instagram. A m\u00e9s, a la nostra paradeta el 23 d\u2019abril oferim descomptes especials com a agra\u00efment pel vostre suport. No deixeu passar aquesta oportunitat!A l&#8217;AEM ja celebrem Sant Jordi amb premis i descomptes!\u00a0<\/p>\n<p>Bases de participaci\u00f3:\u00a0<\/p>\n<p>\ud83d\udccc Segueix-nos a <a href=\"https:\/\/www.instagram.com\/estudidelmoble\" target=\"_blank\" rel=\"noopener\">@estudidelmoble\u00a0<\/a><\/p>\n<p>\ud83d\udc4d\ud83c\udffb Dona-li like a la\u00a0<a style=\"background-color: #ffffff;\" href=\"https:\/\/www.instagram.com\/p\/DIgctTDiBvG\/?igsh=azk4ejQwODdzYTli\" target=\"_blank\" rel=\"noopener\">publicaci\u00f3 del sorteig a Instagram\u00a0<\/a><\/p>\n<p>\ud83d\udde8\ufe0f Comenta mencionant dos amics que puguin estar interessats\u00a0<\/p>\n<p>\ud83d\udcc6 Participa fins al 22 d&#8217;abril a les 11:00 h.\u00a0<\/p>\n<p>Entre els participants farem el sorteig mitjan\u00e7ant l&#8217;eina digital Sortea2. Anunciarem els guanyadors el 22 d&#8217;abril per stories a Instagram!\u00a0<\/p>\n<p>Recollida de les publicacions: \ud83d\udccd 23 d&#8217;abril: Paradeta al C\/ Girona 144-146, horari de 9:00 a 18:30.\u00a0<\/p>\n<p>\u00a0<\/p>\n<p>Els guanyadors podran triar les publicacions en ordre d\u2019arribada.\u00a0<\/p>\n<p>Les publicacions s\u00f3n les de la fotografia:\u00a0<\/p>\n<p>\ud83d\udcda Art D\u00e9co. Hist\u00f2ria, materials i t\u00e8cniques\u00a0<\/p>\n<p>\ud83d\udcda El moble, tamb\u00e9 q\u00fcesti\u00f3 de dones\u00a0<\/p>\n<p>\ud83d\udcda Moble: Territori, tradici\u00f3 i Nova Artesania\u00a0<\/p>\n<p>\u00a0<\/p>\n<p>Descomptes exclusius a la paradeta de Sant Jordi:\u00a0<\/p>\n<p>\ud83c\udf81 5% de descompte si t\u2019inscrius al nostre Newsletter\u00a0<\/p>\n<p>\ud83c\udf81 15% de descompte per fer-te soci de l\u2019AEM<\/p>\n\t\t\t\t\t\t\t\t<\/div>\n\t\t\t\t\t<\/div>\n\t\t<\/div>\n\t\t\t\t\t<\/div>\n\t\t<\/section>\n\t\t\t\t<section class=\"elementor-section elementor-top-section elementor-element elementor-element-a00a89e elementor-section-boxed elementor-section-height-default elementor-section-height-default\" data-id=\"a00a89e\" data-element_type=\"section\" data-e-type=\"section\">\n\t\t\t\t\t\t<div class=\"elementor-container elementor-column-gap-default\">\n\t\t\t\t\t<div class=\"elementor-column elementor-col-100 elementor-top-column elementor-element elementor-element-8b508ba\" data-id=\"8b508ba\" data-element_type=\"column\" data-e-type=\"column\">\n\t\t\t<div class=\"elementor-widget-wrap elementor-element-populated\">\n\t\t\t\t\t\t\t<\/div>\n\t\t<\/div>\n\t\t\t\t\t<\/div>\n\t\t<\/section>\n\t\t\t\t<\/div>\n\t\t","protected":false},"excerpt":{"rendered":"<p>Celebra Sant Jordi 2025 con la AEM Visita nuestro tenderete en el Carrer Girona 144 &#8211; 146 Participa en el sorteo de publicaciones en Instagram hasta el 22 de abril \u00a1Este a\u00f1o, la AEM vuelve a la calle para celebrar el d\u00eda de Sant Jordi! Por Sant Jordi de 2025 tendremos nuestro puesto con los [&hellip;]<\/p>\n","protected":false},"author":458,"featured_media":68525,"comment_status":"closed","ping_status":"closed","sticky":false,"template":"","format":"standard","meta":{"_acf_changed":false,"footnotes":""},"categories":[28],"tags":[1140],"class_list":["post-68581","post","type-post","status-publish","format-standard","has-post-thumbnail","hentry","category-blog-es","tag-instagram-es"],"acf":[],"_links":{"self":[{"href":"https:\/\/www.estudidelmoble.com\/es\/wp-json\/wp\/v2\/posts\/68581","targetHints":{"allow":["GET"]}}],"collection":[{"href":"https:\/\/www.estudidelmoble.com\/es\/wp-json\/wp\/v2\/posts"}],"about":[{"href":"https:\/\/www.estudidelmoble.com\/es\/wp-json\/wp\/v2\/types\/post"}],"author":[{"embeddable":true,"href":"https:\/\/www.estudidelmoble.com\/es\/wp-json\/wp\/v2\/users\/458"}],"replies":[{"embeddable":true,"href":"https:\/\/www.estudidelmoble.com\/es\/wp-json\/wp\/v2\/comments?post=68581"}],"version-history":[{"count":0,"href":"https:\/\/www.estudidelmoble.com\/es\/wp-json\/wp\/v2\/posts\/68581\/revisions"}],"wp:featuredmedia":[{"embeddable":true,"href":"https:\/\/www.estudidelmoble.com\/es\/wp-json\/wp\/v2\/media\/68525"}],"wp:attachment":[{"href":"https:\/\/www.estudidelmoble.com\/es\/wp-json\/wp\/v2\/media?parent=68581"}],"wp:term":[{"taxonomy":"category","embeddable":true,"href":"https:\/\/www.estudidelmoble.com\/es\/wp-json\/wp\/v2\/categories?post=68581"},{"taxonomy":"post_tag","embeddable":true,"href":"https:\/\/www.estudidelmoble.com\/es\/wp-json\/wp\/v2\/tags?post=68581"}],"curies":[{"name":"wp","href":"https:\/\/api.w.org\/{rel}","templated":true}]}}