{"id":68742,"date":"2025-04-28T11:32:07","date_gmt":"2025-04-28T09:32:07","guid":{"rendered":"https:\/\/www.estudidelmoble.com\/zaragoza-exposicion-historias-de-la-modernidad-diseno-y-arte-del-siglo-xx-en-espana-y-edificios-racionalistas\/"},"modified":"2025-05-27T13:11:46","modified_gmt":"2025-05-27T11:11:46","slug":"zaragoza-exposicion-historias-de-la-modernidad-diseno-y-arte-del-siglo-xx-en-espana-y-edificios-racionalistas","status":"publish","type":"post","link":"https:\/\/www.estudidelmoble.com\/es\/zaragoza-exposicion-historias-de-la-modernidad-diseno-y-arte-del-siglo-xx-en-espana-y-edificios-racionalistas\/","title":{"rendered":"Zaragoza: Exposici\u00f3n \u00abHistorias de la modernidad. Dise\u00f1o y arte  del siglo XX en Espa\u00f1a\u00bb y edificios racionalistas"},"content":{"rendered":"\t\t<div data-elementor-type=\"wp-post\" data-elementor-id=\"68742\" class=\"elementor elementor-68742 elementor-68678\" data-elementor-post-type=\"post\">\n\t\t\t\t\t\t<section class=\"elementor-section elementor-top-section elementor-element elementor-element-aee56c6 elementor-section-boxed elementor-section-height-default elementor-section-height-default\" data-id=\"aee56c6\" data-element_type=\"section\" data-e-type=\"section\">\n\t\t\t\t\t\t<div class=\"elementor-container elementor-column-gap-default\">\n\t\t\t\t\t<div class=\"elementor-column elementor-col-100 elementor-top-column elementor-element elementor-element-d183d94\" data-id=\"d183d94\" data-element_type=\"column\" data-e-type=\"column\">\n\t\t\t<div class=\"elementor-widget-wrap elementor-element-populated\">\n\t\t\t\t\t\t<div class=\"elementor-element elementor-element-2fc94f2 elementor-widget elementor-widget-heading\" data-id=\"2fc94f2\" data-element_type=\"widget\" data-e-type=\"widget\" data-widget_type=\"heading.default\">\n\t\t\t\t\t<h1 class=\"elementor-heading-title elementor-size-default\">Zaragoza: Exposici\u00f3n en la Galer\u00eda Studiolire y recorrido por edificios racionalistas.<\/h1>\t\t\t\t<\/div>\n\t\t\t\t<div class=\"elementor-element elementor-element-45c8722 elementor-widget elementor-widget-heading\" data-id=\"45c8722\" data-element_type=\"widget\" data-e-type=\"widget\" data-widget_type=\"heading.default\">\n\t\t\t\t\t<h2 class=\"elementor-heading-title elementor-size-default\">\"Historias de la modernidad. Dise\u00f1o y arte del siglo XX en Espa\u00f1a\"<\/h2>\t\t\t\t<\/div>\n\t\t\t\t<div class=\"elementor-element elementor-element-5d75759 elementor-widget elementor-widget-heading\" data-id=\"5d75759\" data-element_type=\"widget\" data-e-type=\"widget\" data-widget_type=\"heading.default\">\n\t\t\t\t\t<h3 class=\"elementor-heading-title elementor-size-default\">S\u00e1bado, 31 de mayo de 2025<\/h3>\t\t\t\t<\/div>\n\t\t\t\t\t<\/div>\n\t\t<\/div>\n\t\t\t\t\t<\/div>\n\t\t<\/section>\n\t\t\t\t<section class=\"elementor-section elementor-top-section elementor-element elementor-element-2f02a52 elementor-section-content-middle elementor-section-boxed elementor-section-height-default elementor-section-height-default\" data-id=\"2f02a52\" data-element_type=\"section\" data-e-type=\"section\">\n\t\t\t\t\t\t<div class=\"elementor-container elementor-column-gap-default\">\n\t\t\t\t\t<div class=\"elementor-column elementor-col-100 elementor-top-column elementor-element elementor-element-6cae592\" data-id=\"6cae592\" data-element_type=\"column\" data-e-type=\"column\">\n\t\t\t<div class=\"elementor-widget-wrap elementor-element-populated\">\n\t\t\t\t\t\t<div class=\"elementor-element elementor-element-363c56e elementor-widget elementor-widget-spacer\" data-id=\"363c56e\" data-element_type=\"widget\" data-e-type=\"widget\" data-widget_type=\"spacer.default\">\n\t\t\t\t\t\t\t<div class=\"elementor-spacer\">\n\t\t\t<div class=\"elementor-spacer-inner\"><\/div>\n\t\t<\/div>\n\t\t\t\t\t\t<\/div>\n\t\t\t\t<div class=\"elementor-element elementor-element-a0a89df elementor-widget elementor-widget-image\" data-id=\"a0a89df\" data-element_type=\"widget\" data-e-type=\"widget\" data-widget_type=\"image.default\">\n\t\t\t\t\t\t\t\t\t\t\t\t\t\t\t<img fetchpriority=\"high\" decoding=\"async\" width=\"768\" height=\"726\" src=\"https:\/\/www.estudidelmoble.com\/wp-content\/uploads\/2025\/04\/Cartel-Sastago-2-copia-768x726.jpg\" class=\"attachment-medium_large size-medium_large wp-image-68719\" alt=\"\" srcset=\"https:\/\/www.estudidelmoble.com\/wp-content\/uploads\/2025\/04\/Cartel-Sastago-2-copia-768x726.jpg 768w, https:\/\/www.estudidelmoble.com\/wp-content\/uploads\/2025\/04\/Cartel-Sastago-2-copia-300x284.jpg 300w, https:\/\/www.estudidelmoble.com\/wp-content\/uploads\/2025\/04\/Cartel-Sastago-2-copia-600x567.jpg 600w, https:\/\/www.estudidelmoble.com\/wp-content\/uploads\/2025\/04\/Cartel-Sastago-2-copia.jpg 807w\" sizes=\"(max-width: 768px) 100vw, 768px\" \/>\t\t\t\t\t\t\t\t\t\t\t\t\t\t\t<\/div>\n\t\t\t\t<div class=\"elementor-element elementor-element-71da584 elementor-widget__width-initial elementor-widget elementor-widget-heading\" data-id=\"71da584\" data-element_type=\"widget\" data-e-type=\"widget\" data-widget_type=\"heading.default\">\n\t\t\t\t\t<p class=\"elementor-heading-title elementor-size-default\">Fotograf\u00eda: Javier Romeo. <br \/>Cedida por la Diputaci\u00f3n Provincial de Zaragoza<\/p>\t\t\t\t<\/div>\n\t\t\t\t<div class=\"elementor-element elementor-element-71aa38f elementor-widget elementor-widget-spacer\" data-id=\"71aa38f\" data-element_type=\"widget\" data-e-type=\"widget\" data-widget_type=\"spacer.default\">\n\t\t\t\t\t\t\t<div class=\"elementor-spacer\">\n\t\t\t<div class=\"elementor-spacer-inner\"><\/div>\n\t\t<\/div>\n\t\t\t\t\t\t<\/div>\n\t\t\t\t\t<\/div>\n\t\t<\/div>\n\t\t\t\t\t<\/div>\n\t\t<\/section>\n\t\t\t\t<section class=\"elementor-section elementor-top-section elementor-element elementor-element-d348c5a elementor-section-boxed elementor-section-height-default elementor-section-height-default\" data-id=\"d348c5a\" data-element_type=\"section\" data-e-type=\"section\">\n\t\t\t\t\t\t<div class=\"elementor-container elementor-column-gap-default\">\n\t\t\t\t\t<div class=\"elementor-column elementor-col-100 elementor-top-column elementor-element elementor-element-3d16de5\" data-id=\"3d16de5\" data-element_type=\"column\" data-e-type=\"column\">\n\t\t\t<div class=\"elementor-widget-wrap elementor-element-populated\">\n\t\t\t\t\t\t<div class=\"elementor-element elementor-element-d440628 elementor-widget__width-initial elementor-widget elementor-widget-heading\" data-id=\"d440628\" data-element_type=\"widget\" data-e-type=\"widget\" data-widget_type=\"heading.default\">\n\t\t\t\t\t<p class=\"elementor-heading-title elementor-size-default\">Coordina: N\u00faria Ruiz<\/p>\t\t\t\t<\/div>\n\t\t\t\t\t<\/div>\n\t\t<\/div>\n\t\t\t\t\t<\/div>\n\t\t<\/section>\n\t\t\t\t<section class=\"elementor-section elementor-top-section elementor-element elementor-element-65bf202 elementor-section-boxed elementor-section-height-default elementor-section-height-default\" data-id=\"65bf202\" data-element_type=\"section\" data-e-type=\"section\">\n\t\t\t\t\t\t<div class=\"elementor-container elementor-column-gap-default\">\n\t\t\t\t\t<div class=\"elementor-column elementor-col-100 elementor-top-column elementor-element elementor-element-c492a3d\" data-id=\"c492a3d\" data-element_type=\"column\" data-e-type=\"column\">\n\t\t\t<div class=\"elementor-widget-wrap elementor-element-populated\">\n\t\t\t\t\t\t<div class=\"elementor-element elementor-element-3ed693d elementor-widget__width-initial elementor-widget elementor-widget-text-editor\" data-id=\"3ed693d\" data-element_type=\"widget\" data-e-type=\"widget\" data-widget_type=\"text-editor.default\">\n\t\t\t\t\t\t\t\t\t<p>La historia moderna del dise\u00f1o y de las artes aplicadas del siglo XX se re\u00fanen en la exposici\u00f3n \u00abHistorias de la modernidad. Dise\u00f1o y arte del siglo XX en Espa\u00f1a\u00bb, una selecci\u00f3n de obras singulares de la Galer\u00eda Studiolire. Desde la AEM, y <strong>acompa\u00f1ados de Pedro Reula, doctor en Historia del Arte<\/strong> <strong>y director de la galer\u00eda<\/strong>, tendremos la oportunidad de conocer esta fascinante muestra en el Palacio de S\u00e1stago de Zaragoza.<\/p>\n<p>Miguel Fisac, Luis M. Feduchi, Javier Carvajal o los arquitectos del GATEPAC son algunos de los autores presentes en esta exposici\u00f3n, cuyas piezas dialogan con el tiempo y la historia. Comisariada por Pedro Feduchi, doctor en Arquitectura, la muestra no solo reune mobiliario, sino tambi\u00e9n obras de arte, cer\u00e1mica, objetos y documentos.<\/p>\n<p>A su vez, <strong>visitaremos diferentes espacios del Palacio de S\u00e1stago (s.XVI)<\/strong>, como el Sal\u00f3n del Trono y sus salas, el zagu\u00e1n, el patio o las escaleras nobles, entre otros. Adem\u00e1s, realizaremos, junto a <strong>Paolo Sustersic, arquitecto PhD, un recorrido por las fachadas de distintos edificios racionalistas <\/strong>de Zaragoza dise\u00f1ados por arquitectos como F. Garc\u00eda-Mercadal, principal impulsor del GATEPAC (Calle Zurita y Plaza de los Sitios), R. Borobio Ojeda, destacado por su uso de tecnolog\u00edas y esquemas planim\u00e9tricos (edificio de la Confederaci\u00f3n Hidrogr\u00e1fica del Ebro en el Paseo de Sagasta y calle Felipe Sanclemente) o F. Albi\u00f1ana Corral\u00e9, conocido por la restauraci\u00f3n del Teatro Circo, Teatro Principal y del Casino Mercantil. Tambi\u00e9n, la Facultad de Medicina (Plaza Basilio Para\u00edso) y El Corte Ingl\u00e9s, de Javier Feduchi (Paseo de la Independencia).<\/p>\n\t\t\t\t\t\t\t\t<\/div>\n\t\t\t\t<div class=\"elementor-element elementor-element-2de4cf5 elementor-align-center elementor-widget elementor-widget-button\" data-id=\"2de4cf5\" data-element_type=\"widget\" data-e-type=\"widget\" data-widget_type=\"button.default\">\n\t\t\t\t\t\t\t\t\t\t<a class=\"elementor-button elementor-button-link elementor-size-sm\" href=\"https:\/\/activitats.estudidelmoble.com\/events\/saragossa-palacio-de-sastago\/\">\n\t\t\t\t\t\t<span class=\"elementor-button-content-wrapper\">\n\t\t\t\t\t\t\t\t\t<span class=\"elementor-button-text\">Inscr\u00edbete<\/span>\n\t\t\t\t\t<\/span>\n\t\t\t\t\t<\/a>\n\t\t\t\t\t\t\t\t<\/div>\n\t\t\t\t\t<\/div>\n\t\t<\/div>\n\t\t\t\t\t<\/div>\n\t\t<\/section>\n\t\t\t\t<section class=\"elementor-section elementor-top-section elementor-element elementor-element-e003e8d elementor-section-boxed elementor-section-height-default elementor-section-height-default\" data-id=\"e003e8d\" data-element_type=\"section\" data-e-type=\"section\">\n\t\t\t\t\t\t<div class=\"elementor-container elementor-column-gap-default\">\n\t\t\t\t\t<div class=\"elementor-column elementor-col-100 elementor-top-column elementor-element elementor-element-5d3f81c\" data-id=\"5d3f81c\" data-element_type=\"column\" data-e-type=\"column\">\n\t\t\t<div class=\"elementor-widget-wrap elementor-element-populated\">\n\t\t\t\t\t\t<div class=\"elementor-element elementor-element-171d7f5 elementor-widget elementor-widget-read-more\" data-id=\"171d7f5\" data-element_type=\"widget\" data-e-type=\"widget\" data-widget_type=\"read-more.default\">\n\t\t\t\t\t<\/div><\/div><\/div><\/div><\/section><\/div> <a href=\"https:\/\/www.estudidelmoble.com\/es\/zaragoza-exposicion-historias-de-la-modernidad-diseno-y-arte-del-siglo-xx-en-espana-y-edificios-racionalistas\/#more-68742\" class=\"more-link elementor-more-link\"><span aria-label=\"Sigue leyendo Zaragoza: Exposici\u00f3n \u00abHistorias de la modernidad. Dise\u00f1o y arte  del siglo XX en Espa\u00f1a\u00bb y edificios racionalistas\">Continua llegint<\/span><\/a>","protected":false},"excerpt":{"rendered":"<p>Visita con expertos en diferentes espacios del Palacio de S\u00e1stago (siglo XVI) y recorrido por las fachadas de diferentes edificios racionalistas.<\/p>\n","protected":false},"author":935,"featured_media":68765,"comment_status":"closed","ping_status":"closed","sticky":false,"template":"","format":"standard","meta":{"_acf_changed":false,"footnotes":""},"categories":[295,309],"tags":[312,1157,1091,340,1100],"class_list":["post-68742","post","type-post","status-publish","format-standard","has-post-thumbnail","hentry","category-viajes","category-blog","tag-arquitectura-es","tag-art-noveau-es","tag-conservacion-restauracion-es","tag-expertos-es","tag-museos-es"],"acf":[],"_links":{"self":[{"href":"https:\/\/www.estudidelmoble.com\/es\/wp-json\/wp\/v2\/posts\/68742","targetHints":{"allow":["GET"]}}],"collection":[{"href":"https:\/\/www.estudidelmoble.com\/es\/wp-json\/wp\/v2\/posts"}],"about":[{"href":"https:\/\/www.estudidelmoble.com\/es\/wp-json\/wp\/v2\/types\/post"}],"author":[{"embeddable":true,"href":"https:\/\/www.estudidelmoble.com\/es\/wp-json\/wp\/v2\/users\/935"}],"replies":[{"embeddable":true,"href":"https:\/\/www.estudidelmoble.com\/es\/wp-json\/wp\/v2\/comments?post=68742"}],"version-history":[{"count":0,"href":"https:\/\/www.estudidelmoble.com\/es\/wp-json\/wp\/v2\/posts\/68742\/revisions"}],"wp:featuredmedia":[{"embeddable":true,"href":"https:\/\/www.estudidelmoble.com\/es\/wp-json\/wp\/v2\/media\/68765"}],"wp:attachment":[{"href":"https:\/\/www.estudidelmoble.com\/es\/wp-json\/wp\/v2\/media?parent=68742"}],"wp:term":[{"taxonomy":"category","embeddable":true,"href":"https:\/\/www.estudidelmoble.com\/es\/wp-json\/wp\/v2\/categories?post=68742"},{"taxonomy":"post_tag","embeddable":true,"href":"https:\/\/www.estudidelmoble.com\/es\/wp-json\/wp\/v2\/tags?post=68742"}],"curies":[{"name":"wp","href":"https:\/\/api.w.org\/{rel}","templated":true}]}}