{"id":70088,"date":"2025-07-24T09:10:08","date_gmt":"2025-07-24T07:10:08","guid":{"rendered":"https:\/\/www.estudidelmoble.com\/ruta-el-poblenou-fabricas-casas-y-memoria-compartida\/"},"modified":"2026-02-09T14:27:25","modified_gmt":"2026-02-09T12:27:25","slug":"ruta-el-poblenou-fabricas-casas-y-memoria-compartida","status":"publish","type":"post","link":"https:\/\/www.estudidelmoble.com\/es\/ruta-el-poblenou-fabricas-casas-y-memoria-compartida\/","title":{"rendered":"Ruta El Poblenou. F\u00e1bricas, casas y memoria compartida"},"content":{"rendered":"\t\t<div data-elementor-type=\"wp-post\" data-elementor-id=\"70088\" class=\"elementor elementor-70088 elementor-70006\" data-elementor-post-type=\"post\">\n\t\t\t\t\t\t<section class=\"elementor-section elementor-top-section elementor-element elementor-element-5ee75c0 elementor-section-boxed elementor-section-height-default elementor-section-height-default\" data-id=\"5ee75c0\" data-element_type=\"section\" data-e-type=\"section\">\n\t\t\t\t\t\t<div class=\"elementor-container elementor-column-gap-default\">\n\t\t\t\t\t<div class=\"elementor-column elementor-col-100 elementor-top-column elementor-element elementor-element-eb76a7c\" data-id=\"eb76a7c\" data-element_type=\"column\" data-e-type=\"column\">\n\t\t\t<div class=\"elementor-widget-wrap elementor-element-populated\">\n\t\t\t\t\t\t<div class=\"elementor-element elementor-element-af93702 elementor-widget elementor-widget-heading\" data-id=\"af93702\" data-element_type=\"widget\" data-e-type=\"widget\" data-widget_type=\"heading.default\">\n\t\t\t\t\t<h1 class=\"elementor-heading-title elementor-size-default\">Ruta El Poblenou. <\/h1>\t\t\t\t<\/div>\n\t\t\t\t<div class=\"elementor-element elementor-element-24cf3f1 elementor-widget elementor-widget-heading\" data-id=\"24cf3f1\" data-element_type=\"widget\" data-e-type=\"widget\" data-widget_type=\"heading.default\">\n\t\t\t\t\t<h1 class=\"elementor-heading-title elementor-size-default\">F\u00e1bricas, casas y memoria compartida<\/h1>\t\t\t\t<\/div>\n\t\t\t\t<div class=\"elementor-element elementor-element-bbef421 elementor-widget elementor-widget-heading\" data-id=\"bbef421\" data-element_type=\"widget\" data-e-type=\"widget\" data-widget_type=\"heading.default\">\n\t\t\t\t\t<h2 class=\"elementor-heading-title elementor-size-default\">Con Vicente de la Fuente, historiador del arte<\/h2>\t\t\t\t<\/div>\n\t\t\t\t<div class=\"elementor-element elementor-element-7fc85f2 elementor-widget elementor-widget-heading\" data-id=\"7fc85f2\" data-element_type=\"widget\" data-e-type=\"widget\" data-widget_type=\"heading.default\">\n\t\t\t\t\t<p class=\"elementor-heading-title elementor-size-default\">S\u00e1bado 4 de octubre de 2025, 11.00 horas<br \/>S\u00e1bado 22 de noviembre de 2025, 11.00 horas<\/p>\t\t\t\t<\/div>\n\t\t\t\t\t<\/div>\n\t\t<\/div>\n\t\t\t\t\t<\/div>\n\t\t<\/section>\n\t\t\t\t<section class=\"elementor-section elementor-top-section elementor-element elementor-element-21bb068 elementor-section-boxed elementor-section-height-default elementor-section-height-default\" data-id=\"21bb068\" data-element_type=\"section\" data-e-type=\"section\">\n\t\t\t\t\t\t<div class=\"elementor-container elementor-column-gap-default\">\n\t\t\t\t\t<div class=\"elementor-column elementor-col-100 elementor-top-column elementor-element elementor-element-577db36\" data-id=\"577db36\" data-element_type=\"column\" data-e-type=\"column\">\n\t\t\t<div class=\"elementor-widget-wrap elementor-element-populated\">\n\t\t\t\t\t\t<div class=\"elementor-element elementor-element-715ac61 elementor-widget elementor-widget-spacer\" data-id=\"715ac61\" data-element_type=\"widget\" data-e-type=\"widget\" data-widget_type=\"spacer.default\">\n\t\t\t\t\t\t\t<div class=\"elementor-spacer\">\n\t\t\t<div class=\"elementor-spacer-inner\"><\/div>\n\t\t<\/div>\n\t\t\t\t\t\t<\/div>\n\t\t\t\t<div class=\"elementor-element elementor-element-d05e5d6 elementor-widget elementor-widget-image\" data-id=\"d05e5d6\" data-element_type=\"widget\" data-e-type=\"widget\" data-widget_type=\"image.default\">\n\t\t\t\t\t\t\t\t\t\t\t\t\t\t\t<img fetchpriority=\"high\" decoding=\"async\" width=\"428\" height=\"446\" src=\"https:\/\/www.estudidelmoble.com\/wp-content\/uploads\/2025\/07\/Captura-de-pantalla-2025-07-24-105559.png\" class=\"attachment-medium_large size-medium_large wp-image-70076\" alt=\"\" srcset=\"https:\/\/www.estudidelmoble.com\/wp-content\/uploads\/2025\/07\/Captura-de-pantalla-2025-07-24-105559.png 428w, https:\/\/www.estudidelmoble.com\/wp-content\/uploads\/2025\/07\/Captura-de-pantalla-2025-07-24-105559-288x300.png 288w\" sizes=\"(max-width: 428px) 100vw, 428px\" \/>\t\t\t\t\t\t\t\t\t\t\t\t\t\t\t<\/div>\n\t\t\t\t<div class=\"elementor-element elementor-element-71f06a9 elementor-widget elementor-widget-heading\" data-id=\"71f06a9\" data-element_type=\"widget\" data-e-type=\"widget\" data-widget_type=\"heading.default\">\n\t\t\t\t\t<p class=\"elementor-heading-title elementor-size-default\">Actividad gratuita previa inscripci\u00f3n. <br \/>Duraci\u00f3n aproximada: 75 minutos<\/p>\t\t\t\t<\/div>\n\t\t\t\t<div class=\"elementor-element elementor-element-43be064 elementor-widget elementor-widget-read-more\" data-id=\"43be064\" data-element_type=\"widget\" data-e-type=\"widget\" data-widget_type=\"read-more.default\">\n\t\t\t\t\t<\/div><\/div><\/div><\/div><\/section><\/div> <a href=\"https:\/\/www.estudidelmoble.com\/es\/ruta-el-poblenou-fabricas-casas-y-memoria-compartida\/#more-70088\" class=\"more-link elementor-more-link\"><span aria-label=\"Sigue leyendo Ruta El Poblenou. F\u00e1bricas, casas y memoria compartida\">Sigue leyendo<\/span><\/a>","protected":false},"excerpt":{"rendered":"<p>Visita al barrio de Poblenou donde conviv\u00edan casas por obreros y menestrales, f\u00e1bricas y monumentos funerarios dise\u00f1ados por importantes arquitectos.<\/p>\n","protected":false},"author":935,"featured_media":70076,"comment_status":"closed","ping_status":"closed","sticky":false,"template":"","format":"standard","meta":{"_acf_changed":false,"footnotes":""},"categories":[296,28],"tags":[312,1090,1071,410],"class_list":["post-70088","post","type-post","status-publish","format-standard","has-post-thumbnail","hentry","category-visitas-guiadas","category-blog-es","tag-arquitectura-es","tag-barcelona-es","tag-s-xix-es","tag-s-xx-es"],"acf":[],"_links":{"self":[{"href":"https:\/\/www.estudidelmoble.com\/es\/wp-json\/wp\/v2\/posts\/70088","targetHints":{"allow":["GET"]}}],"collection":[{"href":"https:\/\/www.estudidelmoble.com\/es\/wp-json\/wp\/v2\/posts"}],"about":[{"href":"https:\/\/www.estudidelmoble.com\/es\/wp-json\/wp\/v2\/types\/post"}],"author":[{"embeddable":true,"href":"https:\/\/www.estudidelmoble.com\/es\/wp-json\/wp\/v2\/users\/935"}],"replies":[{"embeddable":true,"href":"https:\/\/www.estudidelmoble.com\/es\/wp-json\/wp\/v2\/comments?post=70088"}],"version-history":[{"count":0,"href":"https:\/\/www.estudidelmoble.com\/es\/wp-json\/wp\/v2\/posts\/70088\/revisions"}],"wp:featuredmedia":[{"embeddable":true,"href":"https:\/\/www.estudidelmoble.com\/es\/wp-json\/wp\/v2\/media\/70076"}],"wp:attachment":[{"href":"https:\/\/www.estudidelmoble.com\/es\/wp-json\/wp\/v2\/media?parent=70088"}],"wp:term":[{"taxonomy":"category","embeddable":true,"href":"https:\/\/www.estudidelmoble.com\/es\/wp-json\/wp\/v2\/categories?post=70088"},{"taxonomy":"post_tag","embeddable":true,"href":"https:\/\/www.estudidelmoble.com\/es\/wp-json\/wp\/v2\/tags?post=70088"}],"curies":[{"name":"wp","href":"https:\/\/api.w.org\/{rel}","templated":true}]}}