{"id":70301,"date":"2025-07-29T13:15:31","date_gmt":"2025-07-29T11:15:31","guid":{"rendered":"https:\/\/www.estudidelmoble.com\/visita-guiada-a-la-exposicion-miguel-mila-disenador-preindustrial\/"},"modified":"2025-09-17T11:12:25","modified_gmt":"2025-09-17T09:12:25","slug":"visita-guiada-a-la-exposicion-miguel-mila-disenador-preindustrial","status":"publish","type":"post","link":"https:\/\/www.estudidelmoble.com\/es\/visita-guiada-a-la-exposicion-miguel-mila-disenador-preindustrial\/","title":{"rendered":"Visita guiada a la exposici\u00f3n Miguel Mil\u00e1. Dise\u00f1ador (pre)industrial"},"content":{"rendered":"\t\t<div data-elementor-type=\"wp-post\" data-elementor-id=\"70301\" class=\"elementor elementor-70301 elementor-70246\" data-elementor-post-type=\"post\">\n\t\t\t\t\t\t<section class=\"elementor-section elementor-top-section elementor-element elementor-element-0c39f64 elementor-section-boxed elementor-section-height-default elementor-section-height-default\" data-id=\"0c39f64\" data-element_type=\"section\" data-e-type=\"section\">\n\t\t\t\t\t\t<div class=\"elementor-container elementor-column-gap-default\">\n\t\t\t\t\t<div class=\"elementor-column elementor-col-100 elementor-top-column elementor-element elementor-element-c02422c\" data-id=\"c02422c\" data-element_type=\"column\" data-e-type=\"column\">\n\t\t\t<div class=\"elementor-widget-wrap elementor-element-populated\">\n\t\t\t\t\t\t<div class=\"elementor-element elementor-element-139ef5b elementor-widget elementor-widget-heading\" data-id=\"139ef5b\" data-element_type=\"widget\" data-e-type=\"widget\" data-widget_type=\"heading.default\">\n\t\t\t\t\t<h1 class=\"elementor-heading-title elementor-size-default\">Visita guiada a la exposici\u00f3n Miguel Mil\u00e1. Dise\u00f1ador (pre)industrial<\/h1>\t\t\t\t<\/div>\n\t\t\t\t<div class=\"elementor-element elementor-element-cee92f7 elementor-widget elementor-widget-heading\" data-id=\"cee92f7\" data-element_type=\"widget\" data-e-type=\"widget\" data-widget_type=\"heading.default\">\n\t\t\t\t\t<h2 class=\"elementor-heading-title elementor-size-default\">Con Paolo Sustersic, arquitecto PhD<\/h2>\t\t\t\t<\/div>\n\t\t\t\t<div class=\"elementor-element elementor-element-69b1bcf elementor-widget elementor-widget-heading\" data-id=\"69b1bcf\" data-element_type=\"widget\" data-e-type=\"widget\" data-widget_type=\"heading.default\">\n\t\t\t\t\t<p class=\"elementor-heading-title elementor-size-default\">Jueves 25 de septiembre a las 17:45 en el Disseny Hub Barcelona.<\/p>\t\t\t\t<\/div>\n\t\t\t\t\t<\/div>\n\t\t<\/div>\n\t\t\t\t\t<\/div>\n\t\t<\/section>\n\t\t\t\t<section class=\"elementor-section elementor-top-section elementor-element elementor-element-04999d3 elementor-section-boxed elementor-section-height-default elementor-section-height-default\" data-id=\"04999d3\" data-element_type=\"section\" data-e-type=\"section\">\n\t\t\t\t\t\t<div class=\"elementor-container elementor-column-gap-default\">\n\t\t\t\t\t<div class=\"elementor-column elementor-col-100 elementor-top-column elementor-element elementor-element-6cae71e\" data-id=\"6cae71e\" data-element_type=\"column\" data-e-type=\"column\">\n\t\t\t<div class=\"elementor-widget-wrap elementor-element-populated\">\n\t\t\t\t\t\t<div class=\"elementor-element elementor-element-064550a elementor-widget elementor-widget-spacer\" data-id=\"064550a\" data-element_type=\"widget\" data-e-type=\"widget\" data-widget_type=\"spacer.default\">\n\t\t\t\t\t\t\t<div class=\"elementor-spacer\">\n\t\t\t<div class=\"elementor-spacer-inner\"><\/div>\n\t\t<\/div>\n\t\t\t\t\t\t<\/div>\n\t\t\t\t<div class=\"elementor-element elementor-element-c6ce084 elementor-widget elementor-widget-image\" data-id=\"c6ce084\" data-element_type=\"widget\" data-e-type=\"widget\" data-widget_type=\"image.default\">\n\t\t\t\t\t\t\t\t\t\t\t\t\t\t\t\t<a href=\"https:\/\/activitats.estudidelmoble.com\/events\/visita-guiada-aem-mila\/\">\n\t\t\t\t\t\t\t<img fetchpriority=\"high\" decoding=\"async\" width=\"591\" height=\"552\" src=\"https:\/\/www.estudidelmoble.com\/wp-content\/uploads\/2025\/07\/Captura-de-pantalla-2025-07-16-130104.png\" class=\"attachment-medium_large size-medium_large wp-image-69729\" alt=\"\" srcset=\"https:\/\/www.estudidelmoble.com\/wp-content\/uploads\/2025\/07\/Captura-de-pantalla-2025-07-16-130104.png 591w, https:\/\/www.estudidelmoble.com\/wp-content\/uploads\/2025\/07\/Captura-de-pantalla-2025-07-16-130104-300x280.png 300w\" sizes=\"(max-width: 591px) 100vw, 591px\" \/>\t\t\t\t\t\t\t\t<\/a>\n\t\t\t\t\t\t\t\t\t\t\t\t\t\t\t<\/div>\n\t\t\t\t<div class=\"elementor-element elementor-element-d16acf5 elementor-widget elementor-widget-text-editor\" data-id=\"d16acf5\" data-element_type=\"widget\" data-e-type=\"widget\" data-widget_type=\"text-editor.default\">\n\t\t\t\t\t\t\t\t\t<p>Actividad presencial. Plazas limitadas, reserva previa.<\/p>\n\t\t\t\t\t\t\t\t<\/div>\n\t\t\t\t<div class=\"elementor-element elementor-element-1647333 elementor-widget elementor-widget-read-more\" data-id=\"1647333\" data-element_type=\"widget\" data-e-type=\"widget\" data-widget_type=\"read-more.default\">\n\t\t\t\t\t<\/div><\/div><\/div><\/div><\/section><\/div> <a href=\"https:\/\/www.estudidelmoble.com\/es\/visita-guiada-a-la-exposicion-miguel-mila-disenador-preindustrial\/#more-70301\" class=\"more-link elementor-more-link\"><span aria-label=\"Sigue leyendo Visita guiada a la exposici\u00f3n Miguel Mil\u00e1. Dise\u00f1ador (pre)industrial\">Continua llegint<\/span><\/a>","protected":false},"excerpt":{"rendered":"<p>Visita a la exposici\u00f3n Miguel Mil\u00e1. Dise\u00f1ador (pre)industrial del Disseny Hub Barcelona con Paolo Sustersic<\/p>\n","protected":false},"author":935,"featured_media":69729,"comment_status":"closed","ping_status":"closed","sticky":false,"template":"","format":"standard","meta":{"_acf_changed":false,"footnotes":""},"categories":[28,296],"tags":[312,340,410],"class_list":["post-70301","post","type-post","status-publish","format-standard","has-post-thumbnail","hentry","category-blog-es","category-visitas-guiadas","tag-arquitectura-es","tag-expertos-es","tag-s-xx-es"],"acf":[],"_links":{"self":[{"href":"https:\/\/www.estudidelmoble.com\/es\/wp-json\/wp\/v2\/posts\/70301","targetHints":{"allow":["GET"]}}],"collection":[{"href":"https:\/\/www.estudidelmoble.com\/es\/wp-json\/wp\/v2\/posts"}],"about":[{"href":"https:\/\/www.estudidelmoble.com\/es\/wp-json\/wp\/v2\/types\/post"}],"author":[{"embeddable":true,"href":"https:\/\/www.estudidelmoble.com\/es\/wp-json\/wp\/v2\/users\/935"}],"replies":[{"embeddable":true,"href":"https:\/\/www.estudidelmoble.com\/es\/wp-json\/wp\/v2\/comments?post=70301"}],"version-history":[{"count":0,"href":"https:\/\/www.estudidelmoble.com\/es\/wp-json\/wp\/v2\/posts\/70301\/revisions"}],"wp:featuredmedia":[{"embeddable":true,"href":"https:\/\/www.estudidelmoble.com\/es\/wp-json\/wp\/v2\/media\/69729"}],"wp:attachment":[{"href":"https:\/\/www.estudidelmoble.com\/es\/wp-json\/wp\/v2\/media?parent=70301"}],"wp:term":[{"taxonomy":"category","embeddable":true,"href":"https:\/\/www.estudidelmoble.com\/es\/wp-json\/wp\/v2\/categories?post=70301"},{"taxonomy":"post_tag","embeddable":true,"href":"https:\/\/www.estudidelmoble.com\/es\/wp-json\/wp\/v2\/tags?post=70301"}],"curies":[{"name":"wp","href":"https:\/\/api.w.org\/{rel}","templated":true}]}}