{"id":74851,"date":"2025-04-17T10:39:46","date_gmt":"2025-04-17T08:39:46","guid":{"rendered":"https:\/\/www.estudidelmoble.com\/sergi-mas-balaguer-el-moble-a-andorra\/"},"modified":"2026-03-31T19:13:17","modified_gmt":"2026-03-31T17:13:17","slug":"sergi-mas-balaguer-el-moble-a-andorra","status":"publish","type":"post","link":"https:\/\/www.estudidelmoble.com\/es\/sergi-mas-balaguer-el-moble-a-andorra\/","title":{"rendered":"Sergi Mas Balaguer, el moble a Andorra"},"content":{"rendered":"\t\t<div data-elementor-type=\"wp-post\" data-elementor-id=\"74851\" class=\"elementor elementor-74851 elementor-68610\" data-elementor-post-type=\"post\">\n\t\t\t\t\t\t<section class=\"elementor-section elementor-top-section elementor-element elementor-element-dbb0b90 elementor-section-boxed elementor-section-height-default elementor-section-height-default\" data-id=\"dbb0b90\" data-element_type=\"section\" data-e-type=\"section\">\n\t\t\t\t\t\t<div class=\"elementor-container elementor-column-gap-default\">\n\t\t\t\t\t<div class=\"elementor-column elementor-col-100 elementor-top-column elementor-element elementor-element-4c54558\" data-id=\"4c54558\" data-element_type=\"column\" data-e-type=\"column\">\n\t\t\t<div class=\"elementor-widget-wrap elementor-element-populated\">\n\t\t\t\t\t\t<div class=\"elementor-element elementor-element-303c4d4 elementor-widget elementor-widget-heading\" data-id=\"303c4d4\" data-element_type=\"widget\" data-e-type=\"widget\" data-widget_type=\"heading.default\">\n\t\t\t\t\t<h1 class=\"elementor-heading-title elementor-size-default\">El moble a Andorra, Sergi Mas Balaguer<\/h1>\t\t\t\t<\/div>\n\t\t\t\t<div class=\"elementor-element elementor-element-ab84cbe elementor-widget elementor-widget-heading\" data-id=\"ab84cbe\" data-element_type=\"widget\" data-e-type=\"widget\" data-widget_type=\"heading.default\">\n\t\t\t\t\t<h2 class=\"elementor-heading-title elementor-size-default\">Un libro con m\u00e1s de quinientos dibujos sobre el mueble.<\/h2>\t\t\t\t<\/div>\n\t\t\t\t<div class=\"elementor-element elementor-element-2bf3edc elementor-widget elementor-widget-heading\" data-id=\"2bf3edc\" data-element_type=\"widget\" data-e-type=\"widget\" data-widget_type=\"heading.default\">\n\t\t\t\t\t<p class=\"elementor-heading-title elementor-size-default\">Sergi Mas Balaguer (1930 - 2026)<\/p>\t\t\t\t<\/div>\n\t\t\t\t\t<\/div>\n\t\t<\/div>\n\t\t\t\t\t<\/div>\n\t\t<\/section>\n\t\t\t\t<section class=\"elementor-section elementor-top-section elementor-element elementor-element-56d1f7d elementor-section-boxed elementor-section-height-default elementor-section-height-default\" data-id=\"56d1f7d\" data-element_type=\"section\" data-e-type=\"section\">\n\t\t\t\t\t\t<div class=\"elementor-container elementor-column-gap-default\">\n\t\t\t\t\t<div class=\"elementor-column elementor-col-100 elementor-top-column elementor-element elementor-element-d2d52d1\" data-id=\"d2d52d1\" data-element_type=\"column\" data-e-type=\"column\">\n\t\t\t<div class=\"elementor-widget-wrap elementor-element-populated\">\n\t\t\t\t\t\t<div class=\"elementor-element elementor-element-6dbaa5d elementor-widget__width-initial elementor-widget elementor-widget-image\" data-id=\"6dbaa5d\" data-element_type=\"widget\" data-e-type=\"widget\" data-widget_type=\"image.default\">\n\t\t\t\t\t\t\t\t\t\t\t\t\t\t\t<img fetchpriority=\"high\" decoding=\"async\" width=\"768\" height=\"1024\" src=\"https:\/\/www.estudidelmoble.com\/wp-content\/uploads\/2025\/04\/IMG_2391-768x1024.jpeg\" class=\"attachment-medium_large size-medium_large wp-image-68608\" alt=\"\" srcset=\"https:\/\/www.estudidelmoble.com\/wp-content\/uploads\/2025\/04\/IMG_2391-768x1024.jpeg 768w, https:\/\/www.estudidelmoble.com\/wp-content\/uploads\/2025\/04\/IMG_2391-225x300.jpeg 225w, https:\/\/www.estudidelmoble.com\/wp-content\/uploads\/2025\/04\/IMG_2391-1152x1536.jpeg 1152w, https:\/\/www.estudidelmoble.com\/wp-content\/uploads\/2025\/04\/IMG_2391-1536x2048.jpeg 1536w, https:\/\/www.estudidelmoble.com\/wp-content\/uploads\/2025\/04\/IMG_2391-600x800.jpeg 600w, https:\/\/www.estudidelmoble.com\/wp-content\/uploads\/2025\/04\/IMG_2391-scaled.jpeg 1920w\" sizes=\"(max-width: 768px) 100vw, 768px\" \/>\t\t\t\t\t\t\t\t\t\t\t\t\t\t\t<\/div>\n\t\t\t\t<div class=\"elementor-element elementor-element-c79db6f elementor-widget elementor-widget-heading\" data-id=\"c79db6f\" data-element_type=\"widget\" data-e-type=\"widget\" data-widget_type=\"heading.default\">\n\t\t\t\t\t<p class=\"elementor-heading-title elementor-size-default\">Sergi Mas Balaguer (Barcelona, 30 d'octubre de 1930) <\/p>\t\t\t\t<\/div>\n\t\t\t\t\t<\/div>\n\t\t<\/div>\n\t\t\t\t\t<\/div>\n\t\t<\/section>\n\t\t\t\t<section class=\"elementor-section elementor-top-section elementor-element elementor-element-5ddfaa5 elementor-section-boxed elementor-section-height-default elementor-section-height-default\" data-id=\"5ddfaa5\" data-element_type=\"section\" data-e-type=\"section\" data-settings=\"{&quot;background_background&quot;:&quot;classic&quot;}\">\n\t\t\t\t\t\t<div class=\"elementor-container elementor-column-gap-default\">\n\t\t\t\t\t<div class=\"elementor-column elementor-col-100 elementor-top-column elementor-element elementor-element-31b000d\" data-id=\"31b000d\" data-element_type=\"column\" data-e-type=\"column\" data-settings=\"{&quot;background_background&quot;:&quot;classic&quot;}\">\n\t\t\t<div class=\"elementor-widget-wrap elementor-element-populated\">\n\t\t\t\t\t\t<div class=\"elementor-element elementor-element-c2e6052 elementor-widget elementor-widget-text-editor\" data-id=\"c2e6052\" data-element_type=\"widget\" data-e-type=\"widget\" data-widget_type=\"text-editor.default\">\n\t\t\t\t\t\t\t\t\t<div class=\"flex flex-col text-sm\">\n<section class=\"text-token-text-primary w-full focus:outline-none [--shadow-height:45px] has-data-writing-block:pointer-events-none has-data-writing-block:-mt-(--shadow-height) has-data-writing-block:pt-(--shadow-height) [&amp;:has([data-writing-block])&gt;*]:pointer-events-auto scroll-mt-[calc(var(--header-height)+min(200px,max(70px,20svh)))]\" dir=\"auto\" data-turn-id=\"request-WEB:d644f7e5-33e6-4e03-9539-8af0fff1d460-1\" data-testid=\"conversation-turn-4\" data-scroll-anchor=\"true\" data-turn=\"assistant\">\n<div class=\"text-base my-auto mx-auto pb-10 [--thread-content-margin:var(--thread-content-margin-xs,calc(var(--spacing)*4))] @w-sm\/main:[--thread-content-margin:var(--thread-content-margin-sm,calc(var(--spacing)*6))] @w-lg\/main:[--thread-content-margin:var(--thread-content-margin-lg,calc(var(--spacing)*16))] px-(--thread-content-margin)\">\n<div class=\"[--thread-content-max-width:40rem] @w-lg\/main:[--thread-content-max-width:48rem] mx-auto max-w-(--thread-content-max-width) flex-1 group\/turn-messages focus-visible:outline-hidden relative flex w-full min-w-0 flex-col agent-turn\">\n<div class=\"flex max-w-full flex-col gap-4 grow\">\n<div class=\"min-h-8 text-message relative flex w-full flex-col items-end gap-2 text-start break-words whitespace-normal outline-none keyboard-focused:focus-ring [.text-message+&amp;]:mt-1\" dir=\"auto\" data-message-author-role=\"assistant\" data-message-id=\"c122c05d-65d1-4949-8ebe-3ada072f2816\" data-message-model-slug=\"gpt-5-3\" data-turn-start-message=\"true\" data-mce-tabindex=\"0\">\n<div class=\"flex w-full flex-col gap-1 empty:hidden\">\n<div class=\"markdown prose dark:prose-invert w-full wrap-break-word light markdown-new-styling\">\n<p data-start=\"0\" data-end=\"554\"><span class=\"hover:entity-accent entity-underline inline cursor-pointer align-baseline\"><span class=\"whitespace-normal\">Sergi Mas Balaguer<\/span><\/span> es un escultor, ceramista, pintor, grabador y escritor de origen catal\u00e1n, establecido desde hace d\u00e9cadas en el <span class=\"hover:entity-accent entity-underline inline cursor-pointer align-baseline\"><span class=\"whitespace-normal\">Principado de Andorra<\/span><\/span>. Su trayectoria art\u00edstica se caracteriza por una gran versatilidad y por una profunda conexi\u00f3n con las ra\u00edces culturales y artesanales del territorio pirenaico. Su obra, tanto pl\u00e1stica como literaria, refleja un inter\u00e9s constante por preservar y reinterpretar las tradiciones, especialmente aquellas vinculadas a los oficios antiguos y a la vida cotidiana de monta\u00f1a.<\/p>\n<p data-start=\"556\" data-end=\"1029\">Adem\u00e1s de su producci\u00f3n escult\u00f3rica y cer\u00e1mica, Sergi Mas ha desarrollado una destacada obra literaria que abarca tanto la narrativa como el ensayo. Un rasgo distintivo de sus libros es que a menudo est\u00e1n ilustrados por \u00e9l mismo, lo que convierte cada publicaci\u00f3n en una pieza art\u00edstica completa, donde texto e imagen dialogan de manera arm\u00f3nica. Esta doble vertiente de escritor e ilustrador le permite transmitir con gran riqueza visual y conceptual los temas que aborda.<\/p>\n<p data-start=\"1031\" data-end=\"1644\">En su libro titulado <span class=\"hover:entity-accent entity-underline inline cursor-pointer align-baseline\"><span class=\"whitespace-normal\">El moble a Andorra<\/span><\/span>, el autor nos ofrece una mirada profunda y detallada sobre el arte del trabajo de la madera en Andorra. La obra recorre toda la gama del mobiliario tradicional andorrano, desde los objetos m\u00e1s sencillos y cotidianos, como las cunas, hasta piezas m\u00e1s elaboradas y simb\u00f3licas, como las arcas de novia o las grandes mesas de casa solariega que presid\u00edan los hogares antiguos. A trav\u00e9s de este recorrido, el lector puede comprender no solo las formas y funciones de los muebles, sino tambi\u00e9n el contexto social y cultural en el que eran creados y utilizados.<\/p>\n<p data-start=\"1646\" data-end=\"2171\">El libro destaca especialmente por su car\u00e1cter visual. Con m\u00e1s de quinientos dibujos, Sergi Mas documenta con una extraordinaria sensibilidad el mobiliario dom\u00e9stico, eclesi\u00e1stico y oficial. Cada ilustraci\u00f3n es a la vez un ejercicio art\u00edstico y un documento etnogr\u00e1fico, capaz de captar la esencia de los objetos y la sabidur\u00eda de los artesanos que los crearon. Esta riqueza gr\u00e1fica convierte la obra en una referencia imprescindible para estudiosos, amantes del arte y cualquier persona interesada en el patrimonio cultural.<\/p>\n<p data-start=\"2173\" data-end=\"2617\" data-is-last-node=\"\" data-is-only-node=\"\">Sergi Mas, que a menudo se define a s\u00ed mismo como \u201cartista-artesano\u201d, ha dedicado muchos a\u00f1os de investigaci\u00f3n, observaci\u00f3n y trabajo a la creaci\u00f3n de este libro. Esta dedicaci\u00f3n se refleja en la profundidad y la calidad del resultado final, que puede considerarse, sin duda, una obra magistral. M\u00e1s all\u00e1 de su belleza formal, <em data-start=\"2500\" data-end=\"2520\">El moble a Andorra<\/em> se convierte tambi\u00e9n en un valioso testimonio de la identidad y la memoria colectiva de un pa\u00eds.<\/p>\n<\/div>\n<\/div>\n<\/div>\n<\/div>\n<\/div>\n<\/div>\n<\/section>\n<\/div>\n\t\t\t\t\t\t\t\t<\/div>\n\t\t\t\t<div class=\"elementor-element elementor-element-3e9ae35 elementor-widget elementor-widget-gallery\" data-id=\"3e9ae35\" data-element_type=\"widget\" data-e-type=\"widget\" data-settings=\"{&quot;lazyload&quot;:&quot;yes&quot;,&quot;gallery_layout&quot;:&quot;grid&quot;,&quot;columns&quot;:4,&quot;columns_tablet&quot;:2,&quot;columns_mobile&quot;:1,&quot;gap&quot;:{&quot;unit&quot;:&quot;px&quot;,&quot;size&quot;:10,&quot;sizes&quot;:[]},&quot;gap_tablet&quot;:{&quot;unit&quot;:&quot;px&quot;,&quot;size&quot;:10,&quot;sizes&quot;:[]},&quot;gap_mobile&quot;:{&quot;unit&quot;:&quot;px&quot;,&quot;size&quot;:10,&quot;sizes&quot;:[]},&quot;link_to&quot;:&quot;file&quot;,&quot;aspect_ratio&quot;:&quot;3:2&quot;,&quot;overlay_background&quot;:&quot;yes&quot;,&quot;content_hover_animation&quot;:&quot;fade-in&quot;}\" data-widget_type=\"gallery.default\">\n\t\t\t\t\t\t\t<div class=\"elementor-gallery__container\">\n\t\t\t\t\t\t\t<a class=\"e-gallery-item elementor-gallery-item elementor-animated-content\" href=\"https:\/\/www.estudidelmoble.com\/wp-content\/uploads\/2025\/07\/Bagul_001-scaled.jpg\" data-elementor-open-lightbox=\"yes\" data-elementor-lightbox-slideshow=\"3e9ae35\" data-elementor-lightbox-title=\"Bagul_001\" data-e-action-hash=\"#elementor-action%3Aaction%3Dlightbox%26settings%3DeyJpZCI6Njk0MjMsInVybCI6Imh0dHBzOlwvXC93d3cuZXN0dWRpZGVsbW9ibGUuY29tXC93cC1jb250ZW50XC91cGxvYWRzXC8yMDI1XC8wN1wvQmFndWxfMDAxLXNjYWxlZC5qcGciLCJzbGlkZXNob3ciOiIzZTlhZTM1In0%3D\">\n\t\t\t\t\t<div class=\"e-gallery-image elementor-gallery-item__image\" data-thumbnail=\"https:\/\/www.estudidelmoble.com\/wp-content\/uploads\/2025\/07\/Bagul_001-269x300.jpg\" data-width=\"269\" data-height=\"300\" aria-label=\"\" role=\"img\" ><\/div>\n\t\t\t\t\t\t\t\t\t\t\t<div class=\"elementor-gallery-item__overlay\"><\/div>\n\t\t\t\t\t\t\t\t\t\t\t\t\t\t<\/a>\n\t\t\t\t\t\t\t<a class=\"e-gallery-item elementor-gallery-item elementor-animated-content\" href=\"https:\/\/www.estudidelmoble.com\/wp-content\/uploads\/2025\/07\/Bagul_002-scaled.jpg\" data-elementor-open-lightbox=\"yes\" data-elementor-lightbox-slideshow=\"3e9ae35\" data-elementor-lightbox-title=\"Bagul_002\" data-e-action-hash=\"#elementor-action%3Aaction%3Dlightbox%26settings%3DeyJpZCI6Njk0MjUsInVybCI6Imh0dHBzOlwvXC93d3cuZXN0dWRpZGVsbW9ibGUuY29tXC93cC1jb250ZW50XC91cGxvYWRzXC8yMDI1XC8wN1wvQmFndWxfMDAyLXNjYWxlZC5qcGciLCJzbGlkZXNob3ciOiIzZTlhZTM1In0%3D\">\n\t\t\t\t\t<div class=\"e-gallery-image elementor-gallery-item__image\" data-thumbnail=\"https:\/\/www.estudidelmoble.com\/wp-content\/uploads\/2025\/07\/Bagul_002-257x300.jpg\" data-width=\"257\" data-height=\"300\" aria-label=\"\" role=\"img\" ><\/div>\n\t\t\t\t\t\t\t\t\t\t\t<div class=\"elementor-gallery-item__overlay\"><\/div>\n\t\t\t\t\t\t\t\t\t\t\t\t\t\t<\/a>\n\t\t\t\t\t\t\t<a class=\"e-gallery-item elementor-gallery-item elementor-animated-content\" href=\"https:\/\/www.estudidelmoble.com\/wp-content\/uploads\/2025\/07\/Bagul_003-scaled.jpg\" data-elementor-open-lightbox=\"yes\" data-elementor-lightbox-slideshow=\"3e9ae35\" data-elementor-lightbox-title=\"Bagul_003\" data-e-action-hash=\"#elementor-action%3Aaction%3Dlightbox%26settings%3DeyJpZCI6Njk0MjcsInVybCI6Imh0dHBzOlwvXC93d3cuZXN0dWRpZGVsbW9ibGUuY29tXC93cC1jb250ZW50XC91cGxvYWRzXC8yMDI1XC8wN1wvQmFndWxfMDAzLXNjYWxlZC5qcGciLCJzbGlkZXNob3ciOiIzZTlhZTM1In0%3D\">\n\t\t\t\t\t<div class=\"e-gallery-image elementor-gallery-item__image\" data-thumbnail=\"https:\/\/www.estudidelmoble.com\/wp-content\/uploads\/2025\/07\/Bagul_003-212x300.jpg\" data-width=\"212\" data-height=\"300\" aria-label=\"\" role=\"img\" ><\/div>\n\t\t\t\t\t\t\t\t\t\t\t<div class=\"elementor-gallery-item__overlay\"><\/div>\n\t\t\t\t\t\t\t\t\t\t\t\t\t\t<\/a>\n\t\t\t\t\t\t\t<a class=\"e-gallery-item elementor-gallery-item elementor-animated-content\" href=\"https:\/\/www.estudidelmoble.com\/wp-content\/uploads\/2025\/07\/Bagul_004-scaled.jpg\" data-elementor-open-lightbox=\"yes\" data-elementor-lightbox-slideshow=\"3e9ae35\" data-elementor-lightbox-title=\"Bagul_004\" data-e-action-hash=\"#elementor-action%3Aaction%3Dlightbox%26settings%3DeyJpZCI6Njk0MjksInVybCI6Imh0dHBzOlwvXC93d3cuZXN0dWRpZGVsbW9ibGUuY29tXC93cC1jb250ZW50XC91cGxvYWRzXC8yMDI1XC8wN1wvQmFndWxfMDA0LXNjYWxlZC5qcGciLCJzbGlkZXNob3ciOiIzZTlhZTM1In0%3D\">\n\t\t\t\t\t<div class=\"e-gallery-image elementor-gallery-item__image\" data-thumbnail=\"https:\/\/www.estudidelmoble.com\/wp-content\/uploads\/2025\/07\/Bagul_004-247x300.jpg\" data-width=\"247\" data-height=\"300\" aria-label=\"\" role=\"img\" ><\/div>\n\t\t\t\t\t\t\t\t\t\t\t<div class=\"elementor-gallery-item__overlay\"><\/div>\n\t\t\t\t\t\t\t\t\t\t\t\t\t\t<\/a>\n\t\t\t\t\t<\/div>\n\t\t\t\t\t<\/div>\n\t\t\t\t\t<\/div>\n\t\t<\/div>\n\t\t\t\t\t<\/div>\n\t\t<\/section>\n\t\t\t\t<section class=\"elementor-section elementor-top-section elementor-element elementor-element-0fe84a6 elementor-section-boxed elementor-section-height-default elementor-section-height-default\" data-id=\"0fe84a6\" data-element_type=\"section\" data-e-type=\"section\">\n\t\t\t\t\t\t<div class=\"elementor-container elementor-column-gap-default\">\n\t\t\t\t\t<div class=\"elementor-column elementor-col-100 elementor-top-column elementor-element elementor-element-6133d1e\" data-id=\"6133d1e\" data-element_type=\"column\" data-e-type=\"column\">\n\t\t\t<div class=\"elementor-widget-wrap\">\n\t\t\t\t\t\t\t<\/div>\n\t\t<\/div>\n\t\t\t\t\t<\/div>\n\t\t<\/section>\n\t\t\t\t<section class=\"elementor-section elementor-top-section elementor-element elementor-element-1059f6a elementor-section-content-middle elementor-section-boxed elementor-section-height-default elementor-section-height-default\" data-id=\"1059f6a\" data-element_type=\"section\" data-e-type=\"section\">\n\t\t\t\t\t\t<div class=\"elementor-container elementor-column-gap-default\">\n\t\t\t\t\t<div class=\"elementor-column elementor-col-100 elementor-top-column elementor-element elementor-element-70468fc\" data-id=\"70468fc\" data-element_type=\"column\" data-e-type=\"column\">\n\t\t\t<div class=\"elementor-widget-wrap elementor-element-populated\">\n\t\t\t\t\t\t<div class=\"elementor-element elementor-element-346aa6a elementor-hidden-desktop elementor-hidden-tablet elementor-hidden-mobile elementor-widget elementor-widget-accordion\" data-id=\"346aa6a\" data-element_type=\"widget\" data-e-type=\"widget\" data-widget_type=\"accordion.default\">\n\t\t\t\t\t\t\t<div class=\"elementor-accordion\">\n\t\t\t\t\t\t\t<div class=\"elementor-accordion-item\">\n\t\t\t\t\t<div id=\"elementor-tab-title-5491\" class=\"elementor-tab-title\" data-tab=\"1\" role=\"button\" aria-controls=\"elementor-tab-content-5491\" aria-expanded=\"false\">\n\t\t\t\t\t\t\t\t\t\t\t\t\t<span class=\"elementor-accordion-icon elementor-accordion-icon-left\" aria-hidden=\"true\">\n\t\t\t\t\t\t\t\t\t\t\t\t\t\t\t<span class=\"elementor-accordion-icon-closed\"><svg class=\"e-font-icon-svg e-fas-plus\" viewBox=\"0 0 448 512\" xmlns=\"http:\/\/www.w3.org\/2000\/svg\"><path d=\"M416 208H272V64c0-17.67-14.33-32-32-32h-32c-17.67 0-32 14.33-32 32v144H32c-17.67 0-32 14.33-32 32v32c0 17.67 14.33 32 32 32h144v144c0 17.67 14.33 32 32 32h32c17.67 0 32-14.33 32-32V304h144c17.67 0 32-14.33 32-32v-32c0-17.67-14.33-32-32-32z\"><\/path><\/svg><\/span>\n\t\t\t\t\t\t\t\t<span class=\"elementor-accordion-icon-opened\"><svg class=\"e-font-icon-svg e-fas-minus\" viewBox=\"0 0 448 512\" xmlns=\"http:\/\/www.w3.org\/2000\/svg\"><path d=\"M416 208H32c-17.67 0-32 14.33-32 32v32c0 17.67 14.33 32 32 32h384c17.67 0 32-14.33 32-32v-32c0-17.67-14.33-32-32-32z\"><\/path><\/svg><\/span>\n\t\t\t\t\t\t\t\t\t\t\t\t\t\t<\/span>\n\t\t\t\t\t\t\t\t\t\t\t\t<a class=\"elementor-accordion-title\" tabindex=\"0\">Informaci\u00f3n Pr\u00e1ctica<\/a>\n\t\t\t\t\t<\/div>\n\t\t\t\t\t<div id=\"elementor-tab-content-5491\" class=\"elementor-tab-content elementor-clearfix\" data-tab=\"1\" role=\"region\" aria-labelledby=\"elementor-tab-title-5491\"><p><strong>Dijous, 3 d&#8217;abril de 2025<\/strong><\/p>\n<p><strong>Hora:<\/strong> De 10:30 h a 19:00 h<\/p>\n<p><strong>Lloc:<\/strong> Vic<\/p>\n<p><strong>Inscripcions i consultes:<\/strong> info@elteubagul.com &#8211; 93 256 67 85 <span style=\"background-color: var( --e-global-color-c5b427f ); color: var( --e-global-color-text ); font-family: var( --e-global-typography-cf6bf80-font-family ), Sans-serif; font-size: var( --e-global-typography-cf6bf80-font-size ); font-weight: var( --e-global-typography-cf6bf80-font-weight );\" data-mce-style=\"background-color: var( --e-global-color-c5b427f ); color: var( --e-global-color-text ); font-family: var( --e-global-typography-cf6bf80-font-family ), Sans-serif; font-size: var( --e-global-typography-cf6bf80-font-size ); font-weight: var( --e-global-typography-cf6bf80-font-weight );\">(de 9:00 h a 15:00 h)<\/span><\/p>\n<p><strong>Preu:<\/strong> Activitat gratu\u00efta amb reserva pr\u00e8via<\/p>\n<p>Prioritat pels inscrits\/es a tota la jornada (informar al fer la reserva)<\/p>\n<p>Dinar optatiu restaurant L&#8217;Atl\u00e0ntida: pagament individual &#8211; preu aprox. 21 euros<\/p>\n<\/div>\n\t\t\t\t<\/div>\n\t\t\t\t\t\t\t<div class=\"elementor-accordion-item\">\n\t\t\t\t\t<div id=\"elementor-tab-title-5492\" class=\"elementor-tab-title\" data-tab=\"2\" role=\"button\" aria-controls=\"elementor-tab-content-5492\" aria-expanded=\"false\">\n\t\t\t\t\t\t\t\t\t\t\t\t\t<span class=\"elementor-accordion-icon elementor-accordion-icon-left\" aria-hidden=\"true\">\n\t\t\t\t\t\t\t\t\t\t\t\t\t\t\t<span class=\"elementor-accordion-icon-closed\"><svg class=\"e-font-icon-svg e-fas-plus\" viewBox=\"0 0 448 512\" xmlns=\"http:\/\/www.w3.org\/2000\/svg\"><path d=\"M416 208H272V64c0-17.67-14.33-32-32-32h-32c-17.67 0-32 14.33-32 32v144H32c-17.67 0-32 14.33-32 32v32c0 17.67 14.33 32 32 32h144v144c0 17.67 14.33 32 32 32h32c17.67 0 32-14.33 32-32V304h144c17.67 0 32-14.33 32-32v-32c0-17.67-14.33-32-32-32z\"><\/path><\/svg><\/span>\n\t\t\t\t\t\t\t\t<span class=\"elementor-accordion-icon-opened\"><svg class=\"e-font-icon-svg e-fas-minus\" viewBox=\"0 0 448 512\" xmlns=\"http:\/\/www.w3.org\/2000\/svg\"><path d=\"M416 208H32c-17.67 0-32 14.33-32 32v32c0 17.67 14.33 32 32 32h384c17.67 0 32-14.33 32-32v-32c0-17.67-14.33-32-32-32z\"><\/path><\/svg><\/span>\n\t\t\t\t\t\t\t\t\t\t\t\t\t\t<\/span>\n\t\t\t\t\t\t\t\t\t\t\t\t<a class=\"elementor-accordion-title\" tabindex=\"0\">Programa<\/a>\n\t\t\t\t\t<\/div>\n\t\t\t\t\t<div id=\"elementor-tab-content-5492\" class=\"elementor-tab-content elementor-clearfix\" data-tab=\"2\" role=\"region\" aria-labelledby=\"elementor-tab-title-5492\"><p><strong>Dijous, 3 d&#8217;abril, <\/strong><span style=\"background-color: var( --e-global-color-c5b427f );\" data-mce-style=\"background-color: var( --e-global-color-c5b427f );\"><b>Vic<\/b><\/span><\/p>\n<p>10:30 h <strong>Visita a l\u2019Arxiu i Biblioteca Episcopal de Vic<\/strong>&nbsp;<br \/>Aquest espai singular, situat als pisos superiors del Palau Episcopal i del claustre de la Catedral de Vic, cont\u00e9 un dels conjunts documentals i bibliogr\u00e0fics m\u00e9s importants de Catalunya. De la m\u00e0 de l\u2019arxiver Rafael Ginebra visitarem la col\u00b7lecci\u00f3 de caixes i cofres, entre elles dues caixes g\u00f2tiques i tamb\u00e9 caixes dels beneficiats de la seu episcopal de Vic.&nbsp;<\/p>\n<p>11:30 h <strong>Visita a la Casa de l\u2019Oratori de Sant Felip Neri&nbsp;<\/strong><br \/>Visitarem els espais privats de l\u2019Oratori de Sant Felip Neri, constru\u00eft el segle XVIII amb la seva col\u00b7lecci\u00f3 de pintura, escultura i mobiliari. El prep\u00f2sit de l\u2019edifici, moss\u00e8n Jaume Seguranyes, fill d\u2019una fam\u00edlia coneguda d\u2019artistes de Vic, ens parlar\u00e0 de la col\u00b7lecci\u00f3 de caixes de diferents estils, especialment d\u2019una caixa de n\u00favia datada del 1772.&nbsp;<\/p>\n<p>12:30 h<strong> Visita al taller Aurum Coservaci\u00f3 i Restauraci\u00f3&nbsp;<br \/><\/strong>El restaurador Arnau Toll, ambaixador del projecte El teu bagul, la nostra hist\u00f2ria a Osona, ens mostrar\u00e0 el seu taller de conservaci\u00f3 i restauraci\u00f3 que est\u00e0 situat en el centre hist\u00f2ric de la ciutat. Ens explicar\u00e0 diferents t\u00e8cniques constructives, materials i ornamentaci\u00f3 d\u2019un seguit de caixes de diferents qualitats i estudiarem en detall un cas pr\u00e0ctic de restauraci\u00f3 d&#8217;una caixa.<\/p>\n<p>14:00 h <strong>Dinar a L&#8217;Atl\u00e0ntida (opcional)<\/strong> &#8211; Preu: 21 euros<br \/>En cas d&#8217;assistir-hi, informar-ho en fer la reserva de l&#8217;activitat (per tel\u00e8fon o email). El pagament&nbsp;s&#8217;efectuar\u00e0&nbsp;al mateix restaurant de forma individual.<\/p>\n<p>16:00 h <strong>Visita a la reserva del Museu d&#8217;Art Medieval de Vic&nbsp;<br \/><\/strong>El Museu d&#8217;Art Medieval de Vic \u00e9s un museu d&#8217;art medieval amb una notable col\u00b7lecci\u00f3 de mobiliari des del per\u00edode altmedieval fins al segle XIX. Visitarem la reserva del MEV de la m\u00e0 de l\u2019Eva Pascual, membre del comit\u00e8 cient\u00edfic d\u2019El teu bagul, la nostra hist\u00f2ria, que va catalogar moltes de les peces que veurem. Tamb\u00e9 examinarem amb en Miquel Mirambell la caixa de n\u00favia en qu\u00e8 s&#8217;ha basat per escriure el llibre que presentar\u00e0 m\u00e9s tard.<\/p>\n<p>17:30 h <strong>Pausa \/ Caf\u00e8<\/strong><\/p>\n<p>18:00 h <strong>Presentaci\u00f3 del llibre de Miquel Mirambell Abanc\u00f3<\/strong><br \/>L&#8217;autor Miquel Mirambell ens presentar\u00e0 el seu llibre <em>L&#8217;enigma de la n\u00favia i el moro. Estudi d&#8217;una <\/em><em>caixa de n\u00favia conservada al Museu Episcopal de Vic<\/em> (Premi Plana de Vic, 2023).&nbsp;&nbsp;<\/p>\n<p>18:30 h <strong>Presentaci\u00f3 del projecte \u2018El teu bagul, la nostra hist\u00f2ria\u2019&nbsp;<\/strong><br \/>L\u2019AEM presentar\u00e0 de la m\u00e0 de M\u00f3nica Piera, Eva Pascual (membres del comit\u00e8 cient\u00edfic) i \u00c0ngels Par\u00e9s (directora del projecte) El teu bagul, la nostra hist\u00f2ria, un inventari digital participatiu.<\/p>\n<p>19:00 h <strong>Clausura de la sessi\u00f3<\/strong><\/p>\n<\/div>\n\t\t\t\t<\/div>\n\t\t\t\t\t\t\t<div class=\"elementor-accordion-item\">\n\t\t\t\t\t<div id=\"elementor-tab-title-5493\" class=\"elementor-tab-title\" data-tab=\"3\" role=\"button\" aria-controls=\"elementor-tab-content-5493\" aria-expanded=\"false\">\n\t\t\t\t\t\t\t\t\t\t\t\t\t<span class=\"elementor-accordion-icon elementor-accordion-icon-left\" aria-hidden=\"true\">\n\t\t\t\t\t\t\t\t\t\t\t\t\t\t\t<span class=\"elementor-accordion-icon-closed\"><svg class=\"e-font-icon-svg e-fas-plus\" viewBox=\"0 0 448 512\" xmlns=\"http:\/\/www.w3.org\/2000\/svg\"><path d=\"M416 208H272V64c0-17.67-14.33-32-32-32h-32c-17.67 0-32 14.33-32 32v144H32c-17.67 0-32 14.33-32 32v32c0 17.67 14.33 32 32 32h144v144c0 17.67 14.33 32 32 32h32c17.67 0 32-14.33 32-32V304h144c17.67 0 32-14.33 32-32v-32c0-17.67-14.33-32-32-32z\"><\/path><\/svg><\/span>\n\t\t\t\t\t\t\t\t<span class=\"elementor-accordion-icon-opened\"><svg class=\"e-font-icon-svg e-fas-minus\" viewBox=\"0 0 448 512\" xmlns=\"http:\/\/www.w3.org\/2000\/svg\"><path d=\"M416 208H32c-17.67 0-32 14.33-32 32v32c0 17.67 14.33 32 32 32h384c17.67 0 32-14.33 32-32v-32c0-17.67-14.33-32-32-32z\"><\/path><\/svg><\/span>\n\t\t\t\t\t\t\t\t\t\t\t\t\t\t<\/span>\n\t\t\t\t\t\t\t\t\t\t\t\t<a class=\"elementor-accordion-title\" tabindex=\"0\">Precios y condiciones<\/a>\n\t\t\t\t\t<\/div>\n\t\t\t\t\t<div id=\"elementor-tab-content-5493\" class=\"elementor-tab-content elementor-clearfix\" data-tab=\"3\" role=\"region\" aria-labelledby=\"elementor-tab-title-5493\"><p><strong>Preu: <\/strong>Activitat gratu\u00efta amb reserva &nbsp;pr\u00e8via<br \/>Prioritat per les persones inscrits\/es a tota la jornada (informar-ho al fer la reserva)<\/p>\n<p>Dinar optatiu restaurant L&#8217;Atl\u00e0ntida: pagament individual &#8211; preu aprox. 21 euros<\/p>\n<p><strong> Format:<\/strong> Presencial<\/p>\n<p><strong> Idioma:<\/strong> Catal\u00e0<\/p>\n<\/div>\n\t\t\t\t<\/div>\n\t\t\t\t\t\t\t<div class=\"elementor-accordion-item\">\n\t\t\t\t\t<div id=\"elementor-tab-title-5494\" class=\"elementor-tab-title\" data-tab=\"4\" role=\"button\" aria-controls=\"elementor-tab-content-5494\" aria-expanded=\"false\">\n\t\t\t\t\t\t\t\t\t\t\t\t\t<span class=\"elementor-accordion-icon elementor-accordion-icon-left\" aria-hidden=\"true\">\n\t\t\t\t\t\t\t\t\t\t\t\t\t\t\t<span class=\"elementor-accordion-icon-closed\"><svg class=\"e-font-icon-svg e-fas-plus\" viewBox=\"0 0 448 512\" xmlns=\"http:\/\/www.w3.org\/2000\/svg\"><path d=\"M416 208H272V64c0-17.67-14.33-32-32-32h-32c-17.67 0-32 14.33-32 32v144H32c-17.67 0-32 14.33-32 32v32c0 17.67 14.33 32 32 32h144v144c0 17.67 14.33 32 32 32h32c17.67 0 32-14.33 32-32V304h144c17.67 0 32-14.33 32-32v-32c0-17.67-14.33-32-32-32z\"><\/path><\/svg><\/span>\n\t\t\t\t\t\t\t\t<span class=\"elementor-accordion-icon-opened\"><svg class=\"e-font-icon-svg e-fas-minus\" viewBox=\"0 0 448 512\" xmlns=\"http:\/\/www.w3.org\/2000\/svg\"><path d=\"M416 208H32c-17.67 0-32 14.33-32 32v32c0 17.67 14.33 32 32 32h384c17.67 0 32-14.33 32-32v-32c0-17.67-14.33-32-32-32z\"><\/path><\/svg><\/span>\n\t\t\t\t\t\t\t\t\t\t\t\t\t\t<\/span>\n\t\t\t\t\t\t\t\t\t\t\t\t<a class=\"elementor-accordion-title\" tabindex=\"0\">Inscripciones y consultas<\/a>\n\t\t\t\t\t<\/div>\n\t\t\t\t\t<div id=\"elementor-tab-content-5494\" class=\"elementor-tab-content elementor-clearfix\" data-tab=\"4\" role=\"region\" aria-labelledby=\"elementor-tab-title-5494\"><p>Correu a info@elteubagul.com<br \/>o trucar al +34 932 56 67 85 (de 9:00 a 15:00 hores)<\/p>\n<\/div>\n\t\t\t\t<\/div>\n\t\t\t\t\t\t\t\t<\/div>\n\t\t\t\t\t\t<\/div>\n\t\t\t\t\t<\/div>\n\t\t<\/div>\n\t\t\t\t\t<\/div>\n\t\t<\/section>\n\t\t\t\t<section class=\"elementor-section elementor-top-section elementor-element elementor-element-b64a0f2 elementor-section-boxed elementor-section-height-default elementor-section-height-default\" data-id=\"b64a0f2\" data-element_type=\"section\" data-e-type=\"section\">\n\t\t\t\t\t\t<div class=\"elementor-container elementor-column-gap-default\">\n\t\t\t\t\t<div class=\"elementor-column elementor-col-100 elementor-top-column elementor-element elementor-element-20b9006\" data-id=\"20b9006\" data-element_type=\"column\" data-e-type=\"column\">\n\t\t\t<div class=\"elementor-widget-wrap elementor-element-populated\">\n\t\t\t\t\t\t<div class=\"elementor-element elementor-element-0bcc49e elementor-widget elementor-widget-spacer\" data-id=\"0bcc49e\" data-element_type=\"widget\" data-e-type=\"widget\" data-widget_type=\"spacer.default\">\n\t\t\t\t\t\t\t<div class=\"elementor-spacer\">\n\t\t\t<div class=\"elementor-spacer-inner\"><\/div>\n\t\t<\/div>\n\t\t\t\t\t\t<\/div>\n\t\t\t\t\t<\/div>\n\t\t<\/div>\n\t\t\t\t\t<\/div>\n\t\t<\/section>\n\t\t\t\t<\/div>\n\t\t","protected":false},"excerpt":{"rendered":"<p>Sergi Mas Balaguer, El moble a Andorra<\/p>\n","protected":false},"author":935,"featured_media":68608,"comment_status":"closed","ping_status":"closed","sticky":false,"template":"","format":"standard","meta":{"_acf_changed":false,"footnotes":""},"categories":[28],"tags":[340,1104,410],"class_list":["post-74851","post","type-post","status-publish","format-standard","has-post-thumbnail","hentry","category-blog-es","tag-expertos-es","tag-historiadelmoble","tag-s-xx-es"],"acf":[],"_links":{"self":[{"href":"https:\/\/www.estudidelmoble.com\/es\/wp-json\/wp\/v2\/posts\/74851","targetHints":{"allow":["GET"]}}],"collection":[{"href":"https:\/\/www.estudidelmoble.com\/es\/wp-json\/wp\/v2\/posts"}],"about":[{"href":"https:\/\/www.estudidelmoble.com\/es\/wp-json\/wp\/v2\/types\/post"}],"author":[{"embeddable":true,"href":"https:\/\/www.estudidelmoble.com\/es\/wp-json\/wp\/v2\/users\/935"}],"replies":[{"embeddable":true,"href":"https:\/\/www.estudidelmoble.com\/es\/wp-json\/wp\/v2\/comments?post=74851"}],"version-history":[{"count":0,"href":"https:\/\/www.estudidelmoble.com\/es\/wp-json\/wp\/v2\/posts\/74851\/revisions"}],"wp:featuredmedia":[{"embeddable":true,"href":"https:\/\/www.estudidelmoble.com\/es\/wp-json\/wp\/v2\/media\/68608"}],"wp:attachment":[{"href":"https:\/\/www.estudidelmoble.com\/es\/wp-json\/wp\/v2\/media?parent=74851"}],"wp:term":[{"taxonomy":"category","embeddable":true,"href":"https:\/\/www.estudidelmoble.com\/es\/wp-json\/wp\/v2\/categories?post=74851"},{"taxonomy":"post_tag","embeddable":true,"href":"https:\/\/www.estudidelmoble.com\/es\/wp-json\/wp\/v2\/tags?post=74851"}],"curies":[{"name":"wp","href":"https:\/\/api.w.org\/{rel}","templated":true}]}}