{"id":75190,"date":"2026-04-24T14:15:34","date_gmt":"2026-04-24T12:15:34","guid":{"rendered":"https:\/\/www.estudidelmoble.com\/viaje-sur-de-francia\/"},"modified":"2026-04-28T14:23:28","modified_gmt":"2026-04-28T12:23:28","slug":"viaje-sur-de-francia","status":"publish","type":"post","link":"https:\/\/www.estudidelmoble.com\/es\/viaje-sur-de-francia\/","title":{"rendered":"Viaje Sur de Francia"},"content":{"rendered":"\t\t<div data-elementor-type=\"wp-post\" data-elementor-id=\"75190\" class=\"elementor elementor-75190 elementor-75089\" data-elementor-post-type=\"post\">\n\t\t\t\t\t\t<section class=\"elementor-section elementor-top-section elementor-element elementor-element-82e5fe8 elementor-section-boxed elementor-section-height-default elementor-section-height-default\" data-id=\"82e5fe8\" data-element_type=\"section\" data-e-type=\"section\">\n\t\t\t\t\t\t<div class=\"elementor-container elementor-column-gap-default\">\n\t\t\t\t\t<div class=\"elementor-column elementor-col-100 elementor-top-column elementor-element elementor-element-94aca3d\" data-id=\"94aca3d\" data-element_type=\"column\" data-e-type=\"column\">\n\t\t\t<div class=\"elementor-widget-wrap elementor-element-populated\">\n\t\t\t\t\t\t<div class=\"elementor-element elementor-element-39b9adf elementor-widget elementor-widget-heading\" data-id=\"39b9adf\" data-element_type=\"widget\" data-e-type=\"widget\" data-widget_type=\"heading.default\">\n\t\t\t\t\t<h1 class=\"elementor-heading-title elementor-size-default\">Arquitectura y arte del s.XX en el sur de Francia<\/h1>\t\t\t\t<\/div>\n\t\t\t\t<div class=\"elementor-element elementor-element-ba9ca3b elementor-widget elementor-widget-heading\" data-id=\"ba9ca3b\" data-element_type=\"widget\" data-e-type=\"widget\" data-widget_type=\"heading.default\">\n\t\t\t\t\t<h2 class=\"elementor-heading-title elementor-size-default\">Un di\u00e1logo entre el espacio, la luz y la naturaleza<\/h2>\t\t\t\t<\/div>\n\t\t\t\t<div class=\"elementor-element elementor-element-d07e0d7 elementor-widget elementor-widget-heading\" data-id=\"d07e0d7\" data-element_type=\"widget\" data-e-type=\"widget\" data-widget_type=\"heading.default\">\n\t\t\t\t\t<h3 class=\"elementor-heading-title elementor-size-default\">Del 26 al 28 de junio de 2026<\/h3>\t\t\t\t<\/div>\n\t\t\t\t\t<\/div>\n\t\t<\/div>\n\t\t\t\t\t<\/div>\n\t\t<\/section>\n\t\t\t\t<section class=\"elementor-section elementor-top-section elementor-element elementor-element-f86caf6 elementor-section-content-middle elementor-section-boxed elementor-section-height-default elementor-section-height-default\" data-id=\"f86caf6\" data-element_type=\"section\" data-e-type=\"section\">\n\t\t\t\t\t\t<div class=\"elementor-container elementor-column-gap-default\">\n\t\t\t\t\t<div class=\"elementor-column elementor-col-100 elementor-top-column elementor-element elementor-element-74f6b1f\" data-id=\"74f6b1f\" data-element_type=\"column\" data-e-type=\"column\">\n\t\t\t<div class=\"elementor-widget-wrap elementor-element-populated\">\n\t\t\t\t\t\t<div class=\"elementor-element elementor-element-e15d3b4 elementor-widget elementor-widget-spacer\" data-id=\"e15d3b4\" data-element_type=\"widget\" data-e-type=\"widget\" data-widget_type=\"spacer.default\">\n\t\t\t\t\t\t\t<div class=\"elementor-spacer\">\n\t\t\t<div class=\"elementor-spacer-inner\"><\/div>\n\t\t<\/div>\n\t\t\t\t\t\t<\/div>\n\t\t\t\t<div class=\"elementor-element elementor-element-2ceecef elementor-widget elementor-widget-image\" data-id=\"2ceecef\" data-element_type=\"widget\" data-e-type=\"widget\" data-widget_type=\"image.default\">\n\t\t\t\t\t\t\t\t\t\t\t\t\t\t\t<img fetchpriority=\"high\" decoding=\"async\" width=\"768\" height=\"636\" src=\"https:\/\/www.estudidelmoble.com\/wp-content\/uploads\/2026\/04\/sud-web-768x636.png\" class=\"attachment-medium_large size-medium_large wp-image-75178\" alt=\"\" srcset=\"https:\/\/www.estudidelmoble.com\/wp-content\/uploads\/2026\/04\/sud-web-768x636.png 768w, https:\/\/www.estudidelmoble.com\/wp-content\/uploads\/2026\/04\/sud-web-300x249.png 300w, https:\/\/www.estudidelmoble.com\/wp-content\/uploads\/2026\/04\/sud-web-600x497.png 600w, https:\/\/www.estudidelmoble.com\/wp-content\/uploads\/2026\/04\/sud-web.png 799w\" sizes=\"(max-width: 768px) 100vw, 768px\" \/>\t\t\t\t\t\t\t\t\t\t\t\t\t\t\t<\/div>\n\t\t\t\t<section class=\"elementor-section elementor-inner-section elementor-element elementor-element-58761c9 elementor-section-boxed elementor-section-height-default elementor-section-height-default\" data-id=\"58761c9\" data-element_type=\"section\" data-e-type=\"section\">\n\t\t\t\t\t\t<div class=\"elementor-container elementor-column-gap-default\">\n\t\t\t\t\t<div class=\"elementor-column elementor-col-100 elementor-inner-column elementor-element elementor-element-7a3b152\" data-id=\"7a3b152\" data-element_type=\"column\" data-e-type=\"column\">\n\t\t\t<div class=\"elementor-widget-wrap elementor-element-populated\">\n\t\t\t\t\t\t<div class=\"elementor-element elementor-element-b8cb113 elementor-widget elementor-widget-text-editor\" data-id=\"b8cb113\" data-element_type=\"widget\" data-e-type=\"widget\" data-widget_type=\"text-editor.default\">\n\t\t\t\t\t\t\t\t\t<p>Cap Moderne. Cr\u00e9ditos: Benjamin Gavaudo &#8211; CMN<\/p>\n\t\t\t\t\t\t\t\t<\/div>\n\t\t\t\t\t<\/div>\n\t\t<\/div>\n\t\t\t\t\t<\/div>\n\t\t<\/section>\n\t\t\t\t\t<\/div>\n\t\t<\/div>\n\t\t\t\t\t<\/div>\n\t\t<\/section>\n\t\t\t\t<section class=\"elementor-section elementor-top-section elementor-element elementor-element-6d3269d elementor-section-boxed elementor-section-height-default elementor-section-height-default\" data-id=\"6d3269d\" data-element_type=\"section\" data-e-type=\"section\">\n\t\t\t\t\t\t<div class=\"elementor-container elementor-column-gap-default\">\n\t\t\t\t\t<div class=\"elementor-column elementor-col-100 elementor-top-column elementor-element elementor-element-bc160a3\" data-id=\"bc160a3\" data-element_type=\"column\" data-e-type=\"column\">\n\t\t\t<div class=\"elementor-widget-wrap elementor-element-populated\">\n\t\t\t\t\t\t<div class=\"elementor-element elementor-element-ee3cb1f elementor-widget elementor-widget-text-editor\" data-id=\"ee3cb1f\" data-element_type=\"widget\" data-e-type=\"widget\" data-widget_type=\"text-editor.default\">\n\t\t\t\t\t\t\t\t\t<p>El sur de Francia, por su luz y sus paisajes mediterr\u00e1neos, ha sido hist\u00f3ricamente un punto de referencia y de encuentro para los grandes arquitectos y artistas del siglo XX. Figuras de la talla de Le Corbusier, Josep Llu\u00eds Sert, Mir\u00f3, Chagall o Giacometti, entre otros artistas, han dejado su huella en Marsella, Saint-Paul-de-Vence, Niza o Cap Martin.<\/p>\n<p>De la mano de Paolo Sustersic, arquitecto PhD, conoceremos de cerca este patrimonio y observaremos c\u00f3mo Marsella ha vivido una evoluci\u00f3n arquitect\u00f3nica constante desde la Antig\u00fcedad, pasando por el hito de la Unit\u00e9 d\u2019Habitation, hasta culminar hoy en una verdadera explosi\u00f3n de arquitectura contempor\u00e1nea, especialmente visible en su frente mar\u00edtimo y en el puerto.<\/p>\n<p>En Cap Moderne veremos que la Villa E-1027 es un manifiesto de innovaci\u00f3n y una obra de arte integral donde arquitectura y dise\u00f1o se entrelazan \u00edntimamente, en una sutil fusi\u00f3n de modernidad, confort y elegancia. Esta condici\u00f3n se hace especialmente evidente en el hecho de que el mobiliario fue concebido de forma integral con la arquitectura, pensado como parte esencial del espacio y no como un a\u00f1adido, priorizando siempre la comodidad y el uso eficiente de cada rinc\u00f3n de la casa. En el mismo conjunto, el Cabanon de Le Corbusier nos permitir\u00e1 observar la aplicaci\u00f3n del m\u00e9todo Modulor, un sistema de proporciones humanas que gu\u00eda la concepci\u00f3n del espacio y de los elementos interiores.<\/p>\n<p>Nos acercaremos a la arquitectura de la Fondation Maeght, dise\u00f1ada por el arquitecto catal\u00e1n Josep Llu\u00eds Sert, inaugurada en 1964; una obra maestra del siglo XX por su capacidad de fusionar el arte, la naturaleza y la construcci\u00f3n mediterr\u00e1nea. Un viaje para entender la arquitectura del siglo XX creada en estos espacios.<\/p>\n\t\t\t\t\t\t\t\t<\/div>\n\t\t\t\t<div class=\"elementor-element elementor-element-4650cb5 elementor-widget elementor-widget-heading\" data-id=\"4650cb5\" data-element_type=\"widget\" data-e-type=\"widget\" data-widget_type=\"heading.default\">\n\t\t\t\t\t<h3 class=\"elementor-heading-title elementor-size-default\">La Cit\u00e9 Radieuse (L'Unit\u00e9 d'Habitation)<\/h3>\t\t\t\t<\/div>\n\t\t\t\t<div class=\"elementor-element elementor-element-7126e87 elementor-widget elementor-widget-text-editor\" data-id=\"7126e87\" data-element_type=\"widget\" data-e-type=\"widget\" data-widget_type=\"text-editor.default\">\n\t\t\t\t\t\t\t\t\t<p>Declarada Patrimonio de la Humanidad por la UNESCO, la Unit\u00e9 d\u2019Habitation de Marsella es el hito fundacional del brutalismo y el gran manifiesto de la vivienda colectiva moderna. Construida entre 1947 y 1952 bajo la visi\u00f3n de Le Corbusier, el edificio se eleva sobre imponentes pilotis para liberar el suelo, concibi\u00e9ndose como una \u201cciudad vertical\u201d y un laboratorio social autosuficiente. Este ecosistema \u00fanico integra 337 apartamentos y servicios singulares como calles comerciales, un hotel y el c\u00e9lebre restaurante Le Ventre de l\u2019Architecte, buscando la armon\u00eda perfecta entre la intimidad individual y la vida en comunidad.<\/p>\n<p>La experiencia culmina con la visita al apartamento declarado Monumento Hist\u00f3rico, donde la precisi\u00f3n del sistema Modulor armoniza el espacio con las proporciones humanas. Aqu\u00ed, el dise\u00f1o del mobiliario y el interiorismo cobran un protagonismo absoluto: las cocinas-laboratorio y las estanter\u00edas funcionales, que sustituyen los tabiques tradicionales, demuestran que para Le Corbusier la arquitectura y las artes aplicadas eran un todo indisociable. Finalmente, la cubierta-jard\u00edn nos ofrece una terraza de convivencia donde el hormig\u00f3n en bruto alcanza su m\u00e1xima potencia geom\u00e9trica, albergando la piscina y el centro de arte MaMo en un espacio que recupera la naturaleza desde las alturas.<\/p>\n\t\t\t\t\t\t\t\t<\/div>\n\t\t\t\t<div class=\"elementor-element elementor-element-01ca9fd elementor-widget elementor-widget-heading\" data-id=\"01ca9fd\" data-element_type=\"widget\" data-e-type=\"widget\" data-widget_type=\"heading.default\">\n\t\t\t\t\t<h3 class=\"elementor-heading-title elementor-size-default\">Cap Moderne<\/h3>\t\t\t\t<\/div>\n\t\t\t\t<div class=\"elementor-element elementor-element-5be0b43 elementor-widget elementor-widget-text-editor\" data-id=\"5be0b43\" data-element_type=\"widget\" data-e-type=\"widget\" data-widget_type=\"text-editor.default\">\n\t\t\t\t\t\t\t\t\t<p>El enclave de Roquebrune-Cap-Martin atesora un conjunto de monumentos vanguardistas que hoy se consideran un aut\u00e9ntico laboratorio de las nuevas formas de vida mediterr\u00e1nea. La pieza central de este escenario es la Villa E-1027, proyectada por Eileen Gray y Jean Badovici en 1929 como un manifiesto de la vivienda moderna y una respuesta humanista a la rigidez del funcionalismo industrial. Concebida como una \u201cobra de arte total\u201d donde la arquitectura y el dise\u00f1o se entrelazan \u00edntimamente, la villa destaca por un mobiliario compacto e ingenioso que evoca la vida a bordo de un barco, ofreciendo detalles de una elegancia y confort inauditos para su \u00e9poca.<\/p>\n<p>En un marcado contraste formal, pero compartiendo la misma b\u00fasqueda de lo esencial, el conjunto acoge Le Cabanon de Le Corbusier, el arquetipo de la c\u00e9lula m\u00ednima habitable. Esta estructura de madera de solo 15 m\u00b2 demuestra c\u00f3mo todo un programa de vida puede encajarse en un espacio basado en la ergonom\u00eda absoluta y las medidas del Modulor. Es el lujo de la simplicidad: una zona de descanso, trabajo y aseo enriquecida visualmente con murales pintados por el propio arquitecto. Esta experiencia de modernidad radical se completa con l\u2019\u00c9toile de Mer y las Unidades de Camping, ejemplos singulares de funcionalismo que se integran en el paisaje para ofrecer una nueva dimensi\u00f3n del descanso frente al Mediterr\u00e1neo.<\/p>\n\t\t\t\t\t\t\t\t<\/div>\n\t\t\t\t<div class=\"elementor-element elementor-element-621c3e2 elementor-widget elementor-widget-heading\" data-id=\"621c3e2\" data-element_type=\"widget\" data-e-type=\"widget\" data-widget_type=\"heading.default\">\n\t\t\t\t\t<h3 class=\"elementor-heading-title elementor-size-default\">La Fundaci\u00f3 Maeght (Josep Llu\u00eds Sert, 1964)<\/h3>\t\t\t\t<\/div>\n\t\t\t\t<div class=\"elementor-element elementor-element-7272697 elementor-widget elementor-widget-text-editor\" data-id=\"7272697\" data-element_type=\"widget\" data-e-type=\"widget\" data-widget_type=\"text-editor.default\">\n\t\t\t\t\t\t\t\t\t<p>Considerada una de las obras maestras de la arquitectura del siglo XX, la Fundaci\u00f3n Maeght se alza como un s\u00edmbolo de la fusi\u00f3n perfecta entre el arte, la naturaleza y la tradici\u00f3n constructiva mediterr\u00e1nea. Josep Llu\u00eds Sert evit\u00f3 el concepto de museo tradicional para dise\u00f1ar un conjunto que funciona como un peque\u00f1o poblado, articulado a trav\u00e9s de patios y jardines donde se utilizaron 300.000 ladrillos de arena rosa hechos a mano. Uno de los elementos m\u00e1s ic\u00f3nicos del proyecto es su innovaci\u00f3n en el tratamiento de la luz: las famosas \u201cvelas\u201d de hormig\u00f3n blanco de la cubierta que funcionan como impluvios para recoger el agua de lluvia que alimenta los estanques del entorno.<\/p>\n<p>El espacio es el resultado de una integraci\u00f3n art\u00edstica total, donde los creadores trabajaron codo con codo con el arquitecto para que las obras formaran parte de la misma estructura. Ejemplos de este di\u00e1logo son el Laberinto de Mir\u00f3, donde la cer\u00e1mica, el hierro y el hormig\u00f3n se entrelazan con la vegetaci\u00f3n, o el Patio Giacometti, un espacio dise\u00f1ado con las proporciones id\u00f3neas para acoger sus esculturas alargadas, como el ic\u00f3nico Hombre que camina.<\/p>\n<p>Esta simbiosis contin\u00faa en la Capilla de San Bernardo, que alberga vitrales de Georges Braque y un V\u00eda Crucis de Raoul Ubac, creando una atm\u00f3sfera de recogimiento donde la arquitectura se pone al servicio de la espiritualidad art\u00edstica. Este legado se ha completado recientemente con la ampliaci\u00f3n de 2024, unas nuevas galer\u00edas subterr\u00e1neas dise\u00f1adas por Silvio d\u2019Ascia que permiten ganar espacio expositivo.<\/p>\n\t\t\t\t\t\t\t\t<\/div>\n\t\t\t\t<div class=\"elementor-element elementor-element-ce46e8f elementor-widget elementor-widget-heading\" data-id=\"ce46e8f\" data-element_type=\"widget\" data-e-type=\"widget\" data-widget_type=\"heading.default\">\n\t\t\t\t\t<h3 class=\"elementor-heading-title elementor-size-default\">Ni\u00e7a<\/h3>\t\t\t\t<\/div>\n\t\t\t\t<div class=\"elementor-element elementor-element-19ec7d6 elementor-widget elementor-widget-text-editor\" data-id=\"19ec7d6\" data-element_type=\"widget\" data-e-type=\"widget\" data-widget_type=\"text-editor.default\">\n\t\t\t\t\t\t\t\t\t<p>La arquitectura de Niza, reconocida como Patrimonio Mundial de la UNESCO, nos ofrece un testimonio excepcional de un pasado suntuoso donde conviven diversas capas hist\u00f3ricas. Realizaremos un recorrido por la ciudad para analizar esta fusi\u00f3n \u00fanica de influencias italianas, barrocas y de la Belle \u00c9poque, que dotan a la capital de la Costa Azul de una identidad inconfundible.<\/p>\n<p>El recorrido nos permitir\u00e1 contrastar el tejido urbano del Vieux Nice, con sus vibrantes fachadas coloridas y callejuelas estrechas, con la majestuosidad del Promenade des Anglais, el ic\u00f3nico paseo mar\u00edtimo donde la elegancia mediterr\u00e1nea alcanza su m\u00e1xima expresi\u00f3n.<\/p>\n<p>Este paseo arquitect\u00f3nico pondr\u00e1 el foco en c\u00f3mo los grandes palacios y villas del siglo XIX, s\u00edmbolos de una \u00e9poca de lujo y refinamiento, conviven armoniosamente con el discurso de una ciudad moderna y cosmopolita. Observaremos c\u00f3mo el estilo suntuoso de la arquitectura hist\u00f3rica de vacaciones se ha preservado para dialogar con las estructuras contempor\u00e1neas, consolidando Niza como un ejemplo fascinante de evoluci\u00f3n urbana donde mar y construcci\u00f3n se encuentran en equilibrio .<\/p>\n\t\t\t\t\t\t\t\t<\/div>\n\t\t\t\t\t<\/div>\n\t\t<\/div>\n\t\t\t\t\t<\/div>\n\t\t<\/section>\n\t\t\t\t<section class=\"elementor-section elementor-top-section elementor-element elementor-element-8f233cd elementor-section-boxed elementor-section-height-default elementor-section-height-default\" data-id=\"8f233cd\" data-element_type=\"section\" data-e-type=\"section\">\n\t\t\t\t\t\t<div class=\"elementor-container elementor-column-gap-default\">\n\t\t\t\t\t<div class=\"elementor-column elementor-col-100 elementor-top-column elementor-element elementor-element-1346c16\" data-id=\"1346c16\" data-element_type=\"column\" data-e-type=\"column\">\n\t\t\t<div class=\"elementor-widget-wrap elementor-element-populated\">\n\t\t\t\t\t\t<div class=\"elementor-element elementor-element-eb64a0e elementor-arrows-position-inside elementor-pagination-position-outside elementor-widget elementor-widget-image-carousel\" data-id=\"eb64a0e\" data-element_type=\"widget\" data-e-type=\"widget\" data-settings=\"{&quot;slides_to_show&quot;:&quot;3&quot;,&quot;navigation&quot;:&quot;both&quot;,&quot;autoplay&quot;:&quot;yes&quot;,&quot;pause_on_hover&quot;:&quot;yes&quot;,&quot;pause_on_interaction&quot;:&quot;yes&quot;,&quot;autoplay_speed&quot;:5000,&quot;infinite&quot;:&quot;yes&quot;,&quot;speed&quot;:500,&quot;image_spacing_custom&quot;:{&quot;unit&quot;:&quot;px&quot;,&quot;size&quot;:20,&quot;sizes&quot;:[]},&quot;image_spacing_custom_tablet&quot;:{&quot;unit&quot;:&quot;px&quot;,&quot;size&quot;:&quot;&quot;,&quot;sizes&quot;:[]},&quot;image_spacing_custom_mobile&quot;:{&quot;unit&quot;:&quot;px&quot;,&quot;size&quot;:&quot;&quot;,&quot;sizes&quot;:[]}}\" data-widget_type=\"image-carousel.default\">\n\t\t\t\t\t\t\t<div class=\"elementor-image-carousel-wrapper swiper\" role=\"region\" aria-roledescription=\"carousel\" aria-label=\"Carrusel d&#039;imatges\" dir=\"ltr\">\n\t\t\t<div class=\"elementor-image-carousel swiper-wrapper\" aria-live=\"off\">\n\t\t\t\t\t\t\t\t<div class=\"swiper-slide\" role=\"group\" aria-roledescription=\"slide\" aria-label=\"1 de 10\"><figure class=\"swiper-slide-inner\"><img decoding=\"async\" class=\"swiper-slide-image\" src=\"https:\/\/www.estudidelmoble.com\/wp-content\/uploads\/2026\/04\/2021_E1027_EG_03911\u00a9ManuelBougot.jpg\" alt=\"2021_E1027_EG_03911\u00a9ManuelBougot\" \/><\/figure><\/div><div class=\"swiper-slide\" role=\"group\" aria-roledescription=\"slide\" aria-label=\"2 de 10\"><figure class=\"swiper-slide-inner\"><img decoding=\"async\" class=\"swiper-slide-image\" src=\"https:\/\/www.estudidelmoble.com\/wp-content\/uploads\/2026\/04\/Captura-de-pantalla-2026-04-24-133723.png\" alt=\"Captura de pantalla 2026-04-24 133723\" \/><\/figure><\/div><div class=\"swiper-slide\" role=\"group\" aria-roledescription=\"slide\" aria-label=\"3 de 10\"><figure class=\"swiper-slide-inner\"><img decoding=\"async\" class=\"swiper-slide-image\" src=\"https:\/\/www.estudidelmoble.com\/wp-content\/uploads\/2026\/04\/Captura-de-pantalla-2026-04-24-125625-768x589.png\" alt=\"Captura de pantalla 2026-04-24 125625\" \/><\/figure><\/div><div class=\"swiper-slide\" role=\"group\" aria-roledescription=\"slide\" aria-label=\"4 de 10\"><figure class=\"swiper-slide-inner\"><img decoding=\"async\" class=\"swiper-slide-image\" src=\"https:\/\/www.estudidelmoble.com\/wp-content\/uploads\/2026\/04\/33452838586_78c858f351_b-768x512.jpg\" alt=\"33452838586_78c858f351_b\" \/><\/figure><\/div><div class=\"swiper-slide\" role=\"group\" aria-roledescription=\"slide\" aria-label=\"5 de 10\"><figure class=\"swiper-slide-inner\"><img decoding=\"async\" class=\"swiper-slide-image\" src=\"https:\/\/www.estudidelmoble.com\/wp-content\/uploads\/2026\/04\/descarga-1.jpg\" alt=\"descarga (1)\" \/><\/figure><\/div><div class=\"swiper-slide\" role=\"group\" aria-roledescription=\"slide\" aria-label=\"6 de 10\"><figure class=\"swiper-slide-inner\"><img decoding=\"async\" class=\"swiper-slide-image\" src=\"https:\/\/www.estudidelmoble.com\/wp-content\/uploads\/2026\/04\/photo-13-cabanon-de-le-corbusier.jpg\" alt=\"photo-13-cabanon-de-le-corbusier\" \/><\/figure><\/div><div class=\"swiper-slide\" role=\"group\" aria-roledescription=\"slide\" aria-label=\"7 de 10\"><figure class=\"swiper-slide-inner\"><img decoding=\"async\" class=\"swiper-slide-image\" src=\"https:\/\/www.estudidelmoble.com\/wp-content\/uploads\/2026\/04\/images-10.jpg\" alt=\"images (10)\" \/><\/figure><\/div><div class=\"swiper-slide\" role=\"group\" aria-roledescription=\"slide\" aria-label=\"8 de 10\"><figure class=\"swiper-slide-inner\"><img decoding=\"async\" class=\"swiper-slide-image\" src=\"https:\/\/www.estudidelmoble.com\/wp-content\/uploads\/2026\/04\/NCE2-118-\u00a9-Antoine-Duhamel-Photography.jpg\" alt=\"AS.Architecture-Studio \u2022 Palazzo Meridia, Nice\" \/><\/figure><\/div><div class=\"swiper-slide\" role=\"group\" aria-roledescription=\"slide\" aria-label=\"9 de 10\"><figure class=\"swiper-slide-inner\"><img decoding=\"async\" class=\"swiper-slide-image\" src=\"https:\/\/www.estudidelmoble.com\/wp-content\/uploads\/2026\/04\/bienvenue-a-la-fondation-768x513.jpg\" alt=\"bienvenue-a-la-fondation\" \/><\/figure><\/div><div class=\"swiper-slide\" role=\"group\" aria-roledescription=\"slide\" aria-label=\"10 de 10\"><figure class=\"swiper-slide-inner\"><img decoding=\"async\" class=\"swiper-slide-image\" src=\"https:\/\/www.estudidelmoble.com\/wp-content\/uploads\/2026\/04\/realisations-unite-dhabitation-marseille-france-1945-1-768x513.jpg\" alt=\"realisations-unite-dhabitation-marseille-france-1945-1\" \/><\/figure><\/div>\t\t\t<\/div>\n\t\t\t\t\t\t\t\t\t\t\t\t<div class=\"elementor-swiper-button elementor-swiper-button-prev\" role=\"button\" tabindex=\"0\">\n\t\t\t\t\t\t<svg aria-hidden=\"true\" class=\"e-font-icon-svg e-eicon-chevron-left\" viewBox=\"0 0 1000 1000\" xmlns=\"http:\/\/www.w3.org\/2000\/svg\"><path d=\"M646 125C629 125 613 133 604 142L308 442C296 454 292 471 292 487 292 504 296 521 308 533L604 854C617 867 629 875 646 875 663 875 679 871 692 858 704 846 713 829 713 812 713 796 708 779 692 767L438 487 692 225C700 217 708 204 708 187 708 171 704 154 692 142 675 129 663 125 646 125Z\"><\/path><\/svg>\t\t\t\t\t<\/div>\n\t\t\t\t\t<div class=\"elementor-swiper-button elementor-swiper-button-next\" role=\"button\" tabindex=\"0\">\n\t\t\t\t\t\t<svg aria-hidden=\"true\" class=\"e-font-icon-svg e-eicon-chevron-right\" viewBox=\"0 0 1000 1000\" xmlns=\"http:\/\/www.w3.org\/2000\/svg\"><path d=\"M696 533C708 521 713 504 713 487 713 471 708 454 696 446L400 146C388 133 375 125 354 125 338 125 325 129 313 142 300 154 292 171 292 187 292 204 296 221 308 233L563 492 304 771C292 783 288 800 288 817 288 833 296 850 308 863 321 871 338 875 354 875 371 875 388 867 400 854L696 533Z\"><\/path><\/svg>\t\t\t\t\t<\/div>\n\t\t\t\t\n\t\t\t\t\t\t\t\t\t<div class=\"swiper-pagination\"><\/div>\n\t\t\t\t\t\t\t\t\t<\/div>\n\t\t\t\t\t\t<\/div>\n\t\t\t\t\t<\/div>\n\t\t<\/div>\n\t\t\t\t\t<\/div>\n\t\t<\/section>\n\t\t\t\t<section class=\"elementor-section elementor-top-section elementor-element elementor-element-256a220 elementor-section-boxed elementor-section-height-default elementor-section-height-default\" data-id=\"256a220\" data-element_type=\"section\" data-e-type=\"section\">\n\t\t\t\t\t\t<div class=\"elementor-container elementor-column-gap-default\">\n\t\t\t\t\t<div class=\"elementor-column elementor-col-100 elementor-top-column elementor-element elementor-element-3044c68\" data-id=\"3044c68\" data-element_type=\"column\" data-e-type=\"column\" data-settings=\"{&quot;background_background&quot;:&quot;classic&quot;}\">\n\t\t\t<div class=\"elementor-widget-wrap elementor-element-populated\">\n\t\t\t\t\t\t<div class=\"elementor-element elementor-element-22179f6 elementor-view-framed elementor-position-inline-start elementor-shape-circle elementor-mobile-position-block-start elementor-widget elementor-widget-icon-box\" data-id=\"22179f6\" data-element_type=\"widget\" data-e-type=\"widget\" data-widget_type=\"icon-box.default\">\n\t\t\t\t\t\t\t<div class=\"elementor-icon-box-wrapper\">\n\n\t\t\t\t\t\t<div class=\"elementor-icon-box-icon\">\n\t\t\t\t<a href=\"https:\/\/www.estudidelmoble.com\/wp-content\/uploads\/2026\/04\/Programa-Viatge-Sud-de-Franca-2026-CAT-1.pdf\" target=\"_blank\" class=\"elementor-icon\" tabindex=\"-1\" aria-label=\"Descarrega programa catal\u00e0 (PDF)\">\n\t\t\t\t<svg aria-hidden=\"true\" class=\"e-font-icon-svg e-fas-file-download\" viewBox=\"0 0 384 512\" xmlns=\"http:\/\/www.w3.org\/2000\/svg\"><path d=\"M224 136V0H24C10.7 0 0 10.7 0 24v464c0 13.3 10.7 24 24 24h336c13.3 0 24-10.7 24-24V160H248c-13.2 0-24-10.8-24-24zm76.45 211.36l-96.42 95.7c-6.65 6.61-17.39 6.61-24.04 0l-96.42-95.7C73.42 337.29 80.54 320 94.82 320H160v-80c0-8.84 7.16-16 16-16h32c8.84 0 16 7.16 16 16v80h65.18c14.28 0 21.4 17.29 11.27 27.36zM377 105L279.1 7c-4.5-4.5-10.6-7-17-7H256v128h128v-6.1c0-6.3-2.5-12.4-7-16.9z\"><\/path><\/svg>\t\t\t\t<\/a>\n\t\t\t<\/div>\n\t\t\t\n\t\t\t\t\t\t<div class=\"elementor-icon-box-content\">\n\n\t\t\t\t\t\t\t\t\t<p class=\"elementor-icon-box-title\">\n\t\t\t\t\t\t<a href=\"https:\/\/www.estudidelmoble.com\/wp-content\/uploads\/2026\/04\/Programa-Viatge-Sud-de-Franca-2026-CAT-1.pdf\" target=\"_blank\">\n\t\t\t\t\t\t\tDescarrega programa catal\u00e0 (PDF)\t\t\t\t\t\t<\/a>\n\t\t\t\t\t<\/p>\n\t\t\t\t\n\t\t\t\t\n\t\t\t<\/div>\n\t\t\t\n\t\t<\/div>\n\t\t\t\t\t\t<\/div>\n\t\t\t\t<div class=\"elementor-element elementor-element-c51abfa elementor-view-framed elementor-position-inline-start elementor-shape-circle elementor-mobile-position-block-start elementor-widget elementor-widget-icon-box\" data-id=\"c51abfa\" data-element_type=\"widget\" data-e-type=\"widget\" data-widget_type=\"icon-box.default\">\n\t\t\t\t\t\t\t<div class=\"elementor-icon-box-wrapper\">\n\n\t\t\t\t\t\t<div class=\"elementor-icon-box-icon\">\n\t\t\t\t<a href=\"https:\/\/www.estudidelmoble.com\/wp-content\/uploads\/2026\/04\/Programa-Viaje-Sur-de-Francia-2026-CAST.pdf\" target=\"_blank\" class=\"elementor-icon\" tabindex=\"-1\" aria-label=\"Descarga programa castellano (PDF)\">\n\t\t\t\t<svg aria-hidden=\"true\" class=\"e-font-icon-svg e-fas-file-download\" viewBox=\"0 0 384 512\" xmlns=\"http:\/\/www.w3.org\/2000\/svg\"><path d=\"M224 136V0H24C10.7 0 0 10.7 0 24v464c0 13.3 10.7 24 24 24h336c13.3 0 24-10.7 24-24V160H248c-13.2 0-24-10.8-24-24zm76.45 211.36l-96.42 95.7c-6.65 6.61-17.39 6.61-24.04 0l-96.42-95.7C73.42 337.29 80.54 320 94.82 320H160v-80c0-8.84 7.16-16 16-16h32c8.84 0 16 7.16 16 16v80h65.18c14.28 0 21.4 17.29 11.27 27.36zM377 105L279.1 7c-4.5-4.5-10.6-7-17-7H256v128h128v-6.1c0-6.3-2.5-12.4-7-16.9z\"><\/path><\/svg>\t\t\t\t<\/a>\n\t\t\t<\/div>\n\t\t\t\n\t\t\t\t\t\t<div class=\"elementor-icon-box-content\">\n\n\t\t\t\t\t\t\t\t\t<p class=\"elementor-icon-box-title\">\n\t\t\t\t\t\t<a href=\"https:\/\/www.estudidelmoble.com\/wp-content\/uploads\/2026\/04\/Programa-Viaje-Sur-de-Francia-2026-CAST.pdf\" target=\"_blank\">\n\t\t\t\t\t\t\tDescarga programa castellano (PDF)\t\t\t\t\t\t<\/a>\n\t\t\t\t\t<\/p>\n\t\t\t\t\n\t\t\t\t\n\t\t\t<\/div>\n\t\t\t\n\t\t<\/div>\n\t\t\t\t\t\t<\/div>\n\t\t\t\t\t<\/div>\n\t\t<\/div>\n\t\t\t\t\t<\/div>\n\t\t<\/section>\n\t\t\t\t<section class=\"elementor-section elementor-top-section elementor-element elementor-element-df3d149 elementor-section-content-middle elementor-section-boxed elementor-section-height-default elementor-section-height-default\" data-id=\"df3d149\" data-element_type=\"section\" data-e-type=\"section\">\n\t\t\t\t\t\t<div class=\"elementor-container elementor-column-gap-default\">\n\t\t\t\t\t<div class=\"elementor-column elementor-col-100 elementor-top-column elementor-element elementor-element-14024a1d\" data-id=\"14024a1d\" data-element_type=\"column\" data-e-type=\"column\">\n\t\t\t<div class=\"elementor-widget-wrap elementor-element-populated\">\n\t\t\t\t\t\t<div class=\"elementor-element elementor-element-12197ff elementor-widget elementor-widget-read-more\" data-id=\"12197ff\" data-element_type=\"widget\" data-e-type=\"widget\" data-widget_type=\"read-more.default\">\n\t\t\t\t\t<\/div><\/div><\/div><\/div><\/section><\/div> <a href=\"https:\/\/www.estudidelmoble.com\/es\/viaje-sur-de-francia\/#more-75190\" class=\"more-link elementor-more-link\"><span aria-label=\"Sigue leyendo Viaje Sur de Francia\">Contin\u00faa leyendo<\/span><\/a>","protected":false},"excerpt":{"rendered":"<p>A Mantova i Parma descobrirem alguns dels grans tresors del Renaixement itali\u00e0, visitarem espais \u00fanics com el Teatro Farnese i la Camera degli Sposi, i ens endinsarem en la vitalitat art\u00edstica i mobl\u00edstica de Mercanteinfiera.<\/p>\n","protected":false},"author":935,"featured_media":75189,"comment_status":"closed","ping_status":"closed","sticky":false,"template":"","format":"standard","meta":{"_acf_changed":false,"footnotes":""},"categories":[295],"tags":[312,1100,407,408,1179,1124],"class_list":["post-75190","post","type-post","status-publish","format-standard","has-post-thumbnail","hentry","category-viajes","tag-arquitectura-es","tag-museos-es","tag-s-xvi-es","tag-s-xvii-es","tag-viajes","tag-visitas"],"acf":[],"_links":{"self":[{"href":"https:\/\/www.estudidelmoble.com\/es\/wp-json\/wp\/v2\/posts\/75190","targetHints":{"allow":["GET"]}}],"collection":[{"href":"https:\/\/www.estudidelmoble.com\/es\/wp-json\/wp\/v2\/posts"}],"about":[{"href":"https:\/\/www.estudidelmoble.com\/es\/wp-json\/wp\/v2\/types\/post"}],"author":[{"embeddable":true,"href":"https:\/\/www.estudidelmoble.com\/es\/wp-json\/wp\/v2\/users\/935"}],"replies":[{"embeddable":true,"href":"https:\/\/www.estudidelmoble.com\/es\/wp-json\/wp\/v2\/comments?post=75190"}],"version-history":[{"count":3,"href":"https:\/\/www.estudidelmoble.com\/es\/wp-json\/wp\/v2\/posts\/75190\/revisions"}],"predecessor-version":[{"id":75200,"href":"https:\/\/www.estudidelmoble.com\/es\/wp-json\/wp\/v2\/posts\/75190\/revisions\/75200"}],"wp:featuredmedia":[{"embeddable":true,"href":"https:\/\/www.estudidelmoble.com\/es\/wp-json\/wp\/v2\/media\/75189"}],"wp:attachment":[{"href":"https:\/\/www.estudidelmoble.com\/es\/wp-json\/wp\/v2\/media?parent=75190"}],"wp:term":[{"taxonomy":"category","embeddable":true,"href":"https:\/\/www.estudidelmoble.com\/es\/wp-json\/wp\/v2\/categories?post=75190"},{"taxonomy":"post_tag","embeddable":true,"href":"https:\/\/www.estudidelmoble.com\/es\/wp-json\/wp\/v2\/tags?post=75190"}],"curies":[{"name":"wp","href":"https:\/\/api.w.org\/{rel}","templated":true}]}}